{"id":202,"date":"2018-06-18T06:50:38","date_gmt":"2018-06-18T06:50:38","guid":{"rendered":"https:\/\/wp.tagesfamilien-aaa.ch\/?p=202"},"modified":"2023-09-28T16:56:16","modified_gmt":"2023-09-28T14:56:16","slug":"newsletter_2018_1","status":"publish","type":"post","link":"https:\/\/www.tagesfamilien-aaa.ch\/index.php\/2018\/06\/18\/newsletter_2018_1\/","title":{"rendered":"Newsletter Nr. 1 \/ 2018"},"content":{"rendered":"<p><div class=\"fusion-fullwidth fullwidth-box fusion-builder-row-1 hundred-percent-fullwidth non-hundred-percent-height-scrolling\" style=\"--awb-border-radius-top-left:0px;--awb-border-radius-top-right:0px;--awb-border-radius-bottom-right:0px;--awb-border-radius-bottom-left:0px;--awb-padding-top:0px;--awb-padding-right:0px;--awb-padding-bottom:0px;--awb-padding-left:0px;--awb-margin-top:0px;--awb-flex-wrap:wrap;\" ><div class=\"fusion-builder-row fusion-row\"><div class=\"fusion-layout-column fusion_builder_column fusion-builder-column-0 fusion_builder_column_1_1 1_1 fusion-one-full fusion-column-first fusion-column-last\" style=\"--awb-bg-size:cover;--awb-margin-top:-60px;\"><div class=\"fusion-column-wrapper fusion-flex-column-wrapper-legacy\">\t\t\t\t\t<div class=\"fusion-slider-container fusion-slider-sc-tfba_newsletter fusion-slider-48 full-width-slider\" style=\"height:300px; max-width:100%;\" data-id=\"48\" data-full_height=\"\">\n\t\t\t\t\t\t<style type=\"text\/css\">.fusion-slider-48 .flex-direction-nav a {width:63px;height:63px;line-height:63px;font-size:25px;}<\/style>\t\t\t\t\t\t<div class=\"fusion-slider-loading\">Laden...<\/div>\n\t\t\t\t\t\t<div class=\"tfs-slider flexslider main-flex full-width-slider\" data-slider_width=\"100%\" data-slider_height=\"300px\" data-full_screen=\"0\" data-parallax=\"0\" data-nav_arrows=\"0\" data-nav_box_width=\"63px\" data-nav_box_height=\"63px\" data-nav_arrow_size=\"25px\" data-autoplay=\"1\" data-loop=\"1\" data-orderby=\"modified\" data-order=\"DESC\" data-animation=\"slide\" data-slideshow_speed=\"4000\" data-animation_speed=\"1000\" data-typo_sensitivity=\"1\" data-typo_factor=\"1.5\" style=\"max-width:100%;\">\n\t\t\t\t\t\t\t<ul class=\"slides\">\n\t\t\t\t\t\t\t\t\t\t\t\t\t\t\t\t\t<li data-mute=\"yes\" data-loop=\"yes\" data-autoplay=\"yes\">\n\t\t\t\t\t\t\t\t\t\t<div class=\"slide-content-container slide-content-center\" style=\"display: none;\">\n\t\t\t\t\t\t\t\t\t\t\t<div class=\"slide-content\" style=\"\">\n\t\t\t\t\t\t\t\t\t\t\t\t\t\t\t\t\t\t\t\t\t\t\t\t\t<div class=\"heading \">\n\t\t\t\t\t\t\t\t\t\t\t\t\t\t<div class=\"fusion-title-sc-wrapper\" style=\"\">\n\t\t\t\t\t\t\t\t\t\t\t\t\t\t\t<div class=\"fusion-title title fusion-title-1 fusion-sep-none fusion-title-center fusion-title-text fusion-title-size-three\" style=\"--awb-text-color:#ffffff;--awb-sep-color:#ffffff;--awb-font-size:60px;\"><h3 class=\"fusion-title-heading title-heading-center fusion-responsive-typography-calculated\" style=\"margin:0;font-size:1em;--fontSize:60;line-height:1.33;\">Newsletter<\/h3><\/div>\t\t\t\t\t\t\t\t\t\t\t\t\t\t<\/div>\n\t\t\t\t\t\t\t\t\t\t\t\t\t<\/div>\n\t\t\t\t\t\t\t\t\t\t\t\t\t\t\t\t\t\t\t\t\t\t\t\t\t\t\t\t\t\t\t\t\t\t\t\t\t\t\t\t\t\t\t\t\t\t\t<\/div>\n\t\t\t\t\t\t\t\t\t\t<\/div>\n\t\t\t\t\t\t\t\t\t\t\t\t\t\t\t\t\t\t\t\t\t\t\t\t\t\t\t\t\t\t\t\t\t\t\t\t\t\t\t\t<div class=\"background background-image\" style=\"background-image: url(https:\/\/www.tagesfamilien-aaa.ch\/wp-content\/uploads\/2023\/03\/pexels-suzy-hazelwood-1995842-scaled.jpg);max-width:100%;height:300px;filter: progid:DXImageTransform.Microsoft.AlphaImageLoader(src='https:\/\/www.tagesfamilien-aaa.ch\/wp-content\/uploads\/2023\/03\/pexels-suzy-hazelwood-1995842-scaled.jpg', sizingMethod='scale');\" data-imgwidth=\"2560\">\n\t\t\t\t\t\t\t\t\t\t\t\t\t\t\t\t\t\t\t\t\t\t\t\t\t\t\t\t\t\t\t\t\t\t\t\t\t\t\t\t\t\t\t\t\t\t\t\t\t\t\t\t\t\t\t\t\t\t\t\t\t\t\t\t\t\t<\/div>\n\t\t\t\t\t\t\t\t\t<\/li>\n\t\t\t\t\t\t\t\t\t\t\t\t\t\t\t\t\t\t\t\t\t\t\t<\/ul>\n\t\t\t\t\t\t<\/div>\n\t\t\t\t\t<\/div>\n\t\t\t\t\t\t\t\t<div class=\"fusion-clearfix\"><\/div><\/div><\/div><\/div><\/div><div class=\"fusion-fullwidth fullwidth-box fusion-builder-row-2 nonhundred-percent-fullwidth non-hundred-percent-height-scrolling\" style=\"--awb-border-radius-top-left:0px;--awb-border-radius-top-right:0px;--awb-border-radius-bottom-right:0px;--awb-border-radius-bottom-left:0px;--awb-padding-top:15px;--awb-padding-bottom:25px;--awb-margin-top:0px;--awb-margin-bottom:0px;--awb-flex-wrap:wrap;\" ><div class=\"fusion-builder-row fusion-row\"><div class=\"fusion-layout-column fusion_builder_column fusion-builder-column-1 fusion_builder_column_2_3 2_3 fusion-two-third fusion-column-first\" style=\"--awb-bg-size:cover;width:66.666666666667%;width:calc(66.666666666667% - ( ( 5% ) * 0.66666666666667 ) );margin-right: 5%;\"><div class=\"fusion-column-wrapper fusion-flex-column-wrapper-legacy\"><div class=\"fusion-text fusion-text-1\"><h3>R\u00fcckblick auf die 22. Mitgliederversammlung unseres Vereins vom 07. Mai 2018<\/h3>\n<\/div><div class=\"fusion-text fusion-text-2\"><p><img decoding=\"async\" class=\"alignnone size-full wp-image-1243 aligncenter\" src=\"https:\/\/wp.tagesfamilien-aaa.ch\/wp-content\/uploads\/2018\/04\/Mitgliedschaft_Header.jpg\" alt=\"\" width=\"501\" height=\"181\" srcset=\"https:\/\/www.tagesfamilien-aaa.ch\/wp-content\/uploads\/2018\/04\/Mitgliedschaft_Header-200x72.jpg 200w, https:\/\/www.tagesfamilien-aaa.ch\/wp-content\/uploads\/2018\/04\/Mitgliedschaft_Header-300x108.jpg 300w, https:\/\/www.tagesfamilien-aaa.ch\/wp-content\/uploads\/2018\/04\/Mitgliedschaft_Header-400x145.jpg 400w, https:\/\/www.tagesfamilien-aaa.ch\/wp-content\/uploads\/2018\/04\/Mitgliedschaft_Header.jpg 501w\" sizes=\"(max-width: 501px) 100vw, 501px\" \/><\/p>\n<p>Die Mitgliederversammlung fand wie in den vergangenen Jahren in den R\u00e4umlichkeiten des Kinder- und Jugendzentrums (kjz) in Affoltern am Albis statt. Es waren wieder einige Mitglieder anwesend, die vor und nach der Versammlung die Runde mit interessanten Gespr\u00e4chen bereicherten.<br \/>\nAuch in diesem Jahr f\u00fchrte unser Pr\u00e4sident Christian Marnach die Sitzung informativ und humorvoll durch. Der R\u00fcckblick auf das abgelaufene Vereinsjahr zeigte, neben der fortgesetzten Stabilisierung, ein leichtes Wachstum bei den Betreuungsstunden. Gleichzeitig war das Jahr gepr\u00e4gt von einem Wechsel auf tagiNET als neues Buchhaltungssystem und dessen reibungsloser Neueinsatz. Karin Petrig und Paul Eichholzer hatten mit viel Einsatz und Zeitaufwand den Systemwechsel f\u00fcr alle Anwender so glatt und erfolgreich wie m\u00f6glich gemacht. Von den Anwesenden gab es daf\u00fcr einen besonderen Applaus.<br \/>\nIn personeller Hinsicht gab es einen Wechsel im Vorstand. Franziska Bieri legte ihr Ressort von der \u00d6ffentlichkeitsarbeit in die H\u00e4nde von Adolf \u201eD\u00f6lf\u201c Gabriel. Der Pr\u00e4sident dankte ihnen f\u00fcr den Einsatz sowie f\u00fcr die reibungslose \u00dcbergabe und informierte gleichzeitig, dass er bei der n\u00e4chsten Mitgliederversammlung 2019 das Pr\u00e4sidium abgeben und aus dem Vorstand austreten werde. Die Suche f\u00fcr seine Nachfolge hat bereits begonnen.<\/p>\n<\/div><div class=\"fusion-content-boxes content-boxes columns row fusion-columns-1 fusion-columns-total-1 fusion-content-boxes-1 content-boxes-clean-vertical content-left content-boxes-icon-on-top\" style=\"--awb-title-color:#f5f5f5;--awb-margin-bottom:-30px;--awb-hover-accent-color:#3ec492;--awb-circle-hover-accent-color:transparent;--awb-item-margin-bottom:40px;\" data-animationOffset=\"top-into-view\"><div style=\"--awb-backgroundcolor:#3d434c;border-color:rgba(255,255,255,0);\" class=\"fusion-column content-box-column content-box-column content-box-column-1 col-lg-12 col-md-12 col-sm-12 fusion-content-box-hover content-box-column-last content-box-column-last-in-row\"><div class=\"col content-box-wrapper content-wrapper-background link-area-link-icon icon-hover-animation-fade\" data-animationOffset=\"top-into-view\"><div class=\"fusion-clearfix\"><\/div><div class=\"content-container\">\n<h3 style=\"color: #f5f5f5\">Nachfolge f\u00fcr das Pr\u00e4sidium gesucht<\/h3>\n<p><img decoding=\"async\" class=\"size-full wp-image-1262 alignnone\" src=\"https:\/\/wp.tagesfamilien-aaa.ch\/wp-content\/uploads\/2018\/04\/suchenfinden.jpg\" alt=\"\" width=\"275\" height=\"183\" srcset=\"https:\/\/www.tagesfamilien-aaa.ch\/wp-content\/uploads\/2018\/04\/suchenfinden-200x133.jpg 200w, https:\/\/www.tagesfamilien-aaa.ch\/wp-content\/uploads\/2018\/04\/suchenfinden.jpg 275w\" sizes=\"(max-width: 275px) 100vw, 275px\" \/><\/p>\n<p style=\"color: #f5f5f5\">Der Vorstand von Tagesfamilien Bezirk Affoltern sucht ab Mitgliederversammlung 2019 eine Nachfolge f\u00fcr das Pr\u00e4sidium. Bewerben Sie sich mit dem Kontaktformular auf unserer Webseite: <a href=\"https:\/\/wp.tagesfamilien-aaa.ch\/index.php\/kontaktformular\/\">Kontaktformular<\/a><\/p>\n<\/div><\/div><\/div><div class=\"fusion-clearfix\"><\/div><\/div><div class=\"fusion-text fusion-text-3\"><p>Den Report zu den Finanzen und zum Budget erkl\u00e4rte Karin Petrig fachkundig und einwandfrei. Barbara Egger verlas als Revisorin den Revisionsbericht. Die Versammlung schloss mit grossem Applaus und \u00fcberw\u00e4ltigender Zustimmung der Anwesenden.<br \/>\nNach der Versammlung nahmen die meisten G\u00e4ste an einem kleinen Ap\u00e9ro teil und f\u00fchrten interessante Gespr\u00e4che zu verschiedenen Themen. Der Vorstand bedankte sich bei allen Teilnehmenden f\u00fcr einen angenehmen Abend und die konstruktive Mitgliederversammlung. Einen ganz besonderen Dank gab es vom Pr\u00e4sidenten f\u00fcr die Arbeit von Fr\u00e4nzi Bieri und hiess gleichzeitig D\u00f6lf Gabriel als neues Mitglied offiziell im Vorstand herzlich willkommen.<br \/>\nDas Protokoll der Mitgliederversammlung ist auf der Website: www. tagesfamilen-aaa.ch publiziert. Eine gedruckte Version kann bei folgender Adresse bestellt werden denise.krause@tagesfamilien-aaa.ch<\/p>\n<\/div><div class=\"fusion-sep-clear\"><\/div><div class=\"fusion-separator fusion-full-width-sep\" style=\"margin-left: auto;margin-right: auto;margin-top:10px;width:100%;\"><div class=\"fusion-separator-border sep-single sep-solid\" style=\"--awb-height:20px;--awb-amount:20px;--awb-sep-color:#3d434c;border-color:#3d434c;border-top-width:0px;\"><\/div><\/div><div class=\"fusion-sep-clear\"><\/div><div class=\"fusion-text fusion-text-4\"><h3>Neu im Vorstand: D\u00f6lf Gabriel<\/h3>\n<\/div><div class=\"fusion-text fusion-text-5\"><p>Als Familien- und Grossvater von vier erwachsenen Kindern und vier Enkelkindern sowie Bezugsperson von zwei Pflegekindern, ist es mir ein Anliegen, dass Babys sowie kleinere und gr\u00f6ssere Kinder gut betreut sind. Die Tagesfamilie ist eine ideale Erg\u00e4nzung f\u00fcr die abgebende Familie, um Beruf und Familie besser miteinander vereinbaren zu k\u00f6nnen.<\/p>\n<p><img decoding=\"async\" class=\"wp-image-1982 aligncenter\" src=\"https:\/\/wp.tagesfamilien-aaa.ch\/wp-content\/uploads\/2016\/11\/doelf-e1528739664749.png\" alt=\"\" width=\"118\" height=\"162\" \/><\/p>\n<p>Beruflich bin ich diplomierter Sozialp\u00e4dagoge mit vielseitigen Erfahrungen im Umgang mit Menschen mit Beeintr\u00e4chtigung sowie mit Tages- und Pflegekindern,<\/p>\n<p>Zusammenarbeit mit Beh\u00f6rden, Institutionen und abgebenden Eltern, Berichterstattung und Supervision. In einem Teilpensum arbeite ich beim Entlastungsdienst vom Kanton Z\u00fcrich und als Freiwilliger Helfer im Besuchsdienst.<br \/>\nF\u00fcr die \u00d6ffentlichkeitsarbeit habe ich mich interessiert, weil ich ein Projekt mit eigener Website ausgearbeitet habe: www.miteinanderwandern.ch<\/p>\n<p><img decoding=\"async\" class=\"size-full wp-image-1983 aligncenter\" src=\"https:\/\/wp.tagesfamilien-aaa.ch\/wp-content\/uploads\/2016\/11\/wandern-e1528739868438.png\" alt=\"\" width=\"638\" height=\"267\" srcset=\"https:\/\/www.tagesfamilien-aaa.ch\/wp-content\/uploads\/2016\/11\/wandern-e1528739868438-200x84.png 200w, https:\/\/www.tagesfamilien-aaa.ch\/wp-content\/uploads\/2016\/11\/wandern-e1528739868438-300x126.png 300w, https:\/\/www.tagesfamilien-aaa.ch\/wp-content\/uploads\/2016\/11\/wandern-e1528739868438-400x167.png 400w, https:\/\/www.tagesfamilien-aaa.ch\/wp-content\/uploads\/2016\/11\/wandern-e1528739868438-600x251.png 600w, https:\/\/www.tagesfamilien-aaa.ch\/wp-content\/uploads\/2016\/11\/wandern-e1528739868438.png 638w\" sizes=\"(max-width: 638px) 100vw, 638px\" \/><\/p>\n<\/div><div class=\"fusion-sep-clear\"><\/div><div class=\"fusion-separator fusion-full-width-sep\" style=\"margin-left: auto;margin-right: auto;margin-top:10px;width:100%;\"><div class=\"fusion-separator-border sep-single sep-solid\" style=\"--awb-height:20px;--awb-amount:20px;--awb-sep-color:#3d434c;border-color:#3d434c;border-top-width:0px;\"><\/div><\/div><div class=\"fusion-sep-clear\"><\/div><div class=\"fusion-text fusion-text-6\"><h3>Vorschau Weiterbildung<\/h3>\n<\/div><div class=\"fusion-text fusion-text-7\"><p><img decoding=\"async\" class=\"alignleft wp-image-1989 size-full\" src=\"https:\/\/wp.tagesfamilien-aaa.ch\/wp-content\/uploads\/2016\/11\/kindernahrung-e1529415891321.png\" alt=\"\" width=\"225\" height=\"218\" \/><\/p>\n<p>Am 21. Juni 2018 erz\u00e4hlt die Ern\u00e4hrungsberaterin\u00a0Simone Kleiner zum Thema Kinderern\u00e4hrung mit dem Titel: \u201eMeine Suppe esse ich nicht, oder doch?\u201c\u00a0W\u00e4hrend zwei Stunden spricht sie \u00fcber eine gute\u00a0Kinderern\u00e4hrung, Kinderlebensmittel, Spielregeln am\u00a0Tisch und gibt dabei spannende Anregungen und Impulse weiter. Nach dem Vortrag k\u00f6nnen Fragen\u00a0gestellt werden.<\/p>\n<p>Mehr Informationen zu Weiterbildungsveranstaltungen\u00a0und der Anmeldung finden Sie auf unserer <a href=\"https:\/\/wp.tagesfamilien-aaa.ch\/index.php\/infos\/\">Website<\/a>.<\/p>\n<\/div><div class=\"fusion-sep-clear\"><\/div><div class=\"fusion-separator fusion-full-width-sep\" style=\"margin-left: auto;margin-right: auto;margin-top:10px;width:100%;\"><div class=\"fusion-separator-border sep-single sep-solid\" style=\"--awb-height:20px;--awb-amount:20px;--awb-sep-color:#3d434c;border-color:#3d434c;border-top-width:0px;\"><\/div><\/div><div class=\"fusion-sep-clear\"><\/div><div class=\"fusion-text fusion-text-8\"><h3>Ein neuer Webauftritt entsteht<\/h3>\n<\/div><div class=\"fusion-text fusion-text-9\"><p><img decoding=\"async\" class=\"alignnone wp-image-2003 size-full\" src=\"https:\/\/wp.tagesfamilien-aaa.ch\/wp-content\/uploads\/2018\/06\/web1.png\" alt=\"\" width=\"1904\" height=\"585\" srcset=\"https:\/\/www.tagesfamilien-aaa.ch\/wp-content\/uploads\/2018\/06\/web1-200x61.png 200w, https:\/\/www.tagesfamilien-aaa.ch\/wp-content\/uploads\/2018\/06\/web1-300x92.png 300w, https:\/\/www.tagesfamilien-aaa.ch\/wp-content\/uploads\/2018\/06\/web1-400x123.png 400w, https:\/\/www.tagesfamilien-aaa.ch\/wp-content\/uploads\/2018\/06\/web1-600x184.png 600w, https:\/\/www.tagesfamilien-aaa.ch\/wp-content\/uploads\/2018\/06\/web1-768x236.png 768w, https:\/\/www.tagesfamilien-aaa.ch\/wp-content\/uploads\/2018\/06\/web1-800x246.png 800w, https:\/\/www.tagesfamilien-aaa.ch\/wp-content\/uploads\/2018\/06\/web1-1024x315.png 1024w, https:\/\/www.tagesfamilien-aaa.ch\/wp-content\/uploads\/2018\/06\/web1-1200x369.png 1200w, https:\/\/www.tagesfamilien-aaa.ch\/wp-content\/uploads\/2018\/06\/web1.png 1904w\" sizes=\"(max-width: 1904px) 100vw, 1904px\" \/><\/p>\n<p>Von Paul Eichholzer, Webadministrator<\/p>\n<p>Obwohl nach meinem Empfinden erst vor kurzem die\u00a0aktuellen Seiten erstellt wurden, sind die heutigen\u00a0Webdesignm\u00f6glichkeiten um Welten besser geworden\u00a0&#8211; auch f\u00fcr Hobbybastler wie ich es bin. Der neue\u00a0Auftritt ist noch nicht fertig. Es dauert noch bestimmt\u00a0einige N\u00e4chte Fronarbeit. Trotzdem will ich Ihnen\u00a0einen Vorgeschmack liefern, was am Gedeihen ist.<\/p>\n<p><img decoding=\"async\" class=\"alignnone size-full wp-image-2004\" src=\"https:\/\/wp.tagesfamilien-aaa.ch\/wp-content\/uploads\/2018\/06\/web2.png\" alt=\"\" width=\"1905\" height=\"800\" srcset=\"https:\/\/www.tagesfamilien-aaa.ch\/wp-content\/uploads\/2018\/06\/web2-200x84.png 200w, https:\/\/www.tagesfamilien-aaa.ch\/wp-content\/uploads\/2018\/06\/web2-300x126.png 300w, https:\/\/www.tagesfamilien-aaa.ch\/wp-content\/uploads\/2018\/06\/web2-400x168.png 400w, https:\/\/www.tagesfamilien-aaa.ch\/wp-content\/uploads\/2018\/06\/web2-600x252.png 600w, https:\/\/www.tagesfamilien-aaa.ch\/wp-content\/uploads\/2018\/06\/web2-768x323.png 768w, https:\/\/www.tagesfamilien-aaa.ch\/wp-content\/uploads\/2018\/06\/web2-800x336.png 800w, https:\/\/www.tagesfamilien-aaa.ch\/wp-content\/uploads\/2018\/06\/web2-1024x430.png 1024w, https:\/\/www.tagesfamilien-aaa.ch\/wp-content\/uploads\/2018\/06\/web2-1200x504.png 1200w, https:\/\/www.tagesfamilien-aaa.ch\/wp-content\/uploads\/2018\/06\/web2.png 1905w\" sizes=\"(max-width: 1905px) 100vw, 1905px\" \/><\/p>\n<p>Der neue Webauftritt enth\u00e4lt neue Bilder und ist nach\u00a0meiner Ansicht frisch, modern, einfach, informativ und\u00a0 mit einer klaren Botschaft:<\/p>\n<ul>\n<li>Kinderbetreuung in Tagesfamilien hat Tradition<\/li>\n<li>Individuell und flexibel wie das Leben<\/li>\n<li>Eine Alternative zu Krippe und Hort<\/li>\n<\/ul>\n<p>Sie, liebe Mitglieder, haben einen grossen Anteil\u00a0daran, dass wir als Verein auch nach \u00fcber 20 Jahren\u00a0f\u00fcr diese Werte einstehen. An dieser Stelle danke ich\u00a0Ihnen ganz herzlich f\u00fcr Ihr Vertrauen, Ihre Mitarbeit und Ihr Engagement!<\/p>\n<\/div><div class=\"fusion-sep-clear\"><\/div><div class=\"fusion-separator fusion-full-width-sep\" style=\"margin-left: auto;margin-right: auto;margin-top:10px;width:100%;\"><div class=\"fusion-separator-border sep-single sep-solid\" style=\"--awb-height:20px;--awb-amount:20px;--awb-sep-color:#3d434c;border-color:#3d434c;border-top-width:0px;\"><\/div><\/div><div class=\"fusion-sep-clear\"><\/div><div class=\"fusion-text fusion-text-10\"><h3>Vorschau Kerzenziehen<\/h3>\n<\/div><div class=\"fusion-text fusion-text-11\"><p><img decoding=\"async\" class=\" wp-image-1995 alignleft\" src=\"https:\/\/wp.tagesfamilien-aaa.ch\/wp-content\/uploads\/2018\/06\/kerze.png\" alt=\"\" width=\"151\" height=\"223\" srcset=\"https:\/\/www.tagesfamilien-aaa.ch\/wp-content\/uploads\/2018\/06\/kerze-200x295.png 200w, https:\/\/www.tagesfamilien-aaa.ch\/wp-content\/uploads\/2018\/06\/kerze-204x300.png 204w, https:\/\/www.tagesfamilien-aaa.ch\/wp-content\/uploads\/2018\/06\/kerze.png 361w\" sizes=\"(max-width: 151px) 100vw, 151px\" \/><\/p>\n<p><strong>Sa.10. \/ So.11. November 2018<\/strong><\/p>\n<p>Unser Verein \u00fcbernimmt ab November 2018 das beliebte Kerzenziehen in der Stiftung <strong>W<\/strong>erk- und <strong>W<\/strong>ohnhaus zur <strong>W<\/strong>eid in Rossau bei Mettmenstetten.\u00a0Wie in den letzten Jahren findet der Familienanlass im Gew\u00e4chs-Glashaus der Stiftung statt. Wir laden Sie ganz herzlich dazu ein sowie zum gem\u00fctlichen Beisammensein bei Kaffee, verschiedenen Getr\u00e4nken und Kuchen.<\/p>\n<p>Wir freuen uns auf viele fr\u00f6hliche Gesichter und tatkr\u00e4ftige, motivierte und kreative Kerzenziehende.<\/p>\n<\/div><div class=\"fusion-sep-clear\"><\/div><div class=\"fusion-separator fusion-full-width-sep\" style=\"margin-left: auto;margin-right: auto;margin-top:10px;width:100%;\"><div class=\"fusion-separator-border sep-single sep-solid\" style=\"--awb-height:20px;--awb-amount:20px;--awb-sep-color:#3d434c;border-color:#3d434c;border-top-width:0px;\"><\/div><\/div><div class=\"fusion-sep-clear\"><\/div><div class=\"fusion-text fusion-text-12\"><h3>Herzlichen Dank f\u00fcr 10 Jahre Mitarbeit<\/h3>\n<\/div><div class=\"fusion-text fusion-text-13\"><p><img decoding=\"async\" class=\"wp-image-1996 alignnone\" src=\"https:\/\/wp.tagesfamilien-aaa.ch\/wp-content\/uploads\/2018\/06\/tm1_newsletter_20181.png\" alt=\"\" width=\"220\" height=\"293\" srcset=\"https:\/\/www.tagesfamilien-aaa.ch\/wp-content\/uploads\/2018\/06\/tm1_newsletter_20181-200x266.png 200w, https:\/\/www.tagesfamilien-aaa.ch\/wp-content\/uploads\/2018\/06\/tm1_newsletter_20181-225x300.png 225w, https:\/\/www.tagesfamilien-aaa.ch\/wp-content\/uploads\/2018\/06\/tm1_newsletter_20181.png 341w\" sizes=\"(max-width: 220px) 100vw, 220px\" \/><\/p>\n<p>Wir danken Martha B\u00fcrgler (Bild oben) und Marlis Haitz (Bild unten) ganz herzlich f\u00fcr ihre 10-j\u00e4hrige Mitarbeit als Tagesm\u00fctter. Sie haben sich mit viel Herz und Hingabe f\u00fcr viele Tageskinder und deren Familien eingesetzt und sie mit ihrer Arbeit gl\u00fccklich gemacht.<\/p>\n<p>Wir w\u00fcnschen den Beiden alles Liebe und Gute f\u00fcr ihre Zukunft.<\/p>\n<p><img decoding=\"async\" class=\"wp-image-1997 alignnone\" src=\"https:\/\/wp.tagesfamilien-aaa.ch\/wp-content\/uploads\/2018\/06\/tm2_newsletter_20181.png\" alt=\"\" width=\"220\" height=\"294\" srcset=\"https:\/\/www.tagesfamilien-aaa.ch\/wp-content\/uploads\/2018\/06\/tm2_newsletter_20181-200x267.png 200w, https:\/\/www.tagesfamilien-aaa.ch\/wp-content\/uploads\/2018\/06\/tm2_newsletter_20181-224x300.png 224w, https:\/\/www.tagesfamilien-aaa.ch\/wp-content\/uploads\/2018\/06\/tm2_newsletter_20181.png 344w\" sizes=\"(max-width: 220px) 100vw, 220px\" \/><\/p>\n<\/div><div class=\"fusion-sep-clear\"><\/div><div class=\"fusion-separator fusion-full-width-sep\" style=\"margin-left: auto;margin-right: auto;margin-top:10px;width:100%;\"><div class=\"fusion-separator-border sep-single sep-solid\" style=\"--awb-height:20px;--awb-amount:20px;--awb-sep-color:#3d434c;border-color:#3d434c;border-top-width:0px;\"><\/div><\/div><div class=\"fusion-sep-clear\"><\/div><div class=\"fusion-text fusion-text-14\"><h3>Herzliche Gratulation f\u00fcr die Zertifikationsarbeit<\/h3>\n<\/div><div class=\"fusion-text fusion-text-15\"><p>Wir gratulieren Seraina H\u00e4cki f\u00fcr ihre hervorragend bestandene Zertifikationsarbeit: Der rote Faden durch das Mitarbeitergespr\u00e4ch, die sie w\u00e4hrend dem Lehrgang zur Vermittlerin von Tagesfamilien geschrieben hat.<\/p>\n<p>Der Vorstand w\u00fcnscht ihr viel Freude und ein gutes Gelingen bei ihrer anspruchsvollen Arbeit mit Tageskindern und deren Familien.<\/p>\n<\/div><div class=\"fusion-sep-clear\"><\/div><div class=\"fusion-separator fusion-full-width-sep\" style=\"margin-left: auto;margin-right: auto;margin-top:10px;width:100%;\"><div class=\"fusion-separator-border sep-single sep-solid\" style=\"--awb-height:20px;--awb-amount:20px;--awb-sep-color:#3d434c;border-color:#3d434c;border-top-width:0px;\"><\/div><\/div><div class=\"fusion-sep-clear\"><\/div><div class=\"fusion-text fusion-text-16\"><h3>Familienwanderung von Maienfeld zur Heidialp<\/h3>\n<\/div><div class=\"fusion-text fusion-text-17\"><p><strong>Auf den Spuren von Heidi<\/strong><\/p>\n<p>Die weltbekannte Geschichte von Heidi kann in Maienfeld erwandert und erlebt werden. Auf den Spuren von Heidi geht es nach Ober-Rofels und in die H\u00f6hen der B\u00fcndner Herrschaft.<\/p>\n<p>Mit der Bahn geht es \u00fcber Z\u00fcrich und Sargans nach Maienfeld, das umgeben von Rebbergen, am Fusse des Falknis liegt. Vom Bahnhof f\u00fchrt der Weg zum Heididorf in Ober-Rofels, wo sich das Heidihaus, das Johanna Spyri Museum und die neue Alph\u00fctte befinden. Nach einer Pause folgt man dem Heidi-Erlebnisweg durch den Wald und \u00fcber Alpwiesen. Bei sch\u00f6nem Wetter kann man bei einer der zahlreichen Feuerstellen das Mittagessen aus dem Rucksack einnehmen und eine Wurst br\u00e4teln. Nach rund 1 \u00bd Stunden erreichen wir die Heidialp auf dem Ochsenberg. Von hier gibt es einen eindr\u00fccklichen Rundblick \u00fcber die Weinberge der B\u00fcndner Herrschaft und das Rheintal.<\/p>\n<p>Bei der Heidih\u00fctte folgt ein letzter kurzer Anstieg auf einem schmalen Wiesenpfad. Dann geht es auf einer Naturstrasse durch ein anmutendes Tal \u00fcber Piols nach Jenins hinunter. Dieses malerische Dorf, mit seinen pr\u00e4chtigen H\u00e4usern und einer denkmalgesch\u00fctzten Kirche, bezeichnet sich als Perle der B\u00fcndner Herrschaft. Die Gemeinde liegt am Fusse des Berges Vilan. Nun lassen wir Jenins hinter uns und durchqueren einen grossen Rebberg. Von hier l\u00e4sst man den Blick nochmals \u00fcber das Rheintal schweifen, bevor es zur\u00fcck nach Maienfeld und mit der Bahn wieder nach Hause geht.<\/p>\n<p>D\u00f6lf Gabriel, Wanderleiter<\/p>\n<p>Weitere Infos: www.miteinanderwandern.ch<\/p>\n<p><img decoding=\"async\" class=\"alignnone size-full wp-image-1998\" src=\"https:\/\/wp.tagesfamilien-aaa.ch\/wp-content\/uploads\/2018\/06\/heidimuseum.png\" alt=\"\" width=\"670\" height=\"503\" srcset=\"https:\/\/www.tagesfamilien-aaa.ch\/wp-content\/uploads\/2018\/06\/heidimuseum-200x150.png 200w, https:\/\/www.tagesfamilien-aaa.ch\/wp-content\/uploads\/2018\/06\/heidimuseum-300x225.png 300w, https:\/\/www.tagesfamilien-aaa.ch\/wp-content\/uploads\/2018\/06\/heidimuseum-400x300.png 400w, https:\/\/www.tagesfamilien-aaa.ch\/wp-content\/uploads\/2018\/06\/heidimuseum-600x450.png 600w, https:\/\/www.tagesfamilien-aaa.ch\/wp-content\/uploads\/2018\/06\/heidimuseum.png 670w\" sizes=\"(max-width: 670px) 100vw, 670px\" \/><\/p>\n<p>Heidihaus mit Museum in Ober-Rofels<\/p>\n<\/div><div class=\"fusion-sep-clear\"><\/div><div class=\"fusion-separator fusion-full-width-sep\" style=\"margin-left: auto;margin-right: auto;margin-top:10px;width:100%;\"><div class=\"fusion-separator-border sep-single sep-solid\" style=\"--awb-height:20px;--awb-amount:20px;--awb-sep-color:#3d434c;border-color:#3d434c;border-top-width:0px;\"><\/div><\/div><div class=\"fusion-sep-clear\"><\/div><div class=\"fusion-clearfix\"><\/div><\/div><\/div><div class=\"fusion-layout-column fusion_builder_column fusion-builder-column-2 fusion_builder_column_1_3 1_3 fusion-one-third fusion-column-last\" style=\"--awb-padding-top:8%;--awb-padding-right:8%;--awb-padding-bottom:8%;--awb-padding-left:8%;--awb-bg-color:#ffffff;--awb-bg-color-hover:#ffffff;--awb-bg-size:cover;width:33.333333333333%;width:calc(33.333333333333% - ( ( 5% ) * 0.33333333333333 ) );\"><div class=\"fusion-column-wrapper fusion-flex-column-wrapper-legacy\"><div class=\"fusion-widget-area awb-widget-area-element fusion-widget-area-1 fusion-content-widget-area\" style=\"--awb-title-size:22px;--awb-title-color:#4c5166;--awb-padding:0px 0px 0px 0px;\"><section id=\"search-2\" class=\"widget widget_search\">\t\t<form role=\"search\" class=\"searchform fusion-search-form  fusion-search-form-classic\" method=\"get\" action=\"https:\/\/www.tagesfamilien-aaa.ch\/\">\n\t\t\t<div class=\"fusion-search-form-content\">\n\n\t\t\t\t\n\t\t\t\t<div class=\"fusion-search-field search-field\">\n\t\t\t\t\t<label><span class=\"screen-reader-text\">Suche nach:<\/span>\n\t\t\t\t\t\t\t\t\t\t\t\t\t<input type=\"search\" value=\"\" name=\"s\" class=\"s\" placeholder=\"Suchen...\" required aria-required=\"true\" aria-label=\"Suchen...\"\/>\n\t\t\t\t\t\t\t\t\t\t\t<\/label>\n\t\t\t\t<\/div>\n\t\t\t\t<div class=\"fusion-search-button search-button\">\n\t\t\t\t\t<input type=\"submit\" class=\"fusion-search-submit searchsubmit\" aria-label=\"Suche\" value=\"&#xf002;\" \/>\n\t\t\t\t\t\t\t\t\t<\/div>\n\n\t\t\t\t\n\t\t\t<\/div>\n\n\n\t\t\t\n\t\t<\/form>\n\t\t<\/section><section id=\"archives-2\" class=\"widget widget_archive\"><div class=\"heading\"><h4 class=\"widget-title\">Archiv<\/h4><\/div>\n\t\t\t<ul>\n\t\t\t\t\t<li><a href='https:\/\/www.tagesfamilien-aaa.ch\/index.php\/2023\/10\/'>Oktober 2023<\/a><\/li>\n\t<li><a href='https:\/\/www.tagesfamilien-aaa.ch\/index.php\/2023\/03\/'>M\u00e4rz 2023<\/a><\/li>\n\t<li><a href='https:\/\/www.tagesfamilien-aaa.ch\/index.php\/2023\/02\/'>Februar 2023<\/a><\/li>\n\t<li><a href='https:\/\/www.tagesfamilien-aaa.ch\/index.php\/2022\/10\/'>Oktober 2022<\/a><\/li>\n\t<li><a href='https:\/\/www.tagesfamilien-aaa.ch\/index.php\/2021\/04\/'>April 2021<\/a><\/li>\n\t<li><a href='https:\/\/www.tagesfamilien-aaa.ch\/index.php\/2020\/12\/'>Dezember 2020<\/a><\/li>\n\t<li><a href='https:\/\/www.tagesfamilien-aaa.ch\/index.php\/2020\/09\/'>September 2020<\/a><\/li>\n\t<li><a href='https:\/\/www.tagesfamilien-aaa.ch\/index.php\/2020\/07\/'>Juli 2020<\/a><\/li>\n\t<li><a href='https:\/\/www.tagesfamilien-aaa.ch\/index.php\/2020\/05\/'>Mai 2020<\/a><\/li>\n\t<li><a href='https:\/\/www.tagesfamilien-aaa.ch\/index.php\/2020\/03\/'>M\u00e4rz 2020<\/a><\/li>\n\t<li><a href='https:\/\/www.tagesfamilien-aaa.ch\/index.php\/2020\/01\/'>Januar 2020<\/a><\/li>\n\t<li><a href='https:\/\/www.tagesfamilien-aaa.ch\/index.php\/2019\/09\/'>September 2019<\/a><\/li>\n\t<li><a href='https:\/\/www.tagesfamilien-aaa.ch\/index.php\/2019\/01\/'>Januar 2019<\/a><\/li>\n\t<li><a href='https:\/\/www.tagesfamilien-aaa.ch\/index.php\/2018\/07\/'>Juli 2018<\/a><\/li>\n\t<li><a href='https:\/\/www.tagesfamilien-aaa.ch\/index.php\/2018\/06\/'>Juni 2018<\/a><\/li>\n\t\t\t<\/ul>\n\n\t\t\t<\/section><section id=\"categories-2\" class=\"widget widget_categories\"><div class=\"heading\"><h4 class=\"widget-title\">Kategorien<\/h4><\/div>\n\t\t\t<ul>\n\t\t\t\t\t<li class=\"cat-item cat-item-41\"><a href=\"https:\/\/www.tagesfamilien-aaa.ch\/index.php\/category\/angebot\/\">Angebot<\/a>\n<\/li>\n\t<li class=\"cat-item cat-item-46\"><a href=\"https:\/\/www.tagesfamilien-aaa.ch\/index.php\/category\/newsletter\/\">Newsletter<\/a>\n<\/li>\n\t<li class=\"cat-item cat-item-47\"><a href=\"https:\/\/www.tagesfamilien-aaa.ch\/index.php\/category\/schulung\/\">Schulung<\/a>\n<\/li>\n\t\t\t<\/ul>\n\n\t\t\t<\/section><div class=\"fusion-additional-widget-content\"><\/div><\/div><div class=\"fusion-clearfix\"><\/div><\/div><\/div><\/div><\/div><div class=\"fusion-fullwidth fullwidth-box fusion-builder-row-3 fusion-parallax-none nonhundred-percent-fullwidth non-hundred-percent-height-scrolling\" style=\"--awb-border-radius-top-left:0px;--awb-border-radius-top-right:0px;--awb-border-radius-bottom-right:0px;--awb-border-radius-bottom-left:0px;--awb-padding-bottom:130px;--awb-background-image:url(&quot;https:\/\/wp.tagesfamilien-aaa.ch\/wp-content\/uploads\/2018\/04\/ausbildung-bildung-buntstifte-207653_sw.jpg&quot;);--awb-background-size:cover;--awb-flex-wrap:wrap;\" ><div class=\"fusion-builder-row fusion-row\"><div class=\"fusion-layout-column fusion_builder_column fusion-builder-column-3 fusion_builder_column_1_1 1_1 fusion-one-full fusion-column-first fusion-column-last\" style=\"--awb-bg-size:cover;--awb-margin-bottom:140px;\"><div class=\"fusion-column-wrapper fusion-flex-column-wrapper-legacy\"><div class=\"fusion-section-separator section-separator rounded-split fusion-section-separator-1 rounded-split-separator\" style=\"--awb-spacer-height:71px;--awb-svg-margin-left:0;--awb-svg-margin-right:0;\"><div class=\"fusion-section-separator-svg\"><div class=\"rounded-split top\" style=\"background-color:#f5f5f5;\"><\/div><\/div><div class=\"fusion-section-separator-spacer\"><div class=\"fusion-section-separator-spacer-height\"><\/div><\/div><\/div><div class=\"fusion-clearfix\"><\/div><\/div><\/div><div class=\"fusion-layout-column fusion_builder_column fusion-builder-column-4 fusion_builder_column_1_1 1_1 fusion-one-full fusion-column-first fusion-column-last\" style=\"--awb-padding-right:13%;--awb-padding-left:13%;--awb-bg-size:cover;\"><div class=\"fusion-column-wrapper fusion-flex-column-wrapper-legacy\"><div class=\"fusion-text fusion-text-18\"><h2 style=\"text-align: center;color: #fff;font-size: 70px;line-height: 1\">Kinderbetreuung in Tagesfamilien<\/h2>\n<\/div><div class=\"fusion-sep-clear\"><\/div><div class=\"fusion-separator fusion-full-width-sep\" style=\"margin-left: auto;margin-right: auto;margin-top:18px;width:100%;\"><\/div><div class=\"fusion-sep-clear\"><\/div><div class=\"fusion-text fusion-text-19\"><p style=\"text-align: center;color: #fff\">\u00dcber 100 Kinder sind aktuell durch unseren Verein vermittelt und gut betreut.<br \/>\n\u00dcber 30 Tageseltern offerieren Betreuungspl\u00e4tze - flexibel und individuell.<\/p>\n<p style=\"text-align: center;color: #fff;font-size: 18px\">Geh\u00f6ren auch Sie bald dazu?<\/p>\n<\/div><div class=\"fusion-sep-clear\"><\/div><div class=\"fusion-separator fusion-full-width-sep\" style=\"margin-left: auto;margin-right: auto;margin-top:15px;width:100%;\"><\/div><div class=\"fusion-sep-clear\"><\/div><div class=\"fusion-aligncenter\"><a class=\"fusion-button button-flat button-xlarge button-custom fusion-button-default button-1 fusion-button-default-span fusion-button-default-type button_global_footer\" style=\"--button_accent_color:#3d434c;--button_border_color:#3d434c;--button_accent_hover_color:#ffffff;--button_border_hover_color:#ffffff;--button_gradient_top_color:#ffffff;--button_gradient_bottom_color:#ffffff;--button_gradient_top_color_hover:#6dc7b5;--button_gradient_bottom_color_hover:#6dc7b5;\" target=\"_self\" href=\"https:\/\/wp.tagesfamilien-aaa.ch\/contact\/\"><span class=\"fusion-button-text awb-button__text awb-button__text--default\">Kontaktieren Sie uns!<\/span><\/a><\/div><div class=\"fusion-sep-clear\"><\/div><div class=\"fusion-separator fusion-full-width-sep\" style=\"margin-left: auto;margin-right: auto;margin-top:15px;width:100%;\"><\/div><div class=\"fusion-sep-clear\"><\/div><div class=\"fusion-aligncenter\"><a class=\"fusion-button button-flat button-xlarge button-custom fusion-button-default button-2 fusion-button-default-span fusion-button-default-type button_global_footer\" style=\"--button_accent_color:#3d434c;--button_border_color:#3d434c;--button_accent_hover_color:#ffffff;--button_border_hover_color:#ffffff;--button_gradient_top_color:#ffffff;--button_gradient_bottom_color:#ffffff;--button_gradient_top_color_hover:#6dc7b5;--button_gradient_bottom_color_hover:#6dc7b5;\" target=\"_self\" href=\"https:\/\/wp.tagesfamilien-aaa.ch\/contact\/\"><span class=\"fusion-button-text awb-button__text awb-button__text--default\">Fragen &amp; Antworten<\/span><\/a><\/div><div class=\"fusion-clearfix\"><\/div><\/div><\/div><div class=\"fusion-layout-column fusion_builder_column fusion-builder-column-5 fusion_builder_column_1_2 1_2 fusion-one-half fusion-column-first\" style=\"--awb-bg-size:cover;width:50%;width:calc(50% - ( ( 4% ) * 0.5 ) );margin-right: 4%;\"><div class=\"fusion-column-wrapper fusion-flex-column-wrapper-legacy\"><div class=\"fusion-column-content-centered\"><div class=\"fusion-column-content\"><\/div><\/div><div class=\"fusion-clearfix\"><\/div><\/div><\/div><div class=\"fusion-layout-column fusion_builder_column fusion-builder-column-6 fusion_builder_column_1_2 1_2 fusion-one-half fusion-column-last\" style=\"--awb-bg-size:cover;width:50%;width:calc(50% - ( ( 4% ) * 0.5 ) );\"><div class=\"fusion-column-wrapper fusion-flex-column-wrapper-legacy\"><div class=\"fusion-column-content-centered\"><div class=\"fusion-column-content\"><\/div><\/div><div class=\"fusion-clearfix\"><\/div><\/div><\/div><\/div><\/div><\/p>\n","protected":false},"excerpt":{"rendered":"<p>Die Themen in diesem Newsletter sind MV 2018, Vorstellung neues Vorstandsmitglied, Weiterbildung im Juni, Vorschau neue Webseite, Kerzenziehen in Mettmenstetten, Jubil\u00e4en und Wandertipp. Viel Spass beim Lesen!<\/p>\n","protected":false},"author":2,"featured_media":1249,"comment_status":"open","ping_status":"closed","sticky":false,"template":"","format":"standard","meta":{"footnotes":""},"categories":[46],"tags":[],"class_list":["post-202","post","type-post","status-publish","format-standard","has-post-thumbnail","hentry","category-newsletter"],"yoast_head":"<!-- This site is optimized with the Yoast SEO plugin v27.1.1 - https:\/\/yoast.com\/product\/yoast-seo-wordpress\/ -->\n<title>Newsletter Nr. 1 \/ 2018 - Tagesfamilien Bezirk Affoltern<\/title>\n<meta name=\"description\" content=\"Tagesmutter, Familie, Betreuung, Kinder, Krippe, famiilienerg\u00e4nzend,\" \/>\n<meta name=\"robots\" content=\"index, follow, max-snippet:-1, max-image-preview:large, max-video-preview:-1\" \/>\n<link rel=\"canonical\" href=\"https:\/\/www.tagesfamilien-aaa.ch\/index.php\/2018\/06\/18\/newsletter_2018_1\/\" \/>\n<meta property=\"og:locale\" content=\"de_DE\" \/>\n<meta property=\"og:type\" content=\"article\" \/>\n<meta property=\"og:title\" content=\"Newsletter Nr. 1 \/ 2018 - Tagesfamilien Bezirk Affoltern\" \/>\n<meta property=\"og:description\" content=\"Tagesmutter, Familie, Betreuung, Kinder, Krippe, famiilienerg\u00e4nzend,\" \/>\n<meta property=\"og:url\" content=\"https:\/\/www.tagesfamilien-aaa.ch\/index.php\/2018\/06\/18\/newsletter_2018_1\/\" \/>\n<meta property=\"og:site_name\" content=\"Tagesfamilien Bezirk Affoltern\" \/>\n<meta property=\"article:publisher\" content=\"https:\/\/www.facebook.com\/100000805876953\/posts\/2095824770454365?sfns=mo\" \/>\n<meta property=\"article:published_time\" content=\"2018-06-18T06:50:38+00:00\" \/>\n<meta property=\"article:modified_time\" content=\"2023-09-28T14:56:16+00:00\" \/>\n<meta property=\"og:image\" content=\"https:\/\/www.tagesfamilien-aaa.ch\/wp-content\/uploads\/2018\/04\/activity-art-artistic-707193-e1523339760481-1024x678.jpg\" \/>\n\t<meta property=\"og:image:width\" content=\"1024\" \/>\n\t<meta property=\"og:image:height\" content=\"678\" \/>\n\t<meta property=\"og:image:type\" content=\"image\/jpeg\" \/>\n<meta name=\"author\" content=\"Paul Eichholzer\" \/>\n<meta name=\"twitter:card\" content=\"summary_large_image\" \/>\n<meta name=\"twitter:label1\" content=\"Verfasst von\" \/>\n\t<meta name=\"twitter:data1\" content=\"Paul Eichholzer\" \/>\n\t<meta name=\"twitter:label2\" content=\"Gesch\u00e4tzte Lesezeit\" \/>\n\t<meta name=\"twitter:data2\" content=\"13\u00a0Minuten\" \/>\n<script type=\"application\/ld+json\" class=\"yoast-schema-graph\">{\"@context\":\"https:\/\/schema.org\",\"@graph\":[{\"@type\":\"Article\",\"@id\":\"https:\/\/www.tagesfamilien-aaa.ch\/index.php\/2018\/06\/18\/newsletter_2018_1\/#article\",\"isPartOf\":{\"@id\":\"https:\/\/www.tagesfamilien-aaa.ch\/index.php\/2018\/06\/18\/newsletter_2018_1\/\"},\"author\":{\"name\":\"Paul Eichholzer\",\"@id\":\"https:\/\/www.tagesfamilien-aaa.ch\/#\/schema\/person\/3c59ea1e7855e44089ef3f0a3c843a88\"},\"headline\":\"Newsletter Nr. 1 \/ 2018\",\"datePublished\":\"2018-06-18T06:50:38+00:00\",\"dateModified\":\"2023-09-28T14:56:16+00:00\",\"mainEntityOfPage\":{\"@id\":\"https:\/\/www.tagesfamilien-aaa.ch\/index.php\/2018\/06\/18\/newsletter_2018_1\/\"},\"wordCount\":3197,\"commentCount\":0,\"publisher\":{\"@id\":\"https:\/\/www.tagesfamilien-aaa.ch\/#organization\"},\"image\":{\"@id\":\"https:\/\/www.tagesfamilien-aaa.ch\/index.php\/2018\/06\/18\/newsletter_2018_1\/#primaryimage\"},\"thumbnailUrl\":\"https:\/\/www.tagesfamilien-aaa.ch\/wp-content\/uploads\/2018\/04\/activity-art-artistic-707193-e1523339760481.jpg\",\"articleSection\":[\"Newsletter\"],\"inLanguage\":\"de\",\"potentialAction\":[{\"@type\":\"CommentAction\",\"name\":\"Comment\",\"target\":[\"https:\/\/www.tagesfamilien-aaa.ch\/index.php\/2018\/06\/18\/newsletter_2018_1\/#respond\"]}]},{\"@type\":\"WebPage\",\"@id\":\"https:\/\/www.tagesfamilien-aaa.ch\/index.php\/2018\/06\/18\/newsletter_2018_1\/\",\"url\":\"https:\/\/www.tagesfamilien-aaa.ch\/index.php\/2018\/06\/18\/newsletter_2018_1\/\",\"name\":\"Newsletter Nr. 1 \/ 2018 - Tagesfamilien Bezirk Affoltern\",\"isPartOf\":{\"@id\":\"https:\/\/www.tagesfamilien-aaa.ch\/#website\"},\"primaryImageOfPage\":{\"@id\":\"https:\/\/www.tagesfamilien-aaa.ch\/index.php\/2018\/06\/18\/newsletter_2018_1\/#primaryimage\"},\"image\":{\"@id\":\"https:\/\/www.tagesfamilien-aaa.ch\/index.php\/2018\/06\/18\/newsletter_2018_1\/#primaryimage\"},\"thumbnailUrl\":\"https:\/\/www.tagesfamilien-aaa.ch\/wp-content\/uploads\/2018\/04\/activity-art-artistic-707193-e1523339760481.jpg\",\"datePublished\":\"2018-06-18T06:50:38+00:00\",\"dateModified\":\"2023-09-28T14:56:16+00:00\",\"description\":\"Tagesmutter, Familie, Betreuung, Kinder, Krippe, famiilienerg\u00e4nzend,\",\"breadcrumb\":{\"@id\":\"https:\/\/www.tagesfamilien-aaa.ch\/index.php\/2018\/06\/18\/newsletter_2018_1\/#breadcrumb\"},\"inLanguage\":\"de\",\"potentialAction\":[{\"@type\":\"ReadAction\",\"target\":[\"https:\/\/www.tagesfamilien-aaa.ch\/index.php\/2018\/06\/18\/newsletter_2018_1\/\"]}]},{\"@type\":\"ImageObject\",\"inLanguage\":\"de\",\"@id\":\"https:\/\/www.tagesfamilien-aaa.ch\/index.php\/2018\/06\/18\/newsletter_2018_1\/#primaryimage\",\"url\":\"https:\/\/www.tagesfamilien-aaa.ch\/wp-content\/uploads\/2018\/04\/activity-art-artistic-707193-e1523339760481.jpg\",\"contentUrl\":\"https:\/\/www.tagesfamilien-aaa.ch\/wp-content\/uploads\/2018\/04\/activity-art-artistic-707193-e1523339760481.jpg\",\"width\":5500,\"height\":3643},{\"@type\":\"BreadcrumbList\",\"@id\":\"https:\/\/www.tagesfamilien-aaa.ch\/index.php\/2018\/06\/18\/newsletter_2018_1\/#breadcrumb\",\"itemListElement\":[{\"@type\":\"ListItem\",\"position\":1,\"name\":\"Startseite\",\"item\":\"https:\/\/www.tagesfamilien-aaa.ch\/\"},{\"@type\":\"ListItem\",\"position\":2,\"name\":\"Newsletter Nr. 1 \/ 2018\"}]},{\"@type\":\"WebSite\",\"@id\":\"https:\/\/www.tagesfamilien-aaa.ch\/#website\",\"url\":\"https:\/\/www.tagesfamilien-aaa.ch\/\",\"name\":\"Tagesfamilien Bezirk Affoltern\",\"description\":\"\",\"publisher\":{\"@id\":\"https:\/\/www.tagesfamilien-aaa.ch\/#organization\"},\"potentialAction\":[{\"@type\":\"SearchAction\",\"target\":{\"@type\":\"EntryPoint\",\"urlTemplate\":\"https:\/\/www.tagesfamilien-aaa.ch\/?s={search_term_string}\"},\"query-input\":{\"@type\":\"PropertyValueSpecification\",\"valueRequired\":true,\"valueName\":\"search_term_string\"}}],\"inLanguage\":\"de\"},{\"@type\":\"Organization\",\"@id\":\"https:\/\/www.tagesfamilien-aaa.ch\/#organization\",\"name\":\"Tagesfamilien Bezirk Affoltern\",\"url\":\"https:\/\/www.tagesfamilien-aaa.ch\/\",\"logo\":{\"@type\":\"ImageObject\",\"inLanguage\":\"de\",\"@id\":\"https:\/\/www.tagesfamilien-aaa.ch\/#\/schema\/logo\/image\/\",\"url\":\"https:\/\/www.tagesfamilien-aaa.ch\/wp-content\/uploads\/2019\/01\/TFBA_Logo.jpg\",\"contentUrl\":\"https:\/\/www.tagesfamilien-aaa.ch\/wp-content\/uploads\/2019\/01\/TFBA_Logo.jpg\",\"width\":630,\"height\":270,\"caption\":\"Tagesfamilien Bezirk Affoltern\"},\"image\":{\"@id\":\"https:\/\/www.tagesfamilien-aaa.ch\/#\/schema\/logo\/image\/\"},\"sameAs\":[\"https:\/\/www.facebook.com\/100000805876953\/posts\/2095824770454365?sfns=mo\"]},{\"@type\":\"Person\",\"@id\":\"https:\/\/www.tagesfamilien-aaa.ch\/#\/schema\/person\/3c59ea1e7855e44089ef3f0a3c843a88\",\"name\":\"Paul Eichholzer\",\"image\":{\"@type\":\"ImageObject\",\"inLanguage\":\"de\",\"@id\":\"https:\/\/www.tagesfamilien-aaa.ch\/#\/schema\/person\/image\/\",\"url\":\"\/\/www.gravatar.com\/avatar\/d0f21db5bc586e0c08ec1d14a2d440a7?s=96&#038;r=g&#038;d=mm\",\"contentUrl\":\"\/\/www.gravatar.com\/avatar\/d0f21db5bc586e0c08ec1d14a2d440a7?s=96&#038;r=g&#038;d=mm\",\"caption\":\"Paul Eichholzer\"}}]}<\/script>\n<!-- \/ Yoast SEO plugin. -->","yoast_head_json":{"title":"Newsletter Nr. 1 \/ 2018 - Tagesfamilien Bezirk Affoltern","description":"Tagesmutter, Familie, Betreuung, Kinder, Krippe, famiilienerg\u00e4nzend,","robots":{"index":"index","follow":"follow","max-snippet":"max-snippet:-1","max-image-preview":"max-image-preview:large","max-video-preview":"max-video-preview:-1"},"canonical":"https:\/\/www.tagesfamilien-aaa.ch\/index.php\/2018\/06\/18\/newsletter_2018_1\/","og_locale":"de_DE","og_type":"article","og_title":"Newsletter Nr. 1 \/ 2018 - Tagesfamilien Bezirk Affoltern","og_description":"Tagesmutter, Familie, Betreuung, Kinder, Krippe, famiilienerg\u00e4nzend,","og_url":"https:\/\/www.tagesfamilien-aaa.ch\/index.php\/2018\/06\/18\/newsletter_2018_1\/","og_site_name":"Tagesfamilien Bezirk Affoltern","article_publisher":"https:\/\/www.facebook.com\/100000805876953\/posts\/2095824770454365?sfns=mo","article_published_time":"2018-06-18T06:50:38+00:00","article_modified_time":"2023-09-28T14:56:16+00:00","og_image":[{"width":1024,"height":678,"url":"https:\/\/www.tagesfamilien-aaa.ch\/wp-content\/uploads\/2018\/04\/activity-art-artistic-707193-e1523339760481-1024x678.jpg","type":"image\/jpeg"}],"author":"Paul Eichholzer","twitter_card":"summary_large_image","twitter_misc":{"Verfasst von":"Paul Eichholzer","Gesch\u00e4tzte Lesezeit":"13\u00a0Minuten"},"schema":{"@context":"https:\/\/schema.org","@graph":[{"@type":"Article","@id":"https:\/\/www.tagesfamilien-aaa.ch\/index.php\/2018\/06\/18\/newsletter_2018_1\/#article","isPartOf":{"@id":"https:\/\/www.tagesfamilien-aaa.ch\/index.php\/2018\/06\/18\/newsletter_2018_1\/"},"author":{"name":"Paul Eichholzer","@id":"https:\/\/www.tagesfamilien-aaa.ch\/#\/schema\/person\/3c59ea1e7855e44089ef3f0a3c843a88"},"headline":"Newsletter Nr. 1 \/ 2018","datePublished":"2018-06-18T06:50:38+00:00","dateModified":"2023-09-28T14:56:16+00:00","mainEntityOfPage":{"@id":"https:\/\/www.tagesfamilien-aaa.ch\/index.php\/2018\/06\/18\/newsletter_2018_1\/"},"wordCount":3197,"commentCount":0,"publisher":{"@id":"https:\/\/www.tagesfamilien-aaa.ch\/#organization"},"image":{"@id":"https:\/\/www.tagesfamilien-aaa.ch\/index.php\/2018\/06\/18\/newsletter_2018_1\/#primaryimage"},"thumbnailUrl":"https:\/\/www.tagesfamilien-aaa.ch\/wp-content\/uploads\/2018\/04\/activity-art-artistic-707193-e1523339760481.jpg","articleSection":["Newsletter"],"inLanguage":"de","potentialAction":[{"@type":"CommentAction","name":"Comment","target":["https:\/\/www.tagesfamilien-aaa.ch\/index.php\/2018\/06\/18\/newsletter_2018_1\/#respond"]}]},{"@type":"WebPage","@id":"https:\/\/www.tagesfamilien-aaa.ch\/index.php\/2018\/06\/18\/newsletter_2018_1\/","url":"https:\/\/www.tagesfamilien-aaa.ch\/index.php\/2018\/06\/18\/newsletter_2018_1\/","name":"Newsletter Nr. 1 \/ 2018 - Tagesfamilien Bezirk Affoltern","isPartOf":{"@id":"https:\/\/www.tagesfamilien-aaa.ch\/#website"},"primaryImageOfPage":{"@id":"https:\/\/www.tagesfamilien-aaa.ch\/index.php\/2018\/06\/18\/newsletter_2018_1\/#primaryimage"},"image":{"@id":"https:\/\/www.tagesfamilien-aaa.ch\/index.php\/2018\/06\/18\/newsletter_2018_1\/#primaryimage"},"thumbnailUrl":"https:\/\/www.tagesfamilien-aaa.ch\/wp-content\/uploads\/2018\/04\/activity-art-artistic-707193-e1523339760481.jpg","datePublished":"2018-06-18T06:50:38+00:00","dateModified":"2023-09-28T14:56:16+00:00","description":"Tagesmutter, Familie, Betreuung, Kinder, Krippe, famiilienerg\u00e4nzend,","breadcrumb":{"@id":"https:\/\/www.tagesfamilien-aaa.ch\/index.php\/2018\/06\/18\/newsletter_2018_1\/#breadcrumb"},"inLanguage":"de","potentialAction":[{"@type":"ReadAction","target":["https:\/\/www.tagesfamilien-aaa.ch\/index.php\/2018\/06\/18\/newsletter_2018_1\/"]}]},{"@type":"ImageObject","inLanguage":"de","@id":"https:\/\/www.tagesfamilien-aaa.ch\/index.php\/2018\/06\/18\/newsletter_2018_1\/#primaryimage","url":"https:\/\/www.tagesfamilien-aaa.ch\/wp-content\/uploads\/2018\/04\/activity-art-artistic-707193-e1523339760481.jpg","contentUrl":"https:\/\/www.tagesfamilien-aaa.ch\/wp-content\/uploads\/2018\/04\/activity-art-artistic-707193-e1523339760481.jpg","width":5500,"height":3643},{"@type":"BreadcrumbList","@id":"https:\/\/www.tagesfamilien-aaa.ch\/index.php\/2018\/06\/18\/newsletter_2018_1\/#breadcrumb","itemListElement":[{"@type":"ListItem","position":1,"name":"Startseite","item":"https:\/\/www.tagesfamilien-aaa.ch\/"},{"@type":"ListItem","position":2,"name":"Newsletter Nr. 1 \/ 2018"}]},{"@type":"WebSite","@id":"https:\/\/www.tagesfamilien-aaa.ch\/#website","url":"https:\/\/www.tagesfamilien-aaa.ch\/","name":"Tagesfamilien Bezirk Affoltern","description":"","publisher":{"@id":"https:\/\/www.tagesfamilien-aaa.ch\/#organization"},"potentialAction":[{"@type":"SearchAction","target":{"@type":"EntryPoint","urlTemplate":"https:\/\/www.tagesfamilien-aaa.ch\/?s={search_term_string}"},"query-input":{"@type":"PropertyValueSpecification","valueRequired":true,"valueName":"search_term_string"}}],"inLanguage":"de"},{"@type":"Organization","@id":"https:\/\/www.tagesfamilien-aaa.ch\/#organization","name":"Tagesfamilien Bezirk Affoltern","url":"https:\/\/www.tagesfamilien-aaa.ch\/","logo":{"@type":"ImageObject","inLanguage":"de","@id":"https:\/\/www.tagesfamilien-aaa.ch\/#\/schema\/logo\/image\/","url":"https:\/\/www.tagesfamilien-aaa.ch\/wp-content\/uploads\/2019\/01\/TFBA_Logo.jpg","contentUrl":"https:\/\/www.tagesfamilien-aaa.ch\/wp-content\/uploads\/2019\/01\/TFBA_Logo.jpg","width":630,"height":270,"caption":"Tagesfamilien Bezirk Affoltern"},"image":{"@id":"https:\/\/www.tagesfamilien-aaa.ch\/#\/schema\/logo\/image\/"},"sameAs":["https:\/\/www.facebook.com\/100000805876953\/posts\/2095824770454365?sfns=mo"]},{"@type":"Person","@id":"https:\/\/www.tagesfamilien-aaa.ch\/#\/schema\/person\/3c59ea1e7855e44089ef3f0a3c843a88","name":"Paul Eichholzer","image":{"@type":"ImageObject","inLanguage":"de","@id":"https:\/\/www.tagesfamilien-aaa.ch\/#\/schema\/person\/image\/","url":"\/\/www.gravatar.com\/avatar\/d0f21db5bc586e0c08ec1d14a2d440a7?s=96&#038;r=g&#038;d=mm","contentUrl":"\/\/www.gravatar.com\/avatar\/d0f21db5bc586e0c08ec1d14a2d440a7?s=96&#038;r=g&#038;d=mm","caption":"Paul Eichholzer"}}]}},"_links":{"self":[{"href":"https:\/\/www.tagesfamilien-aaa.ch\/index.php\/wp-json\/wp\/v2\/posts\/202","targetHints":{"allow":["GET"]}}],"collection":[{"href":"https:\/\/www.tagesfamilien-aaa.ch\/index.php\/wp-json\/wp\/v2\/posts"}],"about":[{"href":"https:\/\/www.tagesfamilien-aaa.ch\/index.php\/wp-json\/wp\/v2\/types\/post"}],"author":[{"embeddable":true,"href":"https:\/\/www.tagesfamilien-aaa.ch\/index.php\/wp-json\/wp\/v2\/users\/2"}],"replies":[{"embeddable":true,"href":"https:\/\/www.tagesfamilien-aaa.ch\/index.php\/wp-json\/wp\/v2\/comments?post=202"}],"version-history":[{"count":25,"href":"https:\/\/www.tagesfamilien-aaa.ch\/index.php\/wp-json\/wp\/v2\/posts\/202\/revisions"}],"predecessor-version":[{"id":3376,"href":"https:\/\/www.tagesfamilien-aaa.ch\/index.php\/wp-json\/wp\/v2\/posts\/202\/revisions\/3376"}],"wp:featuredmedia":[{"embeddable":true,"href":"https:\/\/www.tagesfamilien-aaa.ch\/index.php\/wp-json\/wp\/v2\/media\/1249"}],"wp:attachment":[{"href":"https:\/\/www.tagesfamilien-aaa.ch\/index.php\/wp-json\/wp\/v2\/media?parent=202"}],"wp:term":[{"taxonomy":"category","embeddable":true,"href":"https:\/\/www.tagesfamilien-aaa.ch\/index.php\/wp-json\/wp\/v2\/categories?post=202"},{"taxonomy":"post_tag","embeddable":true,"href":"https:\/\/www.tagesfamilien-aaa.ch\/index.php\/wp-json\/wp\/v2\/tags?post=202"}],"curies":[{"name":"wp","href":"https:\/\/api.w.org\/{rel}","templated":true}]}}