{"id":2562,"date":"2020-01-12T12:41:08","date_gmt":"2020-01-12T12:41:08","guid":{"rendered":"https:\/\/www.tagesfamilien-aaa.ch\/?p=2562"},"modified":"2023-09-28T16:59:05","modified_gmt":"2023-09-28T14:59:05","slug":"newsletter-2-2019","status":"publish","type":"post","link":"https:\/\/www.tagesfamilien-aaa.ch\/index.php\/2020\/01\/12\/newsletter-2-2019\/","title":{"rendered":"Newsletter 2 \/ 2019"},"content":{"rendered":"<p><div class=\"fusion-fullwidth fullwidth-box fusion-builder-row-1 hundred-percent-fullwidth non-hundred-percent-height-scrolling\" style=\"--awb-border-radius-top-left:0px;--awb-border-radius-top-right:0px;--awb-border-radius-bottom-right:0px;--awb-border-radius-bottom-left:0px;--awb-padding-right:0px;--awb-padding-left:0px;--awb-flex-wrap:wrap;\" ><div class=\"fusion-builder-row fusion-row\"><div class=\"fusion-layout-column fusion_builder_column fusion-builder-column-0 fusion_builder_column_1_1 1_1 fusion-one-full fusion-column-first fusion-column-last\" style=\"--awb-bg-size:cover;\"><div class=\"fusion-column-wrapper fusion-column-has-shadow fusion-flex-column-wrapper-legacy\">\t\t\t\t\t<div class=\"fusion-slider-container fusion-slider-sc-tfba_newsletter fusion-slider-48 full-width-slider\" style=\"height:300px; max-width:100%;\" data-id=\"48\" data-full_height=\"\">\n\t\t\t\t\t\t<style type=\"text\/css\">.fusion-slider-48 .flex-direction-nav a {width:63px;height:63px;line-height:63px;font-size:25px;}<\/style>\t\t\t\t\t\t<div class=\"fusion-slider-loading\">Laden...<\/div>\n\t\t\t\t\t\t<div class=\"tfs-slider flexslider main-flex full-width-slider\" data-slider_width=\"100%\" data-slider_height=\"300px\" data-full_screen=\"0\" data-parallax=\"0\" data-nav_arrows=\"0\" data-nav_box_width=\"63px\" data-nav_box_height=\"63px\" data-nav_arrow_size=\"25px\" data-autoplay=\"1\" data-loop=\"1\" data-orderby=\"modified\" data-order=\"DESC\" data-animation=\"slide\" data-slideshow_speed=\"4000\" data-animation_speed=\"1000\" data-typo_sensitivity=\"1\" data-typo_factor=\"1.5\" style=\"max-width:100%;\">\n\t\t\t\t\t\t\t<ul class=\"slides\">\n\t\t\t\t\t\t\t\t\t\t\t\t\t\t\t\t\t<li data-mute=\"yes\" data-loop=\"yes\" data-autoplay=\"yes\">\n\t\t\t\t\t\t\t\t\t\t<div class=\"slide-content-container slide-content-center\" style=\"display: none;\">\n\t\t\t\t\t\t\t\t\t\t\t<div class=\"slide-content\" style=\"\">\n\t\t\t\t\t\t\t\t\t\t\t\t\t\t\t\t\t\t\t\t\t\t\t\t\t<div class=\"heading \">\n\t\t\t\t\t\t\t\t\t\t\t\t\t\t<div class=\"fusion-title-sc-wrapper\" style=\"\">\n\t\t\t\t\t\t\t\t\t\t\t\t\t\t\t<div class=\"fusion-title title fusion-title-1 fusion-sep-none fusion-title-center fusion-title-text fusion-title-size-three\" style=\"--awb-text-color:#ffffff;--awb-sep-color:#ffffff;--awb-font-size:60px;\"><h3 class=\"fusion-title-heading title-heading-center fusion-responsive-typography-calculated\" style=\"margin:0;font-size:1em;--fontSize:60;line-height:1.33;\">Newsletter<\/h3><\/div>\t\t\t\t\t\t\t\t\t\t\t\t\t\t<\/div>\n\t\t\t\t\t\t\t\t\t\t\t\t\t<\/div>\n\t\t\t\t\t\t\t\t\t\t\t\t\t\t\t\t\t\t\t\t\t\t\t\t\t\t\t\t\t\t\t\t\t\t\t\t\t\t\t\t\t\t\t\t\t\t\t<\/div>\n\t\t\t\t\t\t\t\t\t\t<\/div>\n\t\t\t\t\t\t\t\t\t\t\t\t\t\t\t\t\t\t\t\t\t\t\t\t\t\t\t\t\t\t\t\t\t\t\t\t\t\t\t\t<div class=\"background background-image\" style=\"background-image: url(https:\/\/www.tagesfamilien-aaa.ch\/wp-content\/uploads\/2023\/03\/pexels-suzy-hazelwood-1995842-scaled.jpg);max-width:100%;height:300px;filter: progid:DXImageTransform.Microsoft.AlphaImageLoader(src='https:\/\/www.tagesfamilien-aaa.ch\/wp-content\/uploads\/2023\/03\/pexels-suzy-hazelwood-1995842-scaled.jpg', sizingMethod='scale');\" data-imgwidth=\"2560\">\n\t\t\t\t\t\t\t\t\t\t\t\t\t\t\t\t\t\t\t\t\t\t\t\t\t\t\t\t\t\t\t\t\t\t\t\t\t\t\t\t\t\t\t\t\t\t\t\t\t\t\t\t\t\t\t\t\t\t\t\t\t\t\t\t\t\t<\/div>\n\t\t\t\t\t\t\t\t\t<\/li>\n\t\t\t\t\t\t\t\t\t\t\t\t\t\t\t\t\t\t\t\t\t\t\t<\/ul>\n\t\t\t\t\t\t<\/div>\n\t\t\t\t\t<\/div>\n\t\t\t\t\t\t\t\t<div class=\"fusion-clearfix\"><\/div><\/div><\/div><\/div><\/div><div class=\"fusion-fullwidth fullwidth-box fusion-builder-row-2 nonhundred-percent-fullwidth non-hundred-percent-height-scrolling\" style=\"--awb-border-radius-top-left:0px;--awb-border-radius-top-right:0px;--awb-border-radius-bottom-right:0px;--awb-border-radius-bottom-left:0px;--awb-flex-wrap:wrap;\" ><div class=\"fusion-builder-row fusion-row\"><div class=\"fusion-layout-column fusion_builder_column fusion-builder-column-1 fusion_builder_column_2_3 2_3 fusion-two-third fusion-column-first\" style=\"--awb-bg-size:cover;width:66.666666666667%;width:calc(66.666666666667% - ( ( 4% ) * 0.66666666666667 ) );margin-right: 4%;\"><div class=\"fusion-column-wrapper fusion-column-has-shadow fusion-flex-column-wrapper-legacy\"><ul style=\"--awb-line-height:23.8px;--awb-icon-width:23.8px;--awb-icon-height:23.8px;--awb-icon-margin:9.8px;--awb-content-margin:33.6px;\" class=\"fusion-checklist fusion-checklist-1 fusion-checklist-default type-icons\"><li class=\"fusion-li-item\" style=\"\"><span class=\"icon-wrapper circle-no\"><i class=\"fusion-li-icon fa-hand-point-right far\" aria-hidden=\"true\"><\/i><\/span><div class=\"fusion-li-item-content\"><span style=\"font-size: 200%\">R\u00fcckblick Sommer<\/span><\/div><\/li><li class=\"fusion-li-item\" style=\"\"><span class=\"icon-wrapper circle-no\"><i class=\"fusion-li-icon fa-hand-point-right far\" aria-hidden=\"true\"><\/i><\/span><div class=\"fusion-li-item-content\"><span style=\"font-size: 200%\">Kerzenziehen<\/span><\/div><\/li><li class=\"fusion-li-item\" style=\"\"><span class=\"icon-wrapper circle-no\"><i class=\"fusion-li-icon fa-hand-point-right far\" aria-hidden=\"true\"><\/i><\/span><div class=\"fusion-li-item-content\">\n<p><span style=\"font-size: 200%\">Stimmen aus dem Verein<\/span><\/p>\n<\/div><\/li><li class=\"fusion-li-item\" style=\"\"><span class=\"icon-wrapper circle-no\"><i class=\"fusion-li-icon fa-hand-point-right far\" aria-hidden=\"true\"><\/i><\/span><div class=\"fusion-li-item-content\"><span style=\"font-size: 200%\">Unsere Stellenangebote<\/span><\/div><\/li><li class=\"fusion-li-item\" style=\"\"><span class=\"icon-wrapper circle-no\"><i class=\"fusion-li-icon fa-hand-point-right far\" aria-hidden=\"true\"><\/i><\/span><div class=\"fusion-li-item-content\"><span style=\"font-size: 200%\">Save the date<\/span><\/div><\/li><\/ul><div class=\"fusion-title title fusion-title-2 fusion-sep-none fusion-title-text fusion-title-size-two\" style=\"--awb-margin-top:20px;--awb-margin-bottom:10px;\"><h2 class=\"fusion-title-heading title-heading-left fusion-responsive-typography-calculated\" style=\"margin:0;--fontSize:50;line-height:1.16;\">R\u00fcckblick Sommer 2019<\/h2><\/div><div class=\"fusion-text fusion-text-1\"><p>In diesem Sommer hat sich der neue Vorstand aktiv mit dem Thema Werbung und Marketing auseinandergesetzt. Daher freuen wir uns sehr, ihnen unseren neuen Flyer vorzustellen.<\/p>\n<p><img decoding=\"async\" class=\"aligncenter wp-image-2567 size-large\" src=\"https:\/\/www.tagesfamilien-aaa.ch\/wp-content\/uploads\/2020\/01\/Flyer_1-e1578826164485-1024x485.png\" alt=\"\" width=\"1024\" height=\"485\" srcset=\"https:\/\/www.tagesfamilien-aaa.ch\/wp-content\/uploads\/2020\/01\/Flyer_1-e1578826164485-200x95.png 200w, https:\/\/www.tagesfamilien-aaa.ch\/wp-content\/uploads\/2020\/01\/Flyer_1-e1578826164485-300x142.png 300w, https:\/\/www.tagesfamilien-aaa.ch\/wp-content\/uploads\/2020\/01\/Flyer_1-e1578826164485-400x189.png 400w, https:\/\/www.tagesfamilien-aaa.ch\/wp-content\/uploads\/2020\/01\/Flyer_1-e1578826164485-600x284.png 600w, https:\/\/www.tagesfamilien-aaa.ch\/wp-content\/uploads\/2020\/01\/Flyer_1-e1578826164485-768x364.png 768w, https:\/\/www.tagesfamilien-aaa.ch\/wp-content\/uploads\/2020\/01\/Flyer_1-e1578826164485-800x379.png 800w, https:\/\/www.tagesfamilien-aaa.ch\/wp-content\/uploads\/2020\/01\/Flyer_1-e1578826164485-1024x485.png 1024w, https:\/\/www.tagesfamilien-aaa.ch\/wp-content\/uploads\/2020\/01\/Flyer_1-e1578826164485-1200x568.png 1200w, https:\/\/www.tagesfamilien-aaa.ch\/wp-content\/uploads\/2020\/01\/Flyer_1-e1578826164485-1536x727.png 1536w\" sizes=\"(max-width: 1024px) 100vw, 1024px\" \/> <img decoding=\"async\" class=\"aligncenter wp-image-2566 size-large\" src=\"https:\/\/www.tagesfamilien-aaa.ch\/wp-content\/uploads\/2020\/01\/Flyer_2-e1578826207935-1024x492.png\" alt=\"\" width=\"1024\" height=\"492\" srcset=\"https:\/\/www.tagesfamilien-aaa.ch\/wp-content\/uploads\/2020\/01\/Flyer_2-e1578826207935-200x96.png 200w, https:\/\/www.tagesfamilien-aaa.ch\/wp-content\/uploads\/2020\/01\/Flyer_2-e1578826207935-300x144.png 300w, https:\/\/www.tagesfamilien-aaa.ch\/wp-content\/uploads\/2020\/01\/Flyer_2-e1578826207935-400x192.png 400w, https:\/\/www.tagesfamilien-aaa.ch\/wp-content\/uploads\/2020\/01\/Flyer_2-e1578826207935-600x288.png 600w, https:\/\/www.tagesfamilien-aaa.ch\/wp-content\/uploads\/2020\/01\/Flyer_2-e1578826207935-768x369.png 768w, https:\/\/www.tagesfamilien-aaa.ch\/wp-content\/uploads\/2020\/01\/Flyer_2-e1578826207935-800x384.png 800w, https:\/\/www.tagesfamilien-aaa.ch\/wp-content\/uploads\/2020\/01\/Flyer_2-e1578826207935-1024x492.png 1024w, https:\/\/www.tagesfamilien-aaa.ch\/wp-content\/uploads\/2020\/01\/Flyer_2-e1578826207935-1200x576.png 1200w, https:\/\/www.tagesfamilien-aaa.ch\/wp-content\/uploads\/2020\/01\/Flyer_2-e1578826207935-1536x737.png 1536w\" sizes=\"(max-width: 1024px) 100vw, 1024px\" \/><\/p>\n<p>Ein herzliches Dankesch\u00f6n geht dabei an Herrn Michael Kling, Bureau f\u00fcr Gestaltung in Thalwil, f\u00fcr seine kreative Arbeit und Unterst\u00fctzung.<\/p>\n<p>Neu k\u00f6nnen Sie uns auch im Facebook folgen. Wir freuen uns dort \u00fcber jeden Like und jede Bewertung von ihnen. Helfen Sie uns dabei, Bekannter zu werden!<\/p>\n<\/div><div class=\"fusion-title title fusion-title-3 fusion-sep-none fusion-title-text fusion-title-size-two\" style=\"--awb-margin-bottom:10px;\"><h2 class=\"fusion-title-heading title-heading-left fusion-responsive-typography-calculated\" style=\"margin:0;--fontSize:50;line-height:1.16;\">Kerzenziehen 2019<\/h2><\/div><div class=\"fusion-text fusion-text-2\"><p>in der Stiftung Werk und Wohnen zur Weid in Mettmenstetten<\/p>\n<p><strong>Ein gelungener Anlass f\u00fcr Familien mit Kindern <\/strong><\/p>\n<p>Duftender Bienenwachs, farbige Paraffinkerzen, fr\u00f6hliche Gesichter und strahlende Kinderaugen sowie angeregte Gespr\u00e4che pr\u00e4gten die angenehme<br \/>\nAtmosph\u00e4re.<\/p>\n<p><img decoding=\"async\" class=\" wp-image-2576 alignright\" src=\"https:\/\/www.tagesfamilien-aaa.ch\/wp-content\/uploads\/2020\/01\/Kerzenziehen_2019.jpg\" alt=\"\" width=\"199\" height=\"286\" srcset=\"https:\/\/www.tagesfamilien-aaa.ch\/wp-content\/uploads\/2020\/01\/Kerzenziehen_2019-200x288.jpg 200w, https:\/\/www.tagesfamilien-aaa.ch\/wp-content\/uploads\/2020\/01\/Kerzenziehen_2019-208x300.jpg 208w, https:\/\/www.tagesfamilien-aaa.ch\/wp-content\/uploads\/2020\/01\/Kerzenziehen_2019.jpg 216w\" sizes=\"(max-width: 199px) 100vw, 199px\" \/><\/p>\n<p>Zu diesem traditionellen Anlass, welcher durch Tagesfamilien Bezirk Affoltern veranstaltet wurde, kamen zahlreiche Familien mit Kindern. Alle konnten ein wundersch\u00f6nes Herbstwochenende damit verbringen in aller Ruhe eine Kerze aus Bienen- oder Paraffinwachs zu gestalten.<\/p>\n<p>Die Atmosph\u00e4re lud ebenfalls zum Verweilen und Grillieren am Feuer ein.<\/p>\n<p>Der Tagesfamilienverein bedankt sich herzlich f\u00fcr den reibungslosen Ablauf bei allen G\u00e4sten, der Stiftung Werk und Wohnen zur Weid und den vielen freiwilligen Helfern, ohne die dieser Anlass nicht h\u00e4tte durchgef\u00fchrt werden k\u00f6nnen.<\/p>\n<\/div><div class=\"fusion-title title fusion-title-4 fusion-sep-none fusion-title-text fusion-title-size-two\" style=\"--awb-margin-bottom:10px;\"><h2 class=\"fusion-title-heading title-heading-left fusion-responsive-typography-calculated\" style=\"margin:0;--fontSize:50;line-height:1.16;\">Stimmen aus dem Verein<\/h2><\/div><div class=\"fusion-text fusion-text-3\"><p><img decoding=\"async\" class=\"size-full wp-image-2583 alignleft\" src=\"https:\/\/www.tagesfamilien-aaa.ch\/wp-content\/uploads\/2020\/01\/Tagesmami.jpg\" alt=\"\" width=\"89\" height=\"117\" \/><\/p>\n<p><strong>Morgens, wenn der Wecker klingelt und <\/strong><strong>bevor die Tageskinder bei mir eintreffen&#8230;<\/strong><\/p>\n<p>\u2026k\u00fcmmere ich mich als Erstes um meine Tochter, brauche meinen Morgenkaffee und mache mich f\u00fcr den Tag startklar.<\/p>\n<p><strong>Mein Lebensmotto:<\/strong><\/p>\n<p>\u201eStark bleiben, nie Aufgeben und Gl\u00fccklich sein\u201c<\/p>\n<p><strong>Wenn ich nicht bei der Arbeit als Tagesmami und Coiffeuse<\/strong><br \/>\n<strong>bin, dann\u2026<\/strong><\/p>\n<p>\u2026verbringe ich viel Zeit mit meinem Mann und meiner Tochter. Als Ausgleich mache ich gerne Sport, gehe mit Freunden weg und geniesse meinen freien Sonntag auch mal mit nichts tun.<\/p>\n<p><strong>So sieht mein zu Hause f\u00fcr die Tageskinder aus:<\/strong><\/p>\n<p>Ordentlich, sauber und oft mit einer leeren Tasse Kaffee oder einem Red Bull :-).<\/p>\n<p>Die Kinder haben viele Sachen zum Spielen und Malen.<\/p>\n<p><strong>Wenn ich drei W\u00fcnsche frei h\u00e4tte\u2026<\/strong><\/p>\n<p>\u2026 w\u00fcrde ich gerne eine Weltreise machen<\/p>\n<p>\u2026 auf einer grossen B\u00fchne Singen<\/p>\n<p>&#8230; und das ich und meine Familie ein gesundes langes Leben haben.<\/p>\n<p><strong>Meine Erfahrungen mit meinem ersten Tageskind:<\/strong><\/p>\n<p>Es war die sch\u00f6nste und beste Zeit meines Lebens mich immer wieder auf neue Tageskinder die mir die Freude Schenken wie Luca.<\/p>\n<p>Dominique Ruchti, Tagesmami bei Tagesfamilien Bezirk Affoltern<\/p>\n<\/div><div class=\"fusion-text fusion-text-4\"><p><img decoding=\"async\" class=\"wp-image-2582 alignleft\" src=\"https:\/\/www.tagesfamilien-aaa.ch\/wp-content\/uploads\/2020\/01\/Tageskind.jpg\" alt=\"\" width=\"74\" height=\"117\" \/><\/p>\n<p><strong>nach 4 Jahren 3 Monaten und 9 Tagen sagen wir unserer gesch\u00e4tzten Tagesmami ganzem Herzen\u2026<\/strong><\/p>\n<p>\u2026 <strong>Danke<\/strong> f\u00fcr deine W\u00e4rme und Zuneigung, welche du Luca gegeben hast.<\/p>\n<p>\u2026 <strong>Danke<\/strong> f\u00fcr die Kunstwerke, welche du mit ihm gemeinsam gebastelt hast.<\/p>\n<p>\u2026 <strong>Danke<\/strong> f\u00fcr jede Tr\u00e4ne, welche du getrocknet hast.<\/p>\n<p>\u2026 <strong>Danke<\/strong> f\u00fcr deine Art, mit welcher du Luca zum Lachen gebracht hast.<\/p>\n<p>\u2026 <strong>Danke<\/strong> f\u00fcr die Geduld, die du mit dem Lausbub immer wieder aufgebracht hast.<\/p>\n<p>\u2026 <strong>Danke<\/strong> f\u00fcr dein Vertrauen in Luca und in uns als Eltern, welches uns alle hat wachsen lassen.<\/p>\n<p>\u2026 <strong>Danke<\/strong> f\u00fcr all die vielen Geschichten, die Du ihm erz\u00e4hlt hast und die wunderbaren Momente an diversen Ausfl\u00fcgen.<\/p>\n<p>\u2026 <strong>Danke<\/strong> f\u00fcr deine helfenden H\u00e4nde, wenn wir Unterst\u00fctzung gebraucht haben.<\/p>\n<p>Luca mit seinen Eltern<\/p>\n<\/div><div class=\"fusion-title title fusion-title-5 fusion-sep-none fusion-title-text fusion-title-size-two\" style=\"--awb-margin-bottom:10px;\"><h2 class=\"fusion-title-heading title-heading-left fusion-responsive-typography-calculated\" style=\"margin:0;--fontSize:50;line-height:1.16;\">Unsere Stellenangebote<\/h2><\/div><div class=\"fusion-text fusion-text-5\"><p><span style=\"font-size: 24px\"><strong>Wir suchen dringend Vorstandsmitglieder!<\/strong><\/span><\/p>\n<ul>\n<li>Ist ihnen eine <strong>pers\u00f6nliche <\/strong>Betreuung der Kinder wichtig?<\/li>\n<li>Sind Sie <strong>kommunikativ<\/strong> und l\u00f6sungsorientiert?<\/li>\n<li>\u00dcbernehmen Sie gerne<strong>\u00a0Verantwortung<\/strong>?<\/li>\n<li>Haben Sie zudem Erfahrung im Webdesign, um unseren Internetauftritt zu betreuen?<\/li>\n<\/ul>\n<p>Haben wir Ihr Interesse geweckt? Kontaktieren Sie uns.<\/p>\n<p><a href=\"mailto:fredi.krause@tagesfamilien-aaa.ch\">fredi.krause@tagesfamilien-aaa.ch<\/a><\/p>\n<\/div><div class=\"fusion-text fusion-text-6\"><p><span style=\"font-size: 24px\"><strong>Werden auch Sie Tageseltern!<\/strong><\/span><\/p>\n<ul>\n<li>Grunds\u00e4tzliches Interesse und <strong>Freude an Kindern<\/strong>, sowie an der Erziehungsarbeit<\/li>\n<li><strong>Einf\u00fchlungsverm\u00f6gen<\/strong> und Offenheit<\/li>\n<li><strong>Toleranz<\/strong> und Gespr\u00e4chsbereitschaft mit Kindern und Erwachsenen<\/li>\n<\/ul>\n<p>Haben wir Ihr Interesse geweckt? Kontaktieren Sie unsere Vermittlerinnen.<\/p>\n<p><a href=\"mailto:vermittlung@tagesfamilien-aaa.ch\">vermittlung@tagesfamilien-aaa.ch<\/a><\/p>\n<\/div><div class=\"fusion-title title fusion-title-6 fusion-sep-none fusion-title-text fusion-title-size-two\" style=\"--awb-margin-bottom:10px;\"><h2 class=\"fusion-title-heading title-heading-left fusion-responsive-typography-calculated\" style=\"margin:0;--fontSize:50;line-height:1.16;\">Save the Date<\/h2><\/div><style type='text\/css'>\n\t\t\t\t.pricing-table-1.fusion-pricing-table .panel-container, .pricing-table-1.fusion-pricing-table .standout .panel-container,\n\t\t\t\t.pricing-table-1.full-boxed-pricing.fusion-pricing-table {background-color:#f5f5f5;}\n\t\t\t\t.pricing-table-1.fusion-pricing-table .list-group .list-group-item,\n\t\t\t\t.pricing-table-1.fusion-pricing-table .list-group .list-group-item:last-child{background-color:#f5f5f5; border-color:#f5f5f5;}\n\t\t\t\t.pricing-table-1.full-boxed-pricing.fusion-pricing-table .panel-wrapper:hover .panel-heading,\n\t\t\t\t.pricing-table-1.fusion-pricing-table .panel-wrapper:hover .list-group-item {background-color:#f5f5f5;}\n\t\t\t\t.pricing-table-1.full-boxed-pricing.fusion-pricing-table .panel-heading{background-color:#f5f5f5;}\n\t\t\t\t.pricing-table-1.fusion-pricing-table .fusion-panel, .pricing-table-1 .panel-wrapper:last-child .fusion-panel,\n\t\t\t\t.pricing-table-1.fusion-pricing-table .standout .fusion-panel, .pricing-table-1.fusion-pricing-table  .panel-heading,\n\t\t\t\t.pricing-table-1.fusion-pricing-table .panel-body, .pricing-table-1.fusion-pricing-table .panel-footer{border-color:#f5f5f5;}\n\t\t\t\t.pricing-table-1.fusion-pricing-table .panel-body, .pricing-table-1.fusion-pricing-table .panel-footer{background-color:#f5f5f5;}\n\t\t\t\t.pricing-table-1.sep-boxed-pricing.fusion-pricing-table .panel-heading h3{color:#3d434c;}\n\t\t\t\t.pricing-table-1.full-boxed-pricing.fusion-pricing-table .panel-heading h3{color:#505050;}\n\t\t\t\t.pricing-table-1.fusion-pricing-table .panel-body .price .decimal-part{color:#505050;}\n\t\t\t\t.pricing-table-1.fusion-pricing-table .panel-body .price .integer-part{color:#505050;}\n\t\t\t\t.pricing-table-1.fusion-pricing-table ul.list-group li{color:#505050;}\n\t\t\t\t<\/style><div class=\"fusion-pricing-table pricing-table-1 full-boxed-pricing row fusion-columns-1 columns-1 fusion-clearfix\"><div class=\"panel-wrapper fusion-column column col-lg-12 col-md-12 col-sm-12 fusion-pricingtable-column\"><div class=\"panel-container\"><div class=\"fusion-panel\"><div class=\"panel-heading\"><h3 class=\"title-row\">BLS Training Schwerpunkt Kind<\/h3><\/div><div class=\"panel-body pricing-row\"><div class=\"price \"><span class=\"currency\">CHF <\/span><span class=\"integer-part\">80<\/span><\/div><\/div><ul class=\"list-group\"><li class=\"list-group-item normal-row\">Montag, 16. M\u00e4rz 2020, 19:00 &#8211; ca 22:00<\/li><li class=\"list-group-item normal-row\">Kinder und Jugendzentrum, Im Winkel 2, 8910 Affoltern am Albis<\/li><li class=\"list-group-item normal-row\">O. Zimmermann, dipl. Rettungssanit\u00e4ter<\/li><\/ul><div class=\"panel-footer footer-row\"><style type=\"text\/css\">#nex-forms{display:none;}<\/style><div id=\"nf_form_55136\"><div id=\"nex-forms\" class=\"nex-forms anmeldungkurs \"><div class=\"pre_fill_fields\"><\/div><div  data-backdrop=\"true\" data-open-animation=\"fadeInDown\" data-close-animation=\"fadeOutUp\" data-overlay-opacity=\"0.5\" class=\"modal  fade nex_forms_modal animated  fadeInDown v_center h_center\" style=\"background-image:#ffffff;padding-left:1% !important; padding-right:1% !important; padding-top:1% !important; padding-bottom:1% !important; width:50%;height:60% !important; margin: 0% 0%; \" id=\"nexForms_popup_3\" tabindex=\"-1\" role=\"dialog\"><span data-bs-dismiss=\"modal\" data-dismiss=\"modal\" class=\"modal-action modal-close btn-light-blue\"><i class=\"material-icons fa fa-close\"><\/i><\/span><div class=\"modal-content\" id=\"nf_form_55136\">\r\n\t\t\t\r\n\t\t\t<style type=\"text\/css\">\r\n\t\t\t\r\n\t\t\t\t#nex-forms.anmeldungkurs .nf-loader-lds-spinner div:after {background: #40C4FF; }\r\n\t\t\t\t#nex-forms.anmeldungkurs .nf-loader-lds-grid div {background: #40C4FF; }\r\n\t\t\t\t#nex-forms.anmeldungkurs .nf-loader-lds-ellipsis div { background: #40C4FF;}\r\n\t\t\t\t#nex-forms.anmeldungkurs .nf-loader-lds-default div {background: #40C4FF;}\r\n\t\t\t\t#nex-forms.anmeldungkurs .nf-loader-lds-roller div:after {background: #40C4FF;}\r\n\t\t\t\t#nex-forms.anmeldungkurs .nf-loader-lds-heart div,\r\n\t\t\t\t#nex-forms.anmeldungkurs .nf-loader-lds-heart div:after,\r\n\t\t\t\t#nex-forms.anmeldungkurs .nf-loader-lds-heart div:before {background: #40C4FF;}\r\n\t\r\n\t\t\t\t\r\n\t\t\t\t#nex-forms.anmeldungkurs .nf-loader-lds-facebook div {background: #40C4FF;}\r\n\t\t\t\t#nex-forms.anmeldungkurs .nf-loader-lds-circle > div {background: #40C4FF;}\r\n\t\t\t\t\r\n\t\t\t\t#nex-forms.anmeldungkurs .nf-loader-lds-dual-ring:after {border: 6px solid #40C4FF;border-color: #40C4FF transparent #40C4FF transparent;}\r\n\t\t\t\t#nex-forms.anmeldungkurs .nf-loader-lds-ring div {border: 8px solid #40C4FF;border-color: #40C4FF transparent transparent transparent;}\r\n\t\t\t\t#nex-forms.anmeldungkurs .nf-loader-lds-hourglass:after {border: 32px solid #40C4FF;border-color: #40C4FF transparent #40C4FF transparent;}\r\n\t\t\t\t#nex-forms.anmeldungkurs .nf-loader-lds-ripple div {border: 4px solid #40C4FF;}\r\n\t\t\t<\/style>\r\n\t\t\t\r\n\t\t\t\r\n\t\t\t<div id=\"nex-forms\" data-loader=\"ellipsis\" data-msg-hide-form=\"yes\" data-msg-position=\"top\" data-msg-placement=\"outside\"  class=\"nex-forms anmeldungkurs  \"><div class=\"pre_fill_fields\"><\/div><div class=\"set_form_theme theme-base\"><div class=\"nex_success_message msg_top msgv2 animated hidden\" style=\"display:none;\"><div class=\"nex_success_message_container\" style=\"background: #fff; box-shadow: #00000033 0px 7px 16px 0px; border-radius: 4px; padding: 30px; border-color:#ddd;\"><div class=\"msg_text\"><div class=\"form_field all_fields icon html_fields wow bounceInUp\" style=\"margin-bottom: 15px\" id=\"_21501\" data-animation-name=\"bounceInUp\">\n\t\t\t\t\t\t\t  <div class=\"edit_mask\"><\/div>\n\t\t\t\t\t\t\t  \n\t\t\t\t\t\t\t\t<div class=\"icon_container_wrapper icon_center\">\n\t\t\t\t\t\t\t\t  <div class=\"icon_container\" id=\"field_container\" style=\"border-width: 0px;background-color: transparent\">\n\t\t\t\t\t\t\t\t\t<div class=\"\">\n\t\t\t\t\t\t\t\t\t  <div class=\"input_container\">\n\t\t\t\t\t\t\t\t\t\t<div class=\"the_input_element icon_element\" style=\"font-size: 50px;color: #8bc34a\"><span class=\"fas fa-check-circle\"><\/span><\/div>\n\t\t\t\t\t\t\t\t\t  <\/div>\n\t\t\t\t\t\t\t\t\t<\/div>\n\t\t\t\t\t\t\t\t  <\/div>\n\t\t\t\t\t\t\t\t  \n\t\t\t\t\t\t\t\t<\/div>\n\t\t\t\t\t\t\t  \n\t\t\t\t\t\t\t<\/div>\n\t\t\t\t\t\t\t<div class=\"form_field all_fields html html_fields wow fadeInDown\" style=\"margin-bottom: 15px\" data-animation-name=\"fadeInDown\" data-wow-delay=\"0.5s\" id=\"_28682\">\n\t\t\t\t\t\t\t  <div class=\"edit_mask\"><\/div>\n\t\t\t\t\t\t\t  \n\t\t\t\t\t\t\t\t<div class=\"row\">\n\t\t\t\t\t\t\t\t  <div class=\"col-sm-12\" id=\"field_container\">\n\t\t\t\t\t\t\t\t\t<div class=\"row\">\n\t\t\t\t\t\t\t\t\t  <div class=\"col-sm-12 input_container\">\n\t\t\t\t\t\t\t\t\t\t<div class=\"the_input_element align_center\" data-math-equation=\"\" data-original-math-equation=\"\" data-decimal-places=\"0\">Vielen Dank f\u00fcr Ihre Nachricht.<\/div>\n\t\t\t\t\t\t\t\t\t\t<div style=\"clear:both\"><\/div>\n\t\t\t\t\t\t\t\t\t  <\/div>\n\t\t\t\t\t\t\t\t\t<\/div>\n\t\t\t\t\t\t\t\t  <\/div>\n\t\t\t\t\t\t\t\t  \n\t\t\t\t\t\t\t\t<\/div>\n\t\t\t\t\t\t\t  \n\t\t\t\t\t\t\t<\/div><\/div><\/div><\/div><div data-timer-start=\"1\" data-timer-end=\"0\" class=\"inner-canvas-container ui-nex-forms-container ui-nex-forms-container-fe  bootstrap\" id=\"ui-nex-forms-container-3\"  ><div class=\"current_step\" style=\"display:none;\">1<\/div><div class=\"last_visited_step\" style=\"display:none;\">1<\/div><div class=\"nex-forms-header-footer nex-forms-header timer_inline timer_right \"><div class=\"bc-outer-container \"><div style=\"\" class=\"nf_ms_breadcrumb  bc-gutter-20 bc-top bc-solid bc-connected bc-unfolded pilled \">\n\t\t\t\t\t\t\t\t\t\t<ul class=\"the_br  align_left pilled  md-color-blue-gray\" data-align-crumb=\"align_left\" data-text-pos=\"text-bottom\" data-breadcrumb-type=\"pilled\" data-theme=\"blue-gray\" data-show-front-end=\"yes\" data-show-inside=\"no\">\n\t\t\t\t\t\t\t\t\t\t\n\t\t\t\t\t\t\t\t\t\t\n\t\t\t\t\t\t\t\t\t\t\n\t\t\t\t\t\t\t\t\t\t\n\t\t\t\t\t\t\t\t\t\t\n\t\t\t\t\t\t\t\t\t\t\n\t\t\t\t\t\t\t\t\t\t\n\t\t\t\t\t\t\t\t\t\t\n\t\t\t\t\t\t\t\t\t\t\n\t\t\t\t\t\t\t\t\t\t\n\t\t\t\t\t\t\t\t\t\t\n\t\t\t\t\t\t\t\t\t\n\t\t\t\t\t\t\t\t\t\n\t\t\t\t\t\t\t\t\t\n\t\t\t\t\t\t\t\t\t\n\t\t\t\t\t\t\t\t\t\n\t\t\t\t\t\t\t\t\t\n\t\t\t\t\t\t\t\t\t\n\t\t\t\t\t\t\t\t\t\n\t\t\t\t\t\t\t\t\t\t\n\t\t\t\t\t\t\t\t\t\t\n\t\t\t\t\t\t\t\t\t\t\n\t\t\t\t\t\t\t\t\t\t\n\t\t\t\t\t\t\t\t\t\t\n\t\t\t\t\t\t\t\t\t\t\n\t\t\t\t\t\t\t\t\t\t\n\t\t\t\t\t\t\t\t\t\t\n\t\t\t\t\t\t\t\t\t\t\n\t\t\t\t\t\t\t\t\t\t\n\t\t\t\t\t\t\t\t\t\t<\/ul>\n\t\t\t\t\t\t\t\t\t\t<div class=\"nf_progressbar the_br\" style=\"display:none\" data-text-pos=\"text-bottom\" data-breadcrumb-type=\"pilled\" data-theme=\"blue-gray\" data-show-front-end=\"yes\" data-show-inside=\"no\">\n\t\t\t\t\t\t\t\t\t\t\t<div class=\"nf_progressbar_percentage md-color-blue-gray\" style=\"width:5%\">\n\t\t\t\t\t\t\t\t\t\t\t\t<span>0%<\/span>\n\t\t\t\t\t\t\t\t\t\t\t<\/div>\n\t\t\t\t\t\t\t\t\t\t<\/div>\n\t\t\t\t\t\t\t\t\t\t\n\t\t\t\t\t\t\t\t\t\t<div style=\"clear:both\"><\/div>\n\t\t\t\t\t\t\t\t\t<\/div><\/div><\/div><div id=\"the_plugin_url\" style=\"display:none;\">https:\/\/www.tagesfamilien-aaa.ch\/wp-content\/plugins\/nex-forms-express-wp-form-builder<\/div><div id=\"nf_save_form_progress\" style=\"display:none;\">false<\/div><div id=\"confirmation_page\" class=\"confirmation_page\" style=\"display:none;\"><\/div><div id=\"on_form_submmision\" class=\"on_form_submmision\" style=\"display:none;\">message<\/div><div class=\"hidden\" id=\"nf_ajax_url\" style=\"display:none;\">https:\/\/www.tagesfamilien-aaa.ch\/wp-admin\/admin-ajax.php<\/div><div class=\"hidden\" id=\"paypal_return_url\" style=\"display:none;\">https:\/\/www.tagesfamilien-aaa.ch\/wp-json\/wp\/v2\/posts\/2562<\/div><div class=\"hidden\" id=\"ms_scroll_to_top\" style=\"display:none;\">yes<\/div><div class=\"v7_container form_type_normal   \" style=\"\"><div class=\"current_field_on_focus\" style=\"display:none\">1<\/div><form id=\"3\" class=\"submit-nex-form nex-forms-3\" data-form-id=\"3\" name=\"nex_form\" action=\"https:\/\/www.tagesfamilien-aaa.ch\/wp-admin\/admin-ajax.php\" method=\"post\" enctype=\"multipart\/form-data\"><div class=\"step_transition_in\" style=\"display:none;\">fadeIn<\/div><div class=\"step_transition_out\" style=\"display:none;\">fadeOut<\/div><input type=\"hidden\" name=\"nex_forms_Id\" value=\"3\"><input type=\"hidden\" name=\"page\" value=\"\/index.php\/wp-json\/wp\/v2\/posts\/2562\"><input type=\"hidden\" name=\"ip\" value=\"216.73.217.99\"><input type=\"hidden\" name=\"nf_page_id\" value=\"4224\"><input type=\"hidden\" name=\"nf_page_title\" value=\"tfba_newsletter\"><input type=\"text\" name=\"company_url\" value=\"\" placeholder=\"enter company url\" class=\"form-control req\">\n\t\t\t\t\t\t\t<div class=\"form_field hidden\" id=\"_23331\">\n\t\t\t\t\t\t\t\t<input class=\"ms_current_step\" value=\"1\" name=\"ms_current_step\" type=\"hidden\">\n\t\t\t\t\t\t\t<\/div>\n\t\t\t\t\t\t\t<div class=\"form_field all_fields select common_fields selection_fields\" style=\"margin-bottom: 15px\" id=\"_75052\"><div class=\"row\"><div class=\"col-sm-12\" id=\"field_container\"><div class=\"row\"><div class=\"col-sm-12 label_container align_let align_left\"><label class=\"nf_title \"><span class=\"the_label style_bold\" style=\"font-size: 13px;color: #9e9e9e\">*Auswahl<\/span><\/label><\/div><div class=\"col-sm-12  input_container\"><select name=\"auswahl\" class=\"the_input_element error_message text pre-format form-control aling_left align_left\" data-content=\"Required\" style=\"font-size: 13px;color: #9e9e9e;background: white;border-color: #dddddd\" data-default-selected-value=\"0\"><option value=\"0\" selected=\"selected\">--- Select ---<\/option><option value=\"Notfallkurs f\u00fcr Kleinkinder\">Notfallkurs f\u00fcr Kleinkinder<\/option><option value=\"Tageseltern Grundbildung\">Tageseltern Grundbildung<\/option><\/select><\/div><\/div><\/div><\/div><\/div><div class=\"form_field all_fields name preset_fields required has_prefix_icon\" id=\"_92673\"><div class=\"row\"><div class=\"col-sm-12\" id=\"field_container\"><div class=\"row\"><div class=\"label_container align_let col-sm-12\" style=\"display: block\"><label class=\"nf_title \"><span class=\"the_label style_bold\">*Name<\/span><\/label><\/div><div class=\"col-sm-12  input_container\"><div class=\"input-group\"><span class=\"input-group-addon prefix\"><span class=\"fa fa-user\"><\/span><\/span><input type=\"text\" name=\"_name\" class=\"error_message required  the_input_element  aling_left form-control\" data-onfocus-color=\"#66AFE9\" data-drop-focus-swadow=\"1\" data-placement=\"bottom\" data-content=\"Required\" title=\"\" data-secondary-message=\"\"><\/div><\/div><\/div><\/div><\/div><\/div><div class=\"form_field all_fields email email preset_fields required has_prefix_icon\" style=\"margin-bottom: 15px;top: 0px\" id=\"_79750\"><div class=\"row\"><div class=\"col-sm-12\" id=\"field_container\"><div class=\"row\"><div class=\"col-sm-12 label_container align_let align_left\"><label class=\"nf_title \"><span class=\"the_label style_bold\" style=\"font-size: 13px;color: #9e9e9e\">*E-Mail<\/span><\/label><\/div><div class=\"col-sm-12  input_container\"><div class=\"input-group\"><span class=\"input-group-addon prefix\" style=\"color: #888888;background: white;border-color: #dddddd\"><span class=\"fa fas fa-envelope\" style=\"font-size: 17px\"><\/span><\/span><input type=\"text\" name=\"e-mail\" class=\"error_message required email form-control the_input_element aling_left align_left\" data-onfocus-color=\"#66AFE9\" data-drop-focus-swadow=\"1\" data-placement=\"bottom\" data-content=\"Required\" title=\"\" data-secondary-message=\"Invalid email address\" style=\"font-size: 13px;color: #9e9e9e;background: white;border-color: #dddddd\"><\/div><\/div><\/div><\/div><\/div><\/div><div class=\"form_field all_fields phone_number phone_number preset_fields required has_prefix_icon\" style=\"margin-bottom: 15px\" id=\"_3463\"><div class=\"row\"><div class=\"col-sm-12\" id=\"field_container\"><div class=\"row\"><div class=\"col-sm-12 label_container align_let align_left\"><label class=\"nf_title \"><span class=\"the_label style_bold\" style=\"font-size: 13px;color: #9e9e9e\">*Telefon<\/span><\/label><\/div><div class=\"col-sm-12  input_container\"><div class=\"input-group\"><span class=\"input-group-addon prefix\" style=\"color: #888888;background: white;border-color: #dddddd\"><span class=\"fa fa fa-phone\" style=\"font-size: 17px\"><\/span><\/span><input type=\"text\" name=\"telefon\" class=\"error_message required phone_number form-control the_input_element aling_left align_left\" data-onfocus-color=\"#66AFE9\" data-drop-focus-swadow=\"1\" data-placement=\"bottom\" data-content=\"Required\" title=\"\" data-secondary-message=\"Invalid phone number\" style=\"font-size: 13px;color: #9e9e9e;background: white;border-color: #dddddd\"><\/div><\/div><\/div><\/div><\/div><\/div><div class=\"form_field all_fields textarea common_fields\" id=\"_77573\"><div class=\"row\"><div class=\"col-sm-12\" id=\"field_container\"><div class=\"row\"><div class=\"label_container align_let col-sm-12\" style=\"display: block\"><label class=\"nf_title \"><span class=\"the_label style_bold\">*Ihre Nachricht<\/span><small class=\"sub-text style_italic\">Bitte vermerken Sie, f\u00fcr welchen Kurs die Anmeldung gilt!<\/small><\/label><\/div><div class=\"col-sm-12  input_container\"><textarea name=\"ihre_nachricht\" placeholder=\"\" data-maxlength-color=\"label label-success\" data-maxlength-position=\"bottom\" data-maxlength-show=\"false\" data-default-value=\"\" class=\"error_message the_input_element textarea pre-format  aling_left form-control\" data-onfocus-color=\"#66AFE9\" data-drop-focus-swadow=\"1\" data-placement=\"bottom\" data-content=\"Required\" title=\"\"><\/textarea><\/div><\/div><\/div><\/div><\/div><div class=\"form_field all_fields submit-button the_submit button_fields common_fields preset_fields special_fields selection_fields\" style=\"margin-bottom: 15px\" id=\"_64570\"><div class=\"row\"><div class=\"col-sm-12\" id=\"field_container\"><div class=\"row\"><div class=\"col-sm-12 input_container\"><button class=\"nex-submit svg_ready the_input_element btn btn-default\" data-ga=\"\" style=\"font-size: 14px\">Senden<\/button><\/div><\/div><\/div><\/div><\/div><\/form><\/div><\/div><\/div><\/div><\/div><\/div><\/div><\/div><style type=\"text\/css\" class=\"nex-forms-custom-css\"><\/style><\/div><\/div><\/div><\/div><\/div><style type='text\/css'>\n\t\t\t\t.pricing-table-2.fusion-pricing-table .panel-container, .pricing-table-2.fusion-pricing-table .standout .panel-container,\n\t\t\t\t.pricing-table-2.full-boxed-pricing.fusion-pricing-table {background-color:#f5f5f5;}\n\t\t\t\t.pricing-table-2.fusion-pricing-table .list-group .list-group-item,\n\t\t\t\t.pricing-table-2.fusion-pricing-table .list-group .list-group-item:last-child{background-color:#f5f5f5; border-color:#f5f5f5;}\n\t\t\t\t.pricing-table-2.full-boxed-pricing.fusion-pricing-table .panel-wrapper:hover .panel-heading,\n\t\t\t\t.pricing-table-2.fusion-pricing-table .panel-wrapper:hover .list-group-item {background-color:#f5f5f5;}\n\t\t\t\t.pricing-table-2.full-boxed-pricing.fusion-pricing-table .panel-heading{background-color:#f5f5f5;}\n\t\t\t\t.pricing-table-2.fusion-pricing-table .fusion-panel, .pricing-table-2 .panel-wrapper:last-child .fusion-panel,\n\t\t\t\t.pricing-table-2.fusion-pricing-table .standout .fusion-panel, .pricing-table-2.fusion-pricing-table  .panel-heading,\n\t\t\t\t.pricing-table-2.fusion-pricing-table .panel-body, .pricing-table-2.fusion-pricing-table .panel-footer{border-color:#f5f5f5;}\n\t\t\t\t.pricing-table-2.fusion-pricing-table .panel-body, .pricing-table-2.fusion-pricing-table .panel-footer{background-color:#f5f5f5;}\n\t\t\t\t.pricing-table-2.sep-boxed-pricing.fusion-pricing-table .panel-heading h3{color:#3d434c;}\n\t\t\t\t.pricing-table-2.full-boxed-pricing.fusion-pricing-table .panel-heading h3{color:#505050;}\n\t\t\t\t.pricing-table-2.fusion-pricing-table .panel-body .price .decimal-part{color:#505050;}\n\t\t\t\t.pricing-table-2.fusion-pricing-table .panel-body .price .integer-part{color:#505050;}\n\t\t\t\t.pricing-table-2.fusion-pricing-table ul.list-group li{color:#505050;}\n\t\t\t\t<\/style><div class=\"fusion-pricing-table pricing-table-2 full-boxed-pricing row fusion-columns-1 columns-1 fusion-clearfix\"><div class=\"panel-wrapper fusion-column column col-lg-12 col-md-12 col-sm-12 fusion-pricingtable-column\"><div class=\"panel-container\"><div class=\"fusion-panel\"><div class=\"panel-heading\"><h3 class=\"title-row\">Kinder und der Umgang mit Medien<\/h3><\/div><div class=\"panel-body pricing-row\"><div class=\"price \"><span class=\"currency\">CHF <\/span><span class=\"integer-part\">80<\/span><\/div><\/div><ul class=\"list-group\"><li class=\"list-group-item normal-row\">Mittwoch, 3. Mai 2020, 19:00 &#8211; ca 22:00<\/li><li class=\"list-group-item normal-row\">Kinder und Jugendzentrum, Im Winkel 2, 8910 Affoltern am Albis<\/li><li class=\"list-group-item normal-row\">S. Attoun, Moderatorin<\/li><\/ul><div class=\"panel-footer footer-row\"><style type=\"text\/css\">#nex-forms{display:none;}<\/style><div id=\"nf_form_96786\"><div id=\"nex-forms\" class=\"nex-forms anmeldungkurs \"><div class=\"pre_fill_fields\"><\/div><div  data-backdrop=\"true\" data-open-animation=\"fadeInDown\" data-close-animation=\"fadeOutUp\" data-overlay-opacity=\"0.5\" class=\"modal  fade nex_forms_modal animated  fadeInDown v_center h_center\" style=\"background-image:#ffffff;padding-left:1% !important; padding-right:1% !important; padding-top:1% !important; padding-bottom:1% !important; width:50%;height:60% !important; margin: 0% 0%; \" id=\"nexForms_popup_3\" tabindex=\"-1\" role=\"dialog\"><span data-bs-dismiss=\"modal\" data-dismiss=\"modal\" class=\"modal-action modal-close btn-light-blue\"><i class=\"material-icons fa fa-close\"><\/i><\/span><div class=\"modal-content\" id=\"nf_form_96786\">\r\n\t\t\t\r\n\t\t\t<style type=\"text\/css\">\r\n\t\t\t\r\n\t\t\t\t#nex-forms.anmeldungkurs .nf-loader-lds-spinner div:after {background: #40C4FF; }\r\n\t\t\t\t#nex-forms.anmeldungkurs .nf-loader-lds-grid div {background: #40C4FF; }\r\n\t\t\t\t#nex-forms.anmeldungkurs .nf-loader-lds-ellipsis div { background: #40C4FF;}\r\n\t\t\t\t#nex-forms.anmeldungkurs .nf-loader-lds-default div {background: #40C4FF;}\r\n\t\t\t\t#nex-forms.anmeldungkurs .nf-loader-lds-roller div:after {background: #40C4FF;}\r\n\t\t\t\t#nex-forms.anmeldungkurs .nf-loader-lds-heart div,\r\n\t\t\t\t#nex-forms.anmeldungkurs .nf-loader-lds-heart div:after,\r\n\t\t\t\t#nex-forms.anmeldungkurs .nf-loader-lds-heart div:before {background: #40C4FF;}\r\n\t\r\n\t\t\t\t\r\n\t\t\t\t#nex-forms.anmeldungkurs .nf-loader-lds-facebook div {background: #40C4FF;}\r\n\t\t\t\t#nex-forms.anmeldungkurs .nf-loader-lds-circle > div {background: #40C4FF;}\r\n\t\t\t\t\r\n\t\t\t\t#nex-forms.anmeldungkurs .nf-loader-lds-dual-ring:after {border: 6px solid #40C4FF;border-color: #40C4FF transparent #40C4FF transparent;}\r\n\t\t\t\t#nex-forms.anmeldungkurs .nf-loader-lds-ring div {border: 8px solid #40C4FF;border-color: #40C4FF transparent transparent transparent;}\r\n\t\t\t\t#nex-forms.anmeldungkurs .nf-loader-lds-hourglass:after {border: 32px solid #40C4FF;border-color: #40C4FF transparent #40C4FF transparent;}\r\n\t\t\t\t#nex-forms.anmeldungkurs .nf-loader-lds-ripple div {border: 4px solid #40C4FF;}\r\n\t\t\t<\/style>\r\n\t\t\t\r\n\t\t\t\r\n\t\t\t<div id=\"nex-forms\" data-loader=\"ellipsis\" data-msg-hide-form=\"yes\" data-msg-position=\"top\" data-msg-placement=\"outside\"  class=\"nex-forms anmeldungkurs  \"><div class=\"pre_fill_fields\"><\/div><div class=\"set_form_theme theme-base\"><div class=\"nex_success_message msg_top msgv2 animated hidden\" style=\"display:none;\"><div class=\"nex_success_message_container\" style=\"background: #fff; box-shadow: #00000033 0px 7px 16px 0px; border-radius: 4px; padding: 30px; border-color:#ddd;\"><div class=\"msg_text\"><div class=\"form_field all_fields icon html_fields wow bounceInUp\" style=\"margin-bottom: 15px\" id=\"_21501\" data-animation-name=\"bounceInUp\">\n\t\t\t\t\t\t\t  <div class=\"edit_mask\"><\/div>\n\t\t\t\t\t\t\t  \n\t\t\t\t\t\t\t\t<div class=\"icon_container_wrapper icon_center\">\n\t\t\t\t\t\t\t\t  <div class=\"icon_container\" id=\"field_container\" style=\"border-width: 0px;background-color: transparent\">\n\t\t\t\t\t\t\t\t\t<div class=\"\">\n\t\t\t\t\t\t\t\t\t  <div class=\"input_container\">\n\t\t\t\t\t\t\t\t\t\t<div class=\"the_input_element icon_element\" style=\"font-size: 50px;color: #8bc34a\"><span class=\"fas fa-check-circle\"><\/span><\/div>\n\t\t\t\t\t\t\t\t\t  <\/div>\n\t\t\t\t\t\t\t\t\t<\/div>\n\t\t\t\t\t\t\t\t  <\/div>\n\t\t\t\t\t\t\t\t  \n\t\t\t\t\t\t\t\t<\/div>\n\t\t\t\t\t\t\t  \n\t\t\t\t\t\t\t<\/div>\n\t\t\t\t\t\t\t<div class=\"form_field all_fields html html_fields wow fadeInDown\" style=\"margin-bottom: 15px\" data-animation-name=\"fadeInDown\" data-wow-delay=\"0.5s\" id=\"_28682\">\n\t\t\t\t\t\t\t  <div class=\"edit_mask\"><\/div>\n\t\t\t\t\t\t\t  \n\t\t\t\t\t\t\t\t<div class=\"row\">\n\t\t\t\t\t\t\t\t  <div class=\"col-sm-12\" id=\"field_container\">\n\t\t\t\t\t\t\t\t\t<div class=\"row\">\n\t\t\t\t\t\t\t\t\t  <div class=\"col-sm-12 input_container\">\n\t\t\t\t\t\t\t\t\t\t<div class=\"the_input_element align_center\" data-math-equation=\"\" data-original-math-equation=\"\" data-decimal-places=\"0\">Vielen Dank f\u00fcr Ihre Nachricht.<\/div>\n\t\t\t\t\t\t\t\t\t\t<div style=\"clear:both\"><\/div>\n\t\t\t\t\t\t\t\t\t  <\/div>\n\t\t\t\t\t\t\t\t\t<\/div>\n\t\t\t\t\t\t\t\t  <\/div>\n\t\t\t\t\t\t\t\t  \n\t\t\t\t\t\t\t\t<\/div>\n\t\t\t\t\t\t\t  \n\t\t\t\t\t\t\t<\/div><\/div><\/div><\/div><div data-timer-start=\"1\" data-timer-end=\"0\" class=\"inner-canvas-container ui-nex-forms-container ui-nex-forms-container-fe  bootstrap\" id=\"ui-nex-forms-container-3\"  ><div class=\"current_step\" style=\"display:none;\">1<\/div><div class=\"last_visited_step\" style=\"display:none;\">1<\/div><div class=\"nex-forms-header-footer nex-forms-header timer_inline timer_right \"><div class=\"bc-outer-container \"><div style=\"\" class=\"nf_ms_breadcrumb  bc-gutter-20 bc-top bc-solid bc-connected bc-unfolded pilled \">\n\t\t\t\t\t\t\t\t\t\t<ul class=\"the_br  align_left pilled  md-color-blue-gray\" data-align-crumb=\"align_left\" data-text-pos=\"text-bottom\" data-breadcrumb-type=\"pilled\" data-theme=\"blue-gray\" data-show-front-end=\"yes\" data-show-inside=\"no\">\n\t\t\t\t\t\t\t\t\t\t\n\t\t\t\t\t\t\t\t\t\t\n\t\t\t\t\t\t\t\t\t\t\n\t\t\t\t\t\t\t\t\t\t\n\t\t\t\t\t\t\t\t\t\t\n\t\t\t\t\t\t\t\t\t\t\n\t\t\t\t\t\t\t\t\t\t\n\t\t\t\t\t\t\t\t\t\t\n\t\t\t\t\t\t\t\t\t\t\n\t\t\t\t\t\t\t\t\t\t\n\t\t\t\t\t\t\t\t\t\t\n\t\t\t\t\t\t\t\t\t\n\t\t\t\t\t\t\t\t\t\n\t\t\t\t\t\t\t\t\t\n\t\t\t\t\t\t\t\t\t\n\t\t\t\t\t\t\t\t\t\n\t\t\t\t\t\t\t\t\t\n\t\t\t\t\t\t\t\t\t\n\t\t\t\t\t\t\t\t\t\n\t\t\t\t\t\t\t\t\t\t\n\t\t\t\t\t\t\t\t\t\t\n\t\t\t\t\t\t\t\t\t\t\n\t\t\t\t\t\t\t\t\t\t\n\t\t\t\t\t\t\t\t\t\t\n\t\t\t\t\t\t\t\t\t\t\n\t\t\t\t\t\t\t\t\t\t\n\t\t\t\t\t\t\t\t\t\t\n\t\t\t\t\t\t\t\t\t\t\n\t\t\t\t\t\t\t\t\t\t\n\t\t\t\t\t\t\t\t\t\t<\/ul>\n\t\t\t\t\t\t\t\t\t\t<div class=\"nf_progressbar the_br\" style=\"display:none\" data-text-pos=\"text-bottom\" data-breadcrumb-type=\"pilled\" data-theme=\"blue-gray\" data-show-front-end=\"yes\" data-show-inside=\"no\">\n\t\t\t\t\t\t\t\t\t\t\t<div class=\"nf_progressbar_percentage md-color-blue-gray\" style=\"width:5%\">\n\t\t\t\t\t\t\t\t\t\t\t\t<span>0%<\/span>\n\t\t\t\t\t\t\t\t\t\t\t<\/div>\n\t\t\t\t\t\t\t\t\t\t<\/div>\n\t\t\t\t\t\t\t\t\t\t\n\t\t\t\t\t\t\t\t\t\t<div style=\"clear:both\"><\/div>\n\t\t\t\t\t\t\t\t\t<\/div><\/div><\/div><div id=\"the_plugin_url\" style=\"display:none;\">https:\/\/www.tagesfamilien-aaa.ch\/wp-content\/plugins\/nex-forms-express-wp-form-builder<\/div><div id=\"nf_save_form_progress\" style=\"display:none;\">false<\/div><div id=\"confirmation_page\" class=\"confirmation_page\" style=\"display:none;\"><\/div><div id=\"on_form_submmision\" class=\"on_form_submmision\" style=\"display:none;\">message<\/div><div class=\"hidden\" id=\"nf_ajax_url\" style=\"display:none;\">https:\/\/www.tagesfamilien-aaa.ch\/wp-admin\/admin-ajax.php<\/div><div class=\"hidden\" id=\"paypal_return_url\" style=\"display:none;\">https:\/\/www.tagesfamilien-aaa.ch\/wp-json\/wp\/v2\/posts\/2562<\/div><div class=\"hidden\" id=\"ms_scroll_to_top\" style=\"display:none;\">yes<\/div><div class=\"v7_container form_type_normal   \" style=\"\"><div class=\"current_field_on_focus\" style=\"display:none\">1<\/div><form id=\"3\" class=\"submit-nex-form nex-forms-3\" data-form-id=\"3\" name=\"nex_form\" action=\"https:\/\/www.tagesfamilien-aaa.ch\/wp-admin\/admin-ajax.php\" method=\"post\" enctype=\"multipart\/form-data\"><div class=\"step_transition_in\" style=\"display:none;\">fadeIn<\/div><div class=\"step_transition_out\" style=\"display:none;\">fadeOut<\/div><input type=\"hidden\" name=\"nex_forms_Id\" value=\"3\"><input type=\"hidden\" name=\"page\" value=\"\/index.php\/wp-json\/wp\/v2\/posts\/2562\"><input type=\"hidden\" name=\"ip\" value=\"216.73.217.99\"><input type=\"hidden\" name=\"nf_page_id\" value=\"4224\"><input type=\"hidden\" name=\"nf_page_title\" value=\"tfba_newsletter\"><input type=\"text\" name=\"company_url\" value=\"\" placeholder=\"enter company url\" class=\"form-control req\">\n\t\t\t\t\t\t\t<div class=\"form_field hidden\" id=\"_23331\">\n\t\t\t\t\t\t\t\t<input class=\"ms_current_step\" value=\"1\" name=\"ms_current_step\" type=\"hidden\">\n\t\t\t\t\t\t\t<\/div>\n\t\t\t\t\t\t\t<div class=\"form_field all_fields select common_fields selection_fields\" style=\"margin-bottom: 15px\" id=\"_75052\"><div class=\"row\"><div class=\"col-sm-12\" id=\"field_container\"><div class=\"row\"><div class=\"col-sm-12 label_container align_let align_left\"><label class=\"nf_title \"><span class=\"the_label style_bold\" style=\"font-size: 13px;color: #9e9e9e\">*Auswahl<\/span><\/label><\/div><div class=\"col-sm-12  input_container\"><select name=\"auswahl\" class=\"the_input_element error_message text pre-format form-control aling_left align_left\" data-content=\"Required\" style=\"font-size: 13px;color: #9e9e9e;background: white;border-color: #dddddd\" data-default-selected-value=\"0\"><option value=\"0\" selected=\"selected\">--- Select ---<\/option><option value=\"Notfallkurs f\u00fcr Kleinkinder\">Notfallkurs f\u00fcr Kleinkinder<\/option><option value=\"Tageseltern Grundbildung\">Tageseltern Grundbildung<\/option><\/select><\/div><\/div><\/div><\/div><\/div><div class=\"form_field all_fields name preset_fields required has_prefix_icon\" id=\"_92673\"><div class=\"row\"><div class=\"col-sm-12\" id=\"field_container\"><div class=\"row\"><div class=\"label_container align_let col-sm-12\" style=\"display: block\"><label class=\"nf_title \"><span class=\"the_label style_bold\">*Name<\/span><\/label><\/div><div class=\"col-sm-12  input_container\"><div class=\"input-group\"><span class=\"input-group-addon prefix\"><span class=\"fa fa-user\"><\/span><\/span><input type=\"text\" name=\"_name\" class=\"error_message required  the_input_element  aling_left form-control\" data-onfocus-color=\"#66AFE9\" data-drop-focus-swadow=\"1\" data-placement=\"bottom\" data-content=\"Required\" title=\"\" data-secondary-message=\"\"><\/div><\/div><\/div><\/div><\/div><\/div><div class=\"form_field all_fields email email preset_fields required has_prefix_icon\" style=\"margin-bottom: 15px;top: 0px\" id=\"_79750\"><div class=\"row\"><div class=\"col-sm-12\" id=\"field_container\"><div class=\"row\"><div class=\"col-sm-12 label_container align_let align_left\"><label class=\"nf_title \"><span class=\"the_label style_bold\" style=\"font-size: 13px;color: #9e9e9e\">*E-Mail<\/span><\/label><\/div><div class=\"col-sm-12  input_container\"><div class=\"input-group\"><span class=\"input-group-addon prefix\" style=\"color: #888888;background: white;border-color: #dddddd\"><span class=\"fa fas fa-envelope\" style=\"font-size: 17px\"><\/span><\/span><input type=\"text\" name=\"e-mail\" class=\"error_message required email form-control the_input_element aling_left align_left\" data-onfocus-color=\"#66AFE9\" data-drop-focus-swadow=\"1\" data-placement=\"bottom\" data-content=\"Required\" title=\"\" data-secondary-message=\"Invalid email address\" style=\"font-size: 13px;color: #9e9e9e;background: white;border-color: #dddddd\"><\/div><\/div><\/div><\/div><\/div><\/div><div class=\"form_field all_fields phone_number phone_number preset_fields required has_prefix_icon\" style=\"margin-bottom: 15px\" id=\"_3463\"><div class=\"row\"><div class=\"col-sm-12\" id=\"field_container\"><div class=\"row\"><div class=\"col-sm-12 label_container align_let align_left\"><label class=\"nf_title \"><span class=\"the_label style_bold\" style=\"font-size: 13px;color: #9e9e9e\">*Telefon<\/span><\/label><\/div><div class=\"col-sm-12  input_container\"><div class=\"input-group\"><span class=\"input-group-addon prefix\" style=\"color: #888888;background: white;border-color: #dddddd\"><span class=\"fa fa fa-phone\" style=\"font-size: 17px\"><\/span><\/span><input type=\"text\" name=\"telefon\" class=\"error_message required phone_number form-control the_input_element aling_left align_left\" data-onfocus-color=\"#66AFE9\" data-drop-focus-swadow=\"1\" data-placement=\"bottom\" data-content=\"Required\" title=\"\" data-secondary-message=\"Invalid phone number\" style=\"font-size: 13px;color: #9e9e9e;background: white;border-color: #dddddd\"><\/div><\/div><\/div><\/div><\/div><\/div><div class=\"form_field all_fields textarea common_fields\" id=\"_77573\"><div class=\"row\"><div class=\"col-sm-12\" id=\"field_container\"><div class=\"row\"><div class=\"label_container align_let col-sm-12\" style=\"display: block\"><label class=\"nf_title \"><span class=\"the_label style_bold\">*Ihre Nachricht<\/span><small class=\"sub-text style_italic\">Bitte vermerken Sie, f\u00fcr welchen Kurs die Anmeldung gilt!<\/small><\/label><\/div><div class=\"col-sm-12  input_container\"><textarea name=\"ihre_nachricht\" placeholder=\"\" data-maxlength-color=\"label label-success\" data-maxlength-position=\"bottom\" data-maxlength-show=\"false\" data-default-value=\"\" class=\"error_message the_input_element textarea pre-format  aling_left form-control\" data-onfocus-color=\"#66AFE9\" data-drop-focus-swadow=\"1\" data-placement=\"bottom\" data-content=\"Required\" title=\"\"><\/textarea><\/div><\/div><\/div><\/div><\/div><div class=\"form_field all_fields submit-button the_submit button_fields common_fields preset_fields special_fields selection_fields\" style=\"margin-bottom: 15px\" id=\"_64570\"><div class=\"row\"><div class=\"col-sm-12\" id=\"field_container\"><div class=\"row\"><div class=\"col-sm-12 input_container\"><button class=\"nex-submit svg_ready the_input_element btn btn-default\" data-ga=\"\" style=\"font-size: 14px\">Senden<\/button><\/div><\/div><\/div><\/div><\/div><\/form><\/div><\/div><\/div><\/div><\/div><\/div><\/div><\/div><style type=\"text\/css\" class=\"nex-forms-custom-css\"><\/style><\/div><\/div><\/div><\/div><\/div><div class=\"fusion-text fusion-text-7\"><p>Jetzt anmelden und Teilnahme sichern! Wir freuen uns auf Sie!<\/p>\n<p>Termin passt nicht? Kontaktieren Sie uns.<\/p>\n<p>Sie haben grosses Interesse an einem Kurs, sind jedoch verhindert? Wir werden gerne weitere Kurstermine anbieten, wenn sich gen\u00fcgend Interessenten finden.<\/p>\n<p>Habe Sie W\u00fcnsche, Anregungen und Kursideen? Dann teilen Sie uns das bitte mit!<\/p>\n<p><a href=\"mailto:rolf.hofer@tagesfamilien-aaa.ch\">rolf.hofer@tagesfamilien-aaa.ch<\/a><\/p>\n<\/div><div class=\"fusion-clearfix\"><\/div><\/div><\/div><div class=\"fusion-layout-column fusion_builder_column fusion-builder-column-2 fusion_builder_column_1_3 1_3 fusion-one-third fusion-column-last\" style=\"--awb-bg-size:cover;width:33.333333333333%;width:calc(33.333333333333% - ( ( 4% ) * 0.33333333333333 ) );\"><div class=\"fusion-column-wrapper fusion-column-has-shadow fusion-flex-column-wrapper-legacy\"><div class=\"fusion-widget-area awb-widget-area-element fusion-widget-area-1 fusion-content-widget-area\" style=\"--awb-title-size:22px;--awb-title-color:#4c5166;--awb-padding:0px 0px 0px 0px;\"><section id=\"search-2\" class=\"widget widget_search\">\t\t<form role=\"search\" class=\"searchform fusion-search-form  fusion-search-form-classic\" method=\"get\" action=\"https:\/\/www.tagesfamilien-aaa.ch\/\">\n\t\t\t<div class=\"fusion-search-form-content\">\n\n\t\t\t\t\n\t\t\t\t<div class=\"fusion-search-field search-field\">\n\t\t\t\t\t<label><span class=\"screen-reader-text\">Suche nach:<\/span>\n\t\t\t\t\t\t\t\t\t\t\t\t\t<input type=\"search\" value=\"\" name=\"s\" class=\"s\" placeholder=\"Suchen...\" required aria-required=\"true\" aria-label=\"Suchen...\"\/>\n\t\t\t\t\t\t\t\t\t\t\t<\/label>\n\t\t\t\t<\/div>\n\t\t\t\t<div class=\"fusion-search-button search-button\">\n\t\t\t\t\t<input type=\"submit\" class=\"fusion-search-submit searchsubmit\" aria-label=\"Suche\" value=\"&#xf002;\" \/>\n\t\t\t\t\t\t\t\t\t<\/div>\n\n\t\t\t\t\n\t\t\t<\/div>\n\n\n\t\t\t\n\t\t<\/form>\n\t\t<\/section><section id=\"archives-2\" class=\"widget widget_archive\"><div class=\"heading\"><h4 class=\"widget-title\">Archiv<\/h4><\/div>\n\t\t\t<ul>\n\t\t\t\t\t<li><a href='https:\/\/www.tagesfamilien-aaa.ch\/index.php\/2023\/10\/'>Oktober 2023<\/a><\/li>\n\t<li><a href='https:\/\/www.tagesfamilien-aaa.ch\/index.php\/2023\/03\/'>M\u00e4rz 2023<\/a><\/li>\n\t<li><a href='https:\/\/www.tagesfamilien-aaa.ch\/index.php\/2023\/02\/'>Februar 2023<\/a><\/li>\n\t<li><a href='https:\/\/www.tagesfamilien-aaa.ch\/index.php\/2022\/10\/'>Oktober 2022<\/a><\/li>\n\t<li><a href='https:\/\/www.tagesfamilien-aaa.ch\/index.php\/2021\/04\/'>April 2021<\/a><\/li>\n\t<li><a href='https:\/\/www.tagesfamilien-aaa.ch\/index.php\/2020\/12\/'>Dezember 2020<\/a><\/li>\n\t<li><a href='https:\/\/www.tagesfamilien-aaa.ch\/index.php\/2020\/09\/'>September 2020<\/a><\/li>\n\t<li><a href='https:\/\/www.tagesfamilien-aaa.ch\/index.php\/2020\/07\/'>Juli 2020<\/a><\/li>\n\t<li><a href='https:\/\/www.tagesfamilien-aaa.ch\/index.php\/2020\/05\/'>Mai 2020<\/a><\/li>\n\t<li><a href='https:\/\/www.tagesfamilien-aaa.ch\/index.php\/2020\/03\/'>M\u00e4rz 2020<\/a><\/li>\n\t<li><a href='https:\/\/www.tagesfamilien-aaa.ch\/index.php\/2020\/01\/'>Januar 2020<\/a><\/li>\n\t<li><a href='https:\/\/www.tagesfamilien-aaa.ch\/index.php\/2019\/09\/'>September 2019<\/a><\/li>\n\t<li><a href='https:\/\/www.tagesfamilien-aaa.ch\/index.php\/2019\/01\/'>Januar 2019<\/a><\/li>\n\t<li><a href='https:\/\/www.tagesfamilien-aaa.ch\/index.php\/2018\/07\/'>Juli 2018<\/a><\/li>\n\t<li><a href='https:\/\/www.tagesfamilien-aaa.ch\/index.php\/2018\/06\/'>Juni 2018<\/a><\/li>\n\t\t\t<\/ul>\n\n\t\t\t<\/section><section id=\"categories-2\" class=\"widget widget_categories\"><div class=\"heading\"><h4 class=\"widget-title\">Kategorien<\/h4><\/div>\n\t\t\t<ul>\n\t\t\t\t\t<li class=\"cat-item cat-item-41\"><a href=\"https:\/\/www.tagesfamilien-aaa.ch\/index.php\/category\/angebot\/\">Angebot<\/a>\n<\/li>\n\t<li class=\"cat-item cat-item-46\"><a href=\"https:\/\/www.tagesfamilien-aaa.ch\/index.php\/category\/newsletter\/\">Newsletter<\/a>\n<\/li>\n\t<li class=\"cat-item cat-item-47\"><a href=\"https:\/\/www.tagesfamilien-aaa.ch\/index.php\/category\/schulung\/\">Schulung<\/a>\n<\/li>\n\t\t\t<\/ul>\n\n\t\t\t<\/section><div class=\"fusion-additional-widget-content\"><\/div><\/div><div class=\"fusion-clearfix\"><\/div><\/div><\/div><\/div><\/div><\/p>\n","protected":false},"excerpt":{"rendered":"","protected":false},"author":2,"featured_media":1250,"comment_status":"open","ping_status":"closed","sticky":false,"template":"","format":"standard","meta":{"footnotes":""},"categories":[46],"tags":[],"class_list":["post-2562","post","type-post","status-publish","format-standard","has-post-thumbnail","hentry","category-newsletter"],"yoast_head":"<!-- This site is optimized with the Yoast SEO plugin v27.1.1 - https:\/\/yoast.com\/product\/yoast-seo-wordpress\/ -->\n<title>Newsletter 2 \/ 2019 - Tagesfamilien Bezirk Affoltern<\/title>\n<meta name=\"description\" content=\"Tagesmutter, Familie, Betreuung, Kinder, Krippe, famiilienerg\u00e4nzend,\" \/>\n<meta name=\"robots\" content=\"index, follow, max-snippet:-1, max-image-preview:large, max-video-preview:-1\" \/>\n<link rel=\"canonical\" href=\"https:\/\/www.tagesfamilien-aaa.ch\/index.php\/2020\/01\/12\/newsletter-2-2019\/\" \/>\n<meta property=\"og:locale\" content=\"de_DE\" \/>\n<meta property=\"og:type\" content=\"article\" \/>\n<meta property=\"og:title\" content=\"Newsletter 2 \/ 2019 - Tagesfamilien Bezirk Affoltern\" \/>\n<meta property=\"og:description\" content=\"Tagesmutter, Familie, Betreuung, Kinder, Krippe, famiilienerg\u00e4nzend,\" \/>\n<meta property=\"og:url\" content=\"https:\/\/www.tagesfamilien-aaa.ch\/index.php\/2020\/01\/12\/newsletter-2-2019\/\" \/>\n<meta property=\"og:site_name\" content=\"Tagesfamilien Bezirk Affoltern\" \/>\n<meta property=\"article:publisher\" content=\"https:\/\/www.facebook.com\/100000805876953\/posts\/2095824770454365?sfns=mo\" \/>\n<meta property=\"article:published_time\" content=\"2020-01-12T12:41:08+00:00\" \/>\n<meta property=\"article:modified_time\" content=\"2023-09-28T14:59:05+00:00\" \/>\n<meta property=\"og:image\" content=\"https:\/\/www.tagesfamilien-aaa.ch\/wp-content\/uploads\/2018\/04\/baby-beautiful-blur-322070-e1578833634610.jpg\" \/>\n\t<meta property=\"og:image:width\" content=\"5992\" \/>\n\t<meta property=\"og:image:height\" content=\"3190\" \/>\n\t<meta property=\"og:image:type\" content=\"image\/jpeg\" \/>\n<meta name=\"author\" content=\"Paul Eichholzer\" \/>\n<meta name=\"twitter:card\" content=\"summary_large_image\" \/>\n<meta name=\"twitter:label1\" content=\"Verfasst von\" \/>\n\t<meta name=\"twitter:data1\" content=\"Paul Eichholzer\" \/>\n\t<meta name=\"twitter:label2\" content=\"Gesch\u00e4tzte Lesezeit\" \/>\n\t<meta name=\"twitter:data2\" content=\"9\u00a0Minuten\" \/>\n<script type=\"application\/ld+json\" class=\"yoast-schema-graph\">{\"@context\":\"https:\/\/schema.org\",\"@graph\":[{\"@type\":\"Article\",\"@id\":\"https:\/\/www.tagesfamilien-aaa.ch\/index.php\/2020\/01\/12\/newsletter-2-2019\/#article\",\"isPartOf\":{\"@id\":\"https:\/\/www.tagesfamilien-aaa.ch\/index.php\/2020\/01\/12\/newsletter-2-2019\/\"},\"author\":{\"name\":\"Paul Eichholzer\",\"@id\":\"https:\/\/www.tagesfamilien-aaa.ch\/#\/schema\/person\/3c59ea1e7855e44089ef3f0a3c843a88\"},\"headline\":\"Newsletter 2 \/ 2019\",\"datePublished\":\"2020-01-12T12:41:08+00:00\",\"dateModified\":\"2023-09-28T14:59:05+00:00\",\"mainEntityOfPage\":{\"@id\":\"https:\/\/www.tagesfamilien-aaa.ch\/index.php\/2020\/01\/12\/newsletter-2-2019\/\"},\"wordCount\":2585,\"commentCount\":0,\"publisher\":{\"@id\":\"https:\/\/www.tagesfamilien-aaa.ch\/#organization\"},\"image\":{\"@id\":\"https:\/\/www.tagesfamilien-aaa.ch\/index.php\/2020\/01\/12\/newsletter-2-2019\/#primaryimage\"},\"thumbnailUrl\":\"https:\/\/www.tagesfamilien-aaa.ch\/wp-content\/uploads\/2018\/04\/baby-beautiful-blur-322070-e1578833634610.jpg\",\"articleSection\":[\"Newsletter\"],\"inLanguage\":\"de\",\"potentialAction\":[{\"@type\":\"CommentAction\",\"name\":\"Comment\",\"target\":[\"https:\/\/www.tagesfamilien-aaa.ch\/index.php\/2020\/01\/12\/newsletter-2-2019\/#respond\"]}]},{\"@type\":\"WebPage\",\"@id\":\"https:\/\/www.tagesfamilien-aaa.ch\/index.php\/2020\/01\/12\/newsletter-2-2019\/\",\"url\":\"https:\/\/www.tagesfamilien-aaa.ch\/index.php\/2020\/01\/12\/newsletter-2-2019\/\",\"name\":\"Newsletter 2 \/ 2019 - Tagesfamilien Bezirk Affoltern\",\"isPartOf\":{\"@id\":\"https:\/\/www.tagesfamilien-aaa.ch\/#website\"},\"primaryImageOfPage\":{\"@id\":\"https:\/\/www.tagesfamilien-aaa.ch\/index.php\/2020\/01\/12\/newsletter-2-2019\/#primaryimage\"},\"image\":{\"@id\":\"https:\/\/www.tagesfamilien-aaa.ch\/index.php\/2020\/01\/12\/newsletter-2-2019\/#primaryimage\"},\"thumbnailUrl\":\"https:\/\/www.tagesfamilien-aaa.ch\/wp-content\/uploads\/2018\/04\/baby-beautiful-blur-322070-e1578833634610.jpg\",\"datePublished\":\"2020-01-12T12:41:08+00:00\",\"dateModified\":\"2023-09-28T14:59:05+00:00\",\"description\":\"Tagesmutter, Familie, Betreuung, Kinder, Krippe, famiilienerg\u00e4nzend,\",\"breadcrumb\":{\"@id\":\"https:\/\/www.tagesfamilien-aaa.ch\/index.php\/2020\/01\/12\/newsletter-2-2019\/#breadcrumb\"},\"inLanguage\":\"de\",\"potentialAction\":[{\"@type\":\"ReadAction\",\"target\":[\"https:\/\/www.tagesfamilien-aaa.ch\/index.php\/2020\/01\/12\/newsletter-2-2019\/\"]}]},{\"@type\":\"ImageObject\",\"inLanguage\":\"de\",\"@id\":\"https:\/\/www.tagesfamilien-aaa.ch\/index.php\/2020\/01\/12\/newsletter-2-2019\/#primaryimage\",\"url\":\"https:\/\/www.tagesfamilien-aaa.ch\/wp-content\/uploads\/2018\/04\/baby-beautiful-blur-322070-e1578833634610.jpg\",\"contentUrl\":\"https:\/\/www.tagesfamilien-aaa.ch\/wp-content\/uploads\/2018\/04\/baby-beautiful-blur-322070-e1578833634610.jpg\",\"width\":5992,\"height\":3190},{\"@type\":\"BreadcrumbList\",\"@id\":\"https:\/\/www.tagesfamilien-aaa.ch\/index.php\/2020\/01\/12\/newsletter-2-2019\/#breadcrumb\",\"itemListElement\":[{\"@type\":\"ListItem\",\"position\":1,\"name\":\"Startseite\",\"item\":\"https:\/\/www.tagesfamilien-aaa.ch\/\"},{\"@type\":\"ListItem\",\"position\":2,\"name\":\"Newsletter 2 \/ 2019\"}]},{\"@type\":\"WebSite\",\"@id\":\"https:\/\/www.tagesfamilien-aaa.ch\/#website\",\"url\":\"https:\/\/www.tagesfamilien-aaa.ch\/\",\"name\":\"Tagesfamilien Bezirk Affoltern\",\"description\":\"\",\"publisher\":{\"@id\":\"https:\/\/www.tagesfamilien-aaa.ch\/#organization\"},\"potentialAction\":[{\"@type\":\"SearchAction\",\"target\":{\"@type\":\"EntryPoint\",\"urlTemplate\":\"https:\/\/www.tagesfamilien-aaa.ch\/?s={search_term_string}\"},\"query-input\":{\"@type\":\"PropertyValueSpecification\",\"valueRequired\":true,\"valueName\":\"search_term_string\"}}],\"inLanguage\":\"de\"},{\"@type\":\"Organization\",\"@id\":\"https:\/\/www.tagesfamilien-aaa.ch\/#organization\",\"name\":\"Tagesfamilien Bezirk Affoltern\",\"url\":\"https:\/\/www.tagesfamilien-aaa.ch\/\",\"logo\":{\"@type\":\"ImageObject\",\"inLanguage\":\"de\",\"@id\":\"https:\/\/www.tagesfamilien-aaa.ch\/#\/schema\/logo\/image\/\",\"url\":\"https:\/\/www.tagesfamilien-aaa.ch\/wp-content\/uploads\/2019\/01\/TFBA_Logo.jpg\",\"contentUrl\":\"https:\/\/www.tagesfamilien-aaa.ch\/wp-content\/uploads\/2019\/01\/TFBA_Logo.jpg\",\"width\":630,\"height\":270,\"caption\":\"Tagesfamilien Bezirk Affoltern\"},\"image\":{\"@id\":\"https:\/\/www.tagesfamilien-aaa.ch\/#\/schema\/logo\/image\/\"},\"sameAs\":[\"https:\/\/www.facebook.com\/100000805876953\/posts\/2095824770454365?sfns=mo\"]},{\"@type\":\"Person\",\"@id\":\"https:\/\/www.tagesfamilien-aaa.ch\/#\/schema\/person\/3c59ea1e7855e44089ef3f0a3c843a88\",\"name\":\"Paul Eichholzer\",\"image\":{\"@type\":\"ImageObject\",\"inLanguage\":\"de\",\"@id\":\"https:\/\/www.tagesfamilien-aaa.ch\/#\/schema\/person\/image\/\",\"url\":\"\/\/www.gravatar.com\/avatar\/d0f21db5bc586e0c08ec1d14a2d440a7?s=96&#038;r=g&#038;d=mm\",\"contentUrl\":\"\/\/www.gravatar.com\/avatar\/d0f21db5bc586e0c08ec1d14a2d440a7?s=96&#038;r=g&#038;d=mm\",\"caption\":\"Paul Eichholzer\"}}]}<\/script>\n<!-- \/ Yoast SEO plugin. -->","yoast_head_json":{"title":"Newsletter 2 \/ 2019 - Tagesfamilien Bezirk Affoltern","description":"Tagesmutter, Familie, Betreuung, Kinder, Krippe, famiilienerg\u00e4nzend,","robots":{"index":"index","follow":"follow","max-snippet":"max-snippet:-1","max-image-preview":"max-image-preview:large","max-video-preview":"max-video-preview:-1"},"canonical":"https:\/\/www.tagesfamilien-aaa.ch\/index.php\/2020\/01\/12\/newsletter-2-2019\/","og_locale":"de_DE","og_type":"article","og_title":"Newsletter 2 \/ 2019 - Tagesfamilien Bezirk Affoltern","og_description":"Tagesmutter, Familie, Betreuung, Kinder, Krippe, famiilienerg\u00e4nzend,","og_url":"https:\/\/www.tagesfamilien-aaa.ch\/index.php\/2020\/01\/12\/newsletter-2-2019\/","og_site_name":"Tagesfamilien Bezirk Affoltern","article_publisher":"https:\/\/www.facebook.com\/100000805876953\/posts\/2095824770454365?sfns=mo","article_published_time":"2020-01-12T12:41:08+00:00","article_modified_time":"2023-09-28T14:59:05+00:00","og_image":[{"width":5992,"height":3190,"url":"https:\/\/www.tagesfamilien-aaa.ch\/wp-content\/uploads\/2018\/04\/baby-beautiful-blur-322070-e1578833634610.jpg","type":"image\/jpeg"}],"author":"Paul Eichholzer","twitter_card":"summary_large_image","twitter_misc":{"Verfasst von":"Paul Eichholzer","Gesch\u00e4tzte Lesezeit":"9\u00a0Minuten"},"schema":{"@context":"https:\/\/schema.org","@graph":[{"@type":"Article","@id":"https:\/\/www.tagesfamilien-aaa.ch\/index.php\/2020\/01\/12\/newsletter-2-2019\/#article","isPartOf":{"@id":"https:\/\/www.tagesfamilien-aaa.ch\/index.php\/2020\/01\/12\/newsletter-2-2019\/"},"author":{"name":"Paul Eichholzer","@id":"https:\/\/www.tagesfamilien-aaa.ch\/#\/schema\/person\/3c59ea1e7855e44089ef3f0a3c843a88"},"headline":"Newsletter 2 \/ 2019","datePublished":"2020-01-12T12:41:08+00:00","dateModified":"2023-09-28T14:59:05+00:00","mainEntityOfPage":{"@id":"https:\/\/www.tagesfamilien-aaa.ch\/index.php\/2020\/01\/12\/newsletter-2-2019\/"},"wordCount":2585,"commentCount":0,"publisher":{"@id":"https:\/\/www.tagesfamilien-aaa.ch\/#organization"},"image":{"@id":"https:\/\/www.tagesfamilien-aaa.ch\/index.php\/2020\/01\/12\/newsletter-2-2019\/#primaryimage"},"thumbnailUrl":"https:\/\/www.tagesfamilien-aaa.ch\/wp-content\/uploads\/2018\/04\/baby-beautiful-blur-322070-e1578833634610.jpg","articleSection":["Newsletter"],"inLanguage":"de","potentialAction":[{"@type":"CommentAction","name":"Comment","target":["https:\/\/www.tagesfamilien-aaa.ch\/index.php\/2020\/01\/12\/newsletter-2-2019\/#respond"]}]},{"@type":"WebPage","@id":"https:\/\/www.tagesfamilien-aaa.ch\/index.php\/2020\/01\/12\/newsletter-2-2019\/","url":"https:\/\/www.tagesfamilien-aaa.ch\/index.php\/2020\/01\/12\/newsletter-2-2019\/","name":"Newsletter 2 \/ 2019 - Tagesfamilien Bezirk Affoltern","isPartOf":{"@id":"https:\/\/www.tagesfamilien-aaa.ch\/#website"},"primaryImageOfPage":{"@id":"https:\/\/www.tagesfamilien-aaa.ch\/index.php\/2020\/01\/12\/newsletter-2-2019\/#primaryimage"},"image":{"@id":"https:\/\/www.tagesfamilien-aaa.ch\/index.php\/2020\/01\/12\/newsletter-2-2019\/#primaryimage"},"thumbnailUrl":"https:\/\/www.tagesfamilien-aaa.ch\/wp-content\/uploads\/2018\/04\/baby-beautiful-blur-322070-e1578833634610.jpg","datePublished":"2020-01-12T12:41:08+00:00","dateModified":"2023-09-28T14:59:05+00:00","description":"Tagesmutter, Familie, Betreuung, Kinder, Krippe, famiilienerg\u00e4nzend,","breadcrumb":{"@id":"https:\/\/www.tagesfamilien-aaa.ch\/index.php\/2020\/01\/12\/newsletter-2-2019\/#breadcrumb"},"inLanguage":"de","potentialAction":[{"@type":"ReadAction","target":["https:\/\/www.tagesfamilien-aaa.ch\/index.php\/2020\/01\/12\/newsletter-2-2019\/"]}]},{"@type":"ImageObject","inLanguage":"de","@id":"https:\/\/www.tagesfamilien-aaa.ch\/index.php\/2020\/01\/12\/newsletter-2-2019\/#primaryimage","url":"https:\/\/www.tagesfamilien-aaa.ch\/wp-content\/uploads\/2018\/04\/baby-beautiful-blur-322070-e1578833634610.jpg","contentUrl":"https:\/\/www.tagesfamilien-aaa.ch\/wp-content\/uploads\/2018\/04\/baby-beautiful-blur-322070-e1578833634610.jpg","width":5992,"height":3190},{"@type":"BreadcrumbList","@id":"https:\/\/www.tagesfamilien-aaa.ch\/index.php\/2020\/01\/12\/newsletter-2-2019\/#breadcrumb","itemListElement":[{"@type":"ListItem","position":1,"name":"Startseite","item":"https:\/\/www.tagesfamilien-aaa.ch\/"},{"@type":"ListItem","position":2,"name":"Newsletter 2 \/ 2019"}]},{"@type":"WebSite","@id":"https:\/\/www.tagesfamilien-aaa.ch\/#website","url":"https:\/\/www.tagesfamilien-aaa.ch\/","name":"Tagesfamilien Bezirk Affoltern","description":"","publisher":{"@id":"https:\/\/www.tagesfamilien-aaa.ch\/#organization"},"potentialAction":[{"@type":"SearchAction","target":{"@type":"EntryPoint","urlTemplate":"https:\/\/www.tagesfamilien-aaa.ch\/?s={search_term_string}"},"query-input":{"@type":"PropertyValueSpecification","valueRequired":true,"valueName":"search_term_string"}}],"inLanguage":"de"},{"@type":"Organization","@id":"https:\/\/www.tagesfamilien-aaa.ch\/#organization","name":"Tagesfamilien Bezirk Affoltern","url":"https:\/\/www.tagesfamilien-aaa.ch\/","logo":{"@type":"ImageObject","inLanguage":"de","@id":"https:\/\/www.tagesfamilien-aaa.ch\/#\/schema\/logo\/image\/","url":"https:\/\/www.tagesfamilien-aaa.ch\/wp-content\/uploads\/2019\/01\/TFBA_Logo.jpg","contentUrl":"https:\/\/www.tagesfamilien-aaa.ch\/wp-content\/uploads\/2019\/01\/TFBA_Logo.jpg","width":630,"height":270,"caption":"Tagesfamilien Bezirk Affoltern"},"image":{"@id":"https:\/\/www.tagesfamilien-aaa.ch\/#\/schema\/logo\/image\/"},"sameAs":["https:\/\/www.facebook.com\/100000805876953\/posts\/2095824770454365?sfns=mo"]},{"@type":"Person","@id":"https:\/\/www.tagesfamilien-aaa.ch\/#\/schema\/person\/3c59ea1e7855e44089ef3f0a3c843a88","name":"Paul Eichholzer","image":{"@type":"ImageObject","inLanguage":"de","@id":"https:\/\/www.tagesfamilien-aaa.ch\/#\/schema\/person\/image\/","url":"\/\/www.gravatar.com\/avatar\/d0f21db5bc586e0c08ec1d14a2d440a7?s=96&#038;r=g&#038;d=mm","contentUrl":"\/\/www.gravatar.com\/avatar\/d0f21db5bc586e0c08ec1d14a2d440a7?s=96&#038;r=g&#038;d=mm","caption":"Paul Eichholzer"}}]}},"_links":{"self":[{"href":"https:\/\/www.tagesfamilien-aaa.ch\/index.php\/wp-json\/wp\/v2\/posts\/2562","targetHints":{"allow":["GET"]}}],"collection":[{"href":"https:\/\/www.tagesfamilien-aaa.ch\/index.php\/wp-json\/wp\/v2\/posts"}],"about":[{"href":"https:\/\/www.tagesfamilien-aaa.ch\/index.php\/wp-json\/wp\/v2\/types\/post"}],"author":[{"embeddable":true,"href":"https:\/\/www.tagesfamilien-aaa.ch\/index.php\/wp-json\/wp\/v2\/users\/2"}],"replies":[{"embeddable":true,"href":"https:\/\/www.tagesfamilien-aaa.ch\/index.php\/wp-json\/wp\/v2\/comments?post=2562"}],"version-history":[{"count":34,"href":"https:\/\/www.tagesfamilien-aaa.ch\/index.php\/wp-json\/wp\/v2\/posts\/2562\/revisions"}],"predecessor-version":[{"id":4649,"href":"https:\/\/www.tagesfamilien-aaa.ch\/index.php\/wp-json\/wp\/v2\/posts\/2562\/revisions\/4649"}],"wp:featuredmedia":[{"embeddable":true,"href":"https:\/\/www.tagesfamilien-aaa.ch\/index.php\/wp-json\/wp\/v2\/media\/1250"}],"wp:attachment":[{"href":"https:\/\/www.tagesfamilien-aaa.ch\/index.php\/wp-json\/wp\/v2\/media?parent=2562"}],"wp:term":[{"taxonomy":"category","embeddable":true,"href":"https:\/\/www.tagesfamilien-aaa.ch\/index.php\/wp-json\/wp\/v2\/categories?post=2562"},{"taxonomy":"post_tag","embeddable":true,"href":"https:\/\/www.tagesfamilien-aaa.ch\/index.php\/wp-json\/wp\/v2\/tags?post=2562"}],"curies":[{"name":"wp","href":"https:\/\/api.w.org\/{rel}","templated":true}]}}