{"id":2623,"date":"2020-03-14T13:32:10","date_gmt":"2020-03-14T13:32:10","guid":{"rendered":"https:\/\/www.tagesfamilien-aaa.ch\/?p=2623"},"modified":"2023-09-28T17:00:01","modified_gmt":"2023-09-28T15:00:01","slug":"newsletter-februar-2020","status":"publish","type":"post","link":"https:\/\/www.tagesfamilien-aaa.ch\/index.php\/2020\/03\/14\/newsletter-februar-2020\/","title":{"rendered":"Newsletter 1 \/ 2020"},"content":{"rendered":"<p><div class=\"fusion-fullwidth fullwidth-box fusion-builder-row-1 nonhundred-percent-fullwidth non-hundred-percent-height-scrolling\" style=\"--awb-border-radius-top-left:0px;--awb-border-radius-top-right:0px;--awb-border-radius-bottom-right:0px;--awb-border-radius-bottom-left:0px;--awb-flex-wrap:wrap;\" ><div class=\"fusion-builder-row fusion-row\"><div class=\"fusion-layout-column fusion_builder_column fusion-builder-column-0 fusion_builder_column_1_1 1_1 fusion-one-full fusion-column-first fusion-column-last\" style=\"--awb-bg-size:cover;\"><div class=\"fusion-column-wrapper fusion-column-has-shadow fusion-flex-column-wrapper-legacy\">\t\t\t\t\t<div class=\"fusion-slider-container fusion-slider-sc-tfba_newsletter fusion-slider-48 full-width-slider\" style=\"height:300px; max-width:100%;\" data-id=\"48\" data-full_height=\"\">\n\t\t\t\t\t\t<style type=\"text\/css\">.fusion-slider-48 .flex-direction-nav a {width:63px;height:63px;line-height:63px;font-size:25px;}<\/style>\t\t\t\t\t\t<div class=\"fusion-slider-loading\">Laden...<\/div>\n\t\t\t\t\t\t<div class=\"tfs-slider flexslider main-flex full-width-slider\" data-slider_width=\"100%\" data-slider_height=\"300px\" data-full_screen=\"0\" data-parallax=\"0\" data-nav_arrows=\"0\" data-nav_box_width=\"63px\" data-nav_box_height=\"63px\" data-nav_arrow_size=\"25px\" data-autoplay=\"1\" data-loop=\"1\" data-orderby=\"modified\" data-order=\"DESC\" data-animation=\"slide\" data-slideshow_speed=\"4000\" data-animation_speed=\"1000\" data-typo_sensitivity=\"1\" data-typo_factor=\"1.5\" style=\"max-width:100%;\">\n\t\t\t\t\t\t\t<ul class=\"slides\">\n\t\t\t\t\t\t\t\t\t\t\t\t\t\t\t\t\t<li data-mute=\"yes\" data-loop=\"yes\" data-autoplay=\"yes\">\n\t\t\t\t\t\t\t\t\t\t<div class=\"slide-content-container slide-content-center\" style=\"display: none;\">\n\t\t\t\t\t\t\t\t\t\t\t<div class=\"slide-content\" style=\"\">\n\t\t\t\t\t\t\t\t\t\t\t\t\t\t\t\t\t\t\t\t\t\t\t\t\t<div class=\"heading \">\n\t\t\t\t\t\t\t\t\t\t\t\t\t\t<div class=\"fusion-title-sc-wrapper\" style=\"\">\n\t\t\t\t\t\t\t\t\t\t\t\t\t\t\t<div class=\"fusion-title title fusion-title-1 fusion-sep-none fusion-title-center fusion-title-text fusion-title-size-three\" style=\"--awb-text-color:#ffffff;--awb-sep-color:#ffffff;--awb-font-size:60px;\"><h3 class=\"fusion-title-heading title-heading-center fusion-responsive-typography-calculated\" style=\"margin:0;font-size:1em;--fontSize:60;line-height:1.33;\">Newsletter<\/h3><\/div>\t\t\t\t\t\t\t\t\t\t\t\t\t\t<\/div>\n\t\t\t\t\t\t\t\t\t\t\t\t\t<\/div>\n\t\t\t\t\t\t\t\t\t\t\t\t\t\t\t\t\t\t\t\t\t\t\t\t\t\t\t\t\t\t\t\t\t\t\t\t\t\t\t\t\t\t\t\t\t\t\t<\/div>\n\t\t\t\t\t\t\t\t\t\t<\/div>\n\t\t\t\t\t\t\t\t\t\t\t\t\t\t\t\t\t\t\t\t\t\t\t\t\t\t\t\t\t\t\t\t\t\t\t\t\t\t\t\t<div class=\"background background-image\" style=\"background-image: url(https:\/\/www.tagesfamilien-aaa.ch\/wp-content\/uploads\/2023\/03\/pexels-suzy-hazelwood-1995842-scaled.jpg);max-width:100%;height:300px;filter: progid:DXImageTransform.Microsoft.AlphaImageLoader(src='https:\/\/www.tagesfamilien-aaa.ch\/wp-content\/uploads\/2023\/03\/pexels-suzy-hazelwood-1995842-scaled.jpg', sizingMethod='scale');\" data-imgwidth=\"2560\">\n\t\t\t\t\t\t\t\t\t\t\t\t\t\t\t\t\t\t\t\t\t\t\t\t\t\t\t\t\t\t\t\t\t\t\t\t\t\t\t\t\t\t\t\t\t\t\t\t\t\t\t\t\t\t\t\t\t\t\t\t\t\t\t\t\t\t<\/div>\n\t\t\t\t\t\t\t\t\t<\/li>\n\t\t\t\t\t\t\t\t\t\t\t\t\t\t\t\t\t\t\t\t\t\t\t<\/ul>\n\t\t\t\t\t\t<\/div>\n\t\t\t\t\t<\/div>\n\t\t\t\t\t\t\t\t<div class=\"fusion-clearfix\"><\/div><\/div><\/div><\/div><\/div><div class=\"fusion-fullwidth fullwidth-box fusion-builder-row-2 nonhundred-percent-fullwidth non-hundred-percent-height-scrolling\" style=\"--awb-border-radius-top-left:0px;--awb-border-radius-top-right:0px;--awb-border-radius-bottom-right:0px;--awb-border-radius-bottom-left:0px;--awb-flex-wrap:wrap;\" ><div class=\"fusion-builder-row fusion-row\"><div class=\"fusion-layout-column fusion_builder_column fusion-builder-column-1 fusion_builder_column_2_3 2_3 fusion-two-third fusion-column-first\" style=\"--awb-bg-size:cover;width:66.666666666667%;width:calc(66.666666666667% - ( ( 4% ) * 0.66666666666667 ) );margin-right: 4%;\"><div class=\"fusion-column-wrapper fusion-column-has-shadow fusion-flex-column-wrapper-legacy\"><ul style=\"--awb-line-height:23.8px;--awb-icon-width:23.8px;--awb-icon-height:23.8px;--awb-icon-margin:9.8px;--awb-content-margin:33.6px;\" class=\"fusion-checklist fusion-checklist-1 fusion-checklist-default type-icons\"><li class=\"fusion-li-item\" style=\"\"><span class=\"icon-wrapper circle-no\"><i class=\"fusion-li-icon fa-hand-point-right far\" aria-hidden=\"true\"><\/i><\/span><div class=\"fusion-li-item-content\">\n<p>Neujahrsap\u00e9ro<\/p>\n<\/div><\/li><li class=\"fusion-li-item\" style=\"\"><span class=\"icon-wrapper circle-no\"><i class=\"fusion-li-icon fa-hand-point-right far\" aria-hidden=\"true\"><\/i><\/span><div class=\"fusion-li-item-content\">\n<p>Dienstjubil\u00e4en<\/p>\n<\/div><\/li><li class=\"fusion-li-item\" style=\"\"><span class=\"icon-wrapper circle-no\"><i class=\"fusion-li-icon fa-hand-point-right far\" aria-hidden=\"true\"><\/i><\/span><div class=\"fusion-li-item-content\">\n<p>Save the Date<\/p>\n<\/div><\/li><li class=\"fusion-li-item\" style=\"\"><span class=\"icon-wrapper circle-no\"><i class=\"fusion-li-icon fa-hand-point-right far\" aria-hidden=\"true\"><\/i><\/span><div class=\"fusion-li-item-content\">\n<p>Werbung<\/p>\n<\/div><\/li><li class=\"fusion-li-item\" style=\"\"><span class=\"icon-wrapper circle-no\"><i class=\"fusion-li-icon fa-hand-point-right far\" aria-hidden=\"true\"><\/i><\/span><div class=\"fusion-li-item-content\">\n<p>Stimmen aus dem Verein<\/p>\n<\/div><\/li><li class=\"fusion-li-item\" style=\"\"><span class=\"icon-wrapper circle-no\"><i class=\"fusion-li-icon fa-hand-point-right far\" aria-hidden=\"true\"><\/i><\/span><div class=\"fusion-li-item-content\">\n<p>Kursangebote<\/p>\n<\/div><\/li><\/ul><div class=\"fusion-title title fusion-title-2 fusion-sep-none fusion-title-text fusion-title-size-two\" style=\"--awb-margin-top:20px;--awb-margin-bottom:10px;\"><h2 class=\"fusion-title-heading title-heading-left fusion-responsive-typography-calculated\" style=\"margin:0;--fontSize:50;line-height:1.16;\">Neujahrsap\u00e9ro<\/h2><\/div><div class=\"fusion-text fusion-text-1\"><p><img decoding=\"async\" class=\"wp-image-2628 alignleft\" src=\"https:\/\/www.tagesfamilien-aaa.ch\/wp-content\/uploads\/2020\/01\/bistrofrosch.png\" alt=\"\" width=\"434\" height=\"119\" srcset=\"https:\/\/www.tagesfamilien-aaa.ch\/wp-content\/uploads\/2020\/01\/bistrofrosch-200x55.png 200w, https:\/\/www.tagesfamilien-aaa.ch\/wp-content\/uploads\/2020\/01\/bistrofrosch-300x82.png 300w, https:\/\/www.tagesfamilien-aaa.ch\/wp-content\/uploads\/2020\/01\/bistrofrosch-400x110.png 400w, https:\/\/www.tagesfamilien-aaa.ch\/wp-content\/uploads\/2020\/01\/bistrofrosch.png 489w\" sizes=\"(max-width: 434px) 100vw, 434px\" \/>Am 27. Januar 2020 fand zum ersten Mal der Neujahrsap\u00e8ro f\u00fcr unsere Mitarbeiter statt. Man traf sich draussen beim Bistro Frosch am Robinson Spielplatz in Affoltern am Albis. Bei Gl\u00fchwein, Tee und Geb\u00e4ck konnten wir der K\u00e4lte trotzen und auch untereinander langsam warm werden.<\/p>\n<p>Eine feine Gem\u00fcsesuppe lockte dann die 20 Anwesenden ins gem\u00fctlich warme und wunderbar vorbereitete Bistro.<\/p>\n<p>Die Gelegenheit sich untereinander besser kennenzulernen wurde rege genutzt. Es wurde sich pers\u00f6nlich und beruflich ausgetauscht und gelacht. Bis zum letzten Kr\u00fcmel Kuchen blieb die Stimmung gut.<\/p>\n<p>Danke an alle Mitwirkenden und f\u00fcr diesen gelungenen und sch\u00f6nen Abend.<br \/>\n<img decoding=\"async\" class=\"size-full wp-image-2629 aligncenter\" src=\"https:\/\/www.tagesfamilien-aaa.ch\/wp-content\/uploads\/2020\/01\/tm_danke.png\" alt=\"\" width=\"611\" height=\"713\" srcset=\"https:\/\/www.tagesfamilien-aaa.ch\/wp-content\/uploads\/2020\/01\/tm_danke-200x233.png 200w, https:\/\/www.tagesfamilien-aaa.ch\/wp-content\/uploads\/2020\/01\/tm_danke-257x300.png 257w, https:\/\/www.tagesfamilien-aaa.ch\/wp-content\/uploads\/2020\/01\/tm_danke-400x467.png 400w, https:\/\/www.tagesfamilien-aaa.ch\/wp-content\/uploads\/2020\/01\/tm_danke-600x700.png 600w, https:\/\/www.tagesfamilien-aaa.ch\/wp-content\/uploads\/2020\/01\/tm_danke.png 611w\" sizes=\"(max-width: 611px) 100vw, 611px\" \/><\/p>\n<\/div><div class=\"fusion-title title fusion-title-3 fusion-sep-none fusion-title-text fusion-title-size-two\" style=\"--awb-margin-top:20px;--awb-margin-bottom:10px;\"><h2 class=\"fusion-title-heading title-heading-left fusion-responsive-typography-calculated\" style=\"margin:0;--fontSize:50;line-height:1.16;\">Dienstjubil\u00e4en<\/h2><\/div><div class=\"fusion-text fusion-text-2\"><p>5 Jahre<\/p>\n<p>Verena Senne<br \/>\nSandra Ritter<\/p>\n<p>Danke f\u00fcr ihre Treue und ihren Einsatz zum Wohle der Kinder.<\/p>\n<\/div><div class=\"fusion-title title fusion-title-4 fusion-sep-none fusion-title-text fusion-title-size-two\" style=\"--awb-margin-top:20px;--awb-margin-bottom:10px;\"><h2 class=\"fusion-title-heading title-heading-left fusion-responsive-typography-calculated\" style=\"margin:0;--fontSize:50;line-height:1.16;\">Save the Date<\/h2><\/div><div class=\"fusion-text fusion-text-3\"><p>Die Mitgliederversammlung findet am 11. Mai 2020 statt.<\/p>\n<\/div><div class=\"fusion-title title fusion-title-5 fusion-sep-none fusion-title-text fusion-title-size-two\" style=\"--awb-margin-top:20px;--awb-margin-bottom:10px;\"><h2 class=\"fusion-title-heading title-heading-left fusion-responsive-typography-calculated\" style=\"margin:0;--fontSize:50;line-height:1.16;\">Werbung<\/h2><\/div><div class=\"fusion-text fusion-text-4\"><p>Neu finden Sie uns bei<\/p>\n<p><a href=\"http:\/\/knonaueramt.regiomagazin.ch\/de\/leben-in-der-region\/vereinsverzeichnis\"><img decoding=\"async\" class=\"size-full wp-image-2630 aligncenter\" src=\"https:\/\/www.tagesfamilien-aaa.ch\/wp-content\/uploads\/2020\/01\/regiomag.png\" alt=\"\" width=\"391\" height=\"51\" srcset=\"https:\/\/www.tagesfamilien-aaa.ch\/wp-content\/uploads\/2020\/01\/regiomag-200x26.png 200w, https:\/\/www.tagesfamilien-aaa.ch\/wp-content\/uploads\/2020\/01\/regiomag-300x39.png 300w, https:\/\/www.tagesfamilien-aaa.ch\/wp-content\/uploads\/2020\/01\/regiomag.png 391w\" sizes=\"(max-width: 391px) 100vw, 391px\" \/><\/a><\/p>\n<\/div><div class=\"fusion-title title fusion-title-6 fusion-sep-none fusion-title-text fusion-title-size-two\" style=\"--awb-margin-top:20px;--awb-margin-bottom:10px;\"><h2 class=\"fusion-title-heading title-heading-left fusion-responsive-typography-calculated\" style=\"margin:0;--fontSize:50;line-height:1.16;\">Stimmen aus dem Verein<\/h2><\/div><div class=\"fusion-text fusion-text-5\"><p><img decoding=\"async\" class=\"wp-image-2632 size-full alignleft\" src=\"https:\/\/www.tagesfamilien-aaa.ch\/wp-content\/uploads\/2020\/02\/denise_tm.png\" alt=\"\" width=\"238\" height=\"179\" srcset=\"https:\/\/www.tagesfamilien-aaa.ch\/wp-content\/uploads\/2020\/02\/denise_tm-200x150.png 200w, https:\/\/www.tagesfamilien-aaa.ch\/wp-content\/uploads\/2020\/02\/denise_tm.png 238w\" sizes=\"(max-width: 238px) 100vw, 238px\" \/><\/p>\n<p><strong>Morgens, wenn der Wecker um 05:45 Uhr klingelt und <\/strong><strong>bevor die Tageskinder bei mir eintreffen&#8230;<\/strong><\/p>\n<p>\u2026trinke ich in aller Ruhe meinen Kaffee, mache den kleinen Hauskehr und freue mich auf die Kinder, die schon bald kommen.<\/p>\n<p><strong>Mein Lebensmotto:<\/strong><\/p>\n<p>\u201eJeden Tag mit viel Sonne, lachenden und strahlenden Kinderaugen geniessen.\u201c<\/p>\n<p><strong>Wenn ich nicht bei der Arbeit als Tagesmami <\/strong><strong>bin, dann\u2026<\/strong><\/p>\n<p>\u2026vermisse ich in erster Linie die lieben kleinen Gesch\u00f6pfe. Gern mache ich mit meinem Ehemann Ausfl\u00fcge auf unserem Motorrad oder mit dem Wohnwagen. Zudem geniesse ich es, leckere Speisen zu kochen oder zu backen.<\/p>\n<p><strong>So sieht mein zu Hause f\u00fcr die Tageskinder aus:<\/strong><\/p>\n<p>Wir haben ein grosses Haus \u00fcber 4 Etagen mit Garten. Dort bietet sich gen\u00fcgend Platz zum Spielen, Toben, Basteln, Hausaufgaben erledigen, die Gemeinschaft zu geniessen oder bei guten Essen die Seele baumeln lassen. An heissen Sommertagen geniessen die Kinder eine Abk\u00fchlung im Pool oder spielen Tischtennis. Da unser zu Hause in Zwillikon sehr ruhig gelegen ist k\u00f6nnen die Kinder aber auch Fahrrad fahren oder mit Kreide die Strasse versch\u00f6nern.<\/p>\n<p><strong>Wenn ich drei W\u00fcnsche frei h\u00e4tte\u2026<\/strong><\/p>\n<p>\u2026 w\u00fcrde ich gerne noch viele Jahre als Tagesmami arbeiten<\/p>\n<p>\u2026 gesund und munter bleiben<\/p>\n<p>&#8230; und mit meinem Mann gemeinsam \u201csteinalt\u201d werden<\/p>\n<p><strong>Meine Erfahrungen mit meinem ersten Tageskind:<\/strong><\/p>\n<p>In den 7 Jahren als Tagesmami konnte ich diverse Erfahrungen sammeln. Zu Beginn eines Betreuungsverh\u00e4ltnisses ist es f\u00fcr die Kinder immer sehr anspruchsvoll, bis sie sich an die neuen Abl\u00e4ufe, die neue Umgebung und die neuen Bezugspersonen gew\u00f6hnt haben. Da ich mehrere Kinder betreuen darf, f\u00e4llt mir doch immer wieder auf, dass die Kinder sich anfreunden, austauschen und am Ende eine Zeit lang wie Geschwister einen gemeinsamen Weg gehen. Alle Kinder sind immer sehr dankbar und scheuen sich auch nicht davor mir Komplimente zu machen. Dies sind ganz besonders ber\u00fchrende Momente und Erinnerungen.<\/p>\n<p>Denise Krause, Tagesmami bei Tagesfamilien Bezirk Affoltern<\/p>\n<\/div><div class=\"fusion-text fusion-text-6\"><p><img decoding=\"async\" class=\"wp-image-2633 size-full alignleft\" src=\"https:\/\/www.tagesfamilien-aaa.ch\/wp-content\/uploads\/2020\/02\/denise_tm2.png\" alt=\"\" width=\"236\" height=\"239\" srcset=\"https:\/\/www.tagesfamilien-aaa.ch\/wp-content\/uploads\/2020\/02\/denise_tm2-66x66.png 66w, https:\/\/www.tagesfamilien-aaa.ch\/wp-content\/uploads\/2020\/02\/denise_tm2-200x203.png 200w, https:\/\/www.tagesfamilien-aaa.ch\/wp-content\/uploads\/2020\/02\/denise_tm2.png 236w\" sizes=\"(max-width: 236px) 100vw, 236px\" \/><\/p>\n<p><strong>Warum habt ihr Euch f\u00fcr diese Betreungsform entschieden?<\/strong><\/p>\n<p>Weil wir die pers\u00f6nliche Betreuungsform sch\u00e4tzen und wir Sorgen oder Probleme direkt besprechen und l\u00f6sen k\u00f6nnen. Zudem kommt es uns sehr entgegen, dass die Betreuungszeiten nicht an \u00d6ffnungszeiten gebunden sind, wie beispielsweise bei einer Kita.<\/p>\n<p><strong>Was macht den Denise als Tagesmutter so einzigartig?<\/strong><\/p>\n<p>Ihre unkomplizierte Art, ihre Herzlichkeit den Kindern aber auch uns gegen\u00fcber. Zudem entspricht Ihr Erziehungstil auch unseren Vorstellungen.<\/p>\n<p><strong>Was ist Euch in der Betreuung als Eltern wichtig?<\/strong><\/p>\n<p>Gesundes und ausgewogenes Essen anderen Kindern, wenig bis gar kein Fernsehen. Dass sich die Kinder vertraut f\u00fchlen und das Heim der Tagesmutter als zweites Zuhause ansehen k\u00f6nnen und dass das gegenseitige Vertrauen immer da ist.<\/p>\n<p><strong>Wie seid Ihr im Austausch mit Eurem Tagesmami?<\/strong><\/p>\n<p>Die Kinder werden am Morgen von Eliane gebracht und am Abend von Rolf wieder abgeholt. Jedes Mal wird ein kurzes \u201eSchw\u00e4tzli\u201c gehalten. Einmal im Jahr freuen wir uns Denise bei uns zu Hause als unseren Gast willkommen zu heissen und mit Ihr und Fredi einen sch\u00f6nen Abend zu geniessen.<\/p>\n<p>Die weitere Kommunikation findet \u00fcber Wahtsapp statt.<\/p>\n<p><strong>Wie l\u00e4uft die Planung der Betreuungstage ab?<\/strong><\/p>\n<p>Da Eliane einen sehr unregelm\u00e4ssigen und spontanen Arbeitsplan hat, sind wir froh auch eine so flexible Tagesmutter zu haben.<\/p>\n<p><strong>Was Ihr sonst noch sagen m\u00f6chtet?<\/strong><\/p>\n<p>Wir sind froh, dass Denise unsere Tagesmutter ist. Ihre Ecken und Kanten passen genau zu unseren.<\/p>\n<p>Danke f\u00fcr die letzten 7 Jahre.<\/p>\n<p>Rolf und Eliane Hofer, abgebende Eltern<\/p>\n<\/div><div class=\"fusion-title title fusion-title-7 fusion-sep-none fusion-title-text fusion-title-size-two\" style=\"--awb-margin-top:20px;--awb-margin-bottom:10px;\"><h2 class=\"fusion-title-heading title-heading-left fusion-responsive-typography-calculated\" style=\"margin:0;--fontSize:50;line-height:1.16;\">Kursangebote<\/h2><\/div><div class=\"fusion-text fusion-text-7\"><p>Jetzt anmelden und Teilnahme sichern! Wir freuen uns auf Sie!<\/p>\n<p><a href=\"https:\/\/www.tagesfamilien-aaa.ch\/index.php\/2019\/10\/01\/2304\/\">BLS Training Schwerpunkt Kind<\/a><\/p>\n<\/div><div class=\"fusion-blog-shortcode fusion-blog-shortcode-1 fusion-blog-archive fusion-blog-layout-grid-wrapper fusion-blog-pagination\"><style type=\"text\/css\">.fusion-blog-shortcode-1 .fusion-blog-layout-grid .fusion-post-grid{padding:20px;}.fusion-blog-shortcode-1 .fusion-posts-container{margin-left: -20px !important; margin-right:-20px !important;}<\/style><div class=\"fusion-posts-container fusion-posts-container-pagination fusion-no-meta-info fusion-blog-rollover fusion-blog-layout-grid fusion-blog-layout-grid-3 isotope fusion-blog-equal-heights\" data-pages=\"6\" data-grid-col-space=\"40\" style=\"margin: -20px -20px 0;min-height:500px;\"><article id=\"blog-1-post-2978\" class=\"fusion-post-grid post-2978 post type-post status-publish format-standard hentry category-newsletter\">\n<div class=\"fusion-post-wrapper\" style=\"background-color:rgba(255,255,255,1);border:none;\">\n\n<div class=\"fusion-post-content-wrapper\" style=\"padding:30px 25px 20px 25px;\"><div class=\"fusion-post-content post-content\"><h2 class=\"blog-shortcode-post-title entry-title\"><a href=\"https:\/\/www.tagesfamilien-aaa.ch\/index.php\/2023\/10\/10\/newsletter_2023_1\/\">Newsletter 2023-1<\/a><\/h2><\/div><\/div><div class=\"fusion-clearfix\"><\/div><\/div>\n<\/article>\n<article id=\"blog-1-post-4206\" class=\"fusion-post-grid post-4206 post type-post status-publish format-standard has-post-thumbnail hentry category-angebot\">\n<div class=\"fusion-post-wrapper\" style=\"background-color:rgba(255,255,255,1);border:none;\">\n\n\t\t\t<div class=\"fusion-flexslider flexslider fusion-flexslider-loading fusion-post-slideshow\" style=\"border-color:rgba(255,255,255,0);\">\n\t\t<ul class=\"slides\">\n\t\t\t\n\t\t\t\t\t\t\t\t\t\t\t\t\t\t<li><div  class=\"fusion-image-wrapper\" aria-haspopup=\"true\">\n\t\t\t\t<img decoding=\"async\" width=\"560\" height=\"295\" src=\"https:\/\/www.tagesfamilien-aaa.ch\/wp-content\/uploads\/2020\/12\/unten.jpg\" class=\"attachment-full size-full wp-post-image\" alt=\"\" srcset=\"https:\/\/www.tagesfamilien-aaa.ch\/wp-content\/uploads\/2020\/12\/unten-200x105.jpg 200w, https:\/\/www.tagesfamilien-aaa.ch\/wp-content\/uploads\/2020\/12\/unten-400x211.jpg 400w, https:\/\/www.tagesfamilien-aaa.ch\/wp-content\/uploads\/2020\/12\/unten.jpg 560w\" sizes=\"(min-width: 2200px) 100vw, (min-width: 794px) 387px, (min-width: 717px) 580px, (min-width: 640px) 717px, \" \/><div class=\"fusion-rollover\">\n\t<div class=\"fusion-rollover-content\">\n\n\t\t\t\t\t\t\t\t\t\t\t\t\t\t<a class=\"fusion-rollover-link\" href=\"https:\/\/www.tagesfamilien-aaa.ch\/index.php\/2023\/03\/30\/stelleninserat_vermittlerinnen\/\">Stelleninserat_Vermittlerinnen<\/a>\n\t\t\t\n\t\t\t\t\t\t\t\t\t\t\t\t\t\t\n\t\t\t\t\t\t\t\t\n\t\t\t\t\t\t\t\t\t\t\t\t\t<div class=\"fusion-rollover-sep\"><\/div>\n\t\t\t\t\n\t\t\t\t\t\t\t\t\t\t\t\t\t\t\t\t\t\t<a class=\"fusion-rollover-gallery\" href=\"https:\/\/www.tagesfamilien-aaa.ch\/wp-content\/uploads\/2020\/12\/unten.jpg\" data-options=\"\" data-id=\"4206\" data-rel=\"iLightbox[gallery]\" data-title=\"unten\" data-caption=\"\">\n\t\t\t\t\t\tGallerie\t\t\t\t\t<\/a>\n\t\t\t\t\t\t\t\t\t\t\t\t\t\t\n\t\t\n\t\t\t\t\t\t\t\t\n\t\t\t\t\t\t\t\t\n\t\t\n\t\t\t\t\t\t<a class=\"fusion-link-wrapper\" href=\"https:\/\/www.tagesfamilien-aaa.ch\/index.php\/2023\/03\/30\/stelleninserat_vermittlerinnen\/\" aria-label=\"Stelleninserat_Vermittlerinnen\"><\/a>\n\t<\/div>\n<\/div>\n<\/div>\n<\/li>\n\t\t\t\n\t\t\t\n\t\t\t\t\t\t\t\t\t\t\t\t\t\t\t\t\t\t\t\t\t\t\t\t\t\t\t\t\t\t\t\t\t\t\t\t\t\t\t\t\t\t\t\t\t\t\t\t\t\t\t\t\t\t\t\t\t\t\t\t\t\t\t\t\t\t\t\t<\/ul>\n\t<\/div>\n\t<div class=\"fusion-post-content-wrapper\" style=\"padding:30px 25px 20px 25px;\"><div class=\"fusion-post-content post-content\"><h2 class=\"blog-shortcode-post-title entry-title\"><a href=\"https:\/\/www.tagesfamilien-aaa.ch\/index.php\/2023\/03\/30\/stelleninserat_vermittlerinnen\/\">Stelleninserat_Vermittlerinnen<\/a><\/h2><\/div><\/div><div class=\"fusion-clearfix\"><\/div><\/div>\n<\/article>\n<article id=\"blog-1-post-3280\" class=\"fusion-post-grid post-3280 post type-post status-publish format-standard has-post-thumbnail hentry category-newsletter\">\n<div class=\"fusion-post-wrapper\" style=\"background-color:rgba(255,255,255,1);border:none;\">\n\n\t\t\t<div class=\"fusion-flexslider flexslider fusion-flexslider-loading fusion-post-slideshow\" style=\"border-color:rgba(255,255,255,0);\">\n\t\t<ul class=\"slides\">\n\t\t\t\n\t\t\t\t\t\t\t\t\t\t\t\t\t\t<li><div  class=\"fusion-image-wrapper\" aria-haspopup=\"true\">\n\t\t\t\t<img decoding=\"async\" width=\"560\" height=\"295\" src=\"https:\/\/www.tagesfamilien-aaa.ch\/wp-content\/uploads\/2020\/12\/unten.jpg\" class=\"attachment-full size-full wp-post-image\" alt=\"\" srcset=\"https:\/\/www.tagesfamilien-aaa.ch\/wp-content\/uploads\/2020\/12\/unten-200x105.jpg 200w, https:\/\/www.tagesfamilien-aaa.ch\/wp-content\/uploads\/2020\/12\/unten-400x211.jpg 400w, https:\/\/www.tagesfamilien-aaa.ch\/wp-content\/uploads\/2020\/12\/unten.jpg 560w\" sizes=\"(min-width: 2200px) 100vw, (min-width: 794px) 387px, (min-width: 717px) 580px, (min-width: 640px) 717px, \" \/><div class=\"fusion-rollover\">\n\t<div class=\"fusion-rollover-content\">\n\n\t\t\t\t\t\t\t\t\t\t\t\t\t\t<a class=\"fusion-rollover-link\" href=\"https:\/\/www.tagesfamilien-aaa.ch\/index.php\/2023\/02\/04\/newsletter-dezember-2022\/\">Newsletter 2022<\/a>\n\t\t\t\n\t\t\t\t\t\t\t\t\t\t\t\t\t\t\n\t\t\t\t\t\t\t\t\n\t\t\t\t\t\t\t\t\t\t\t\t\t<div class=\"fusion-rollover-sep\"><\/div>\n\t\t\t\t\n\t\t\t\t\t\t\t\t\t\t\t\t\t\t\t\t\t\t<a class=\"fusion-rollover-gallery\" href=\"https:\/\/www.tagesfamilien-aaa.ch\/wp-content\/uploads\/2020\/12\/unten.jpg\" data-options=\"\" data-id=\"3280\" data-rel=\"iLightbox[gallery]\" data-title=\"unten\" data-caption=\"\">\n\t\t\t\t\t\tGallerie\t\t\t\t\t<\/a>\n\t\t\t\t\t\t\t\t\t\t\t\t\t\t\n\t\t\n\t\t\t\t\t\t\t\t\n\t\t\t\t\t\t\t\t\n\t\t\n\t\t\t\t\t\t<a class=\"fusion-link-wrapper\" href=\"https:\/\/www.tagesfamilien-aaa.ch\/index.php\/2023\/02\/04\/newsletter-dezember-2022\/\" aria-label=\"Newsletter 2022\"><\/a>\n\t<\/div>\n<\/div>\n<\/div>\n<\/li>\n\t\t\t\n\t\t\t\n\t\t\t\t\t\t\t\t\t\t\t\t\t\t\t\t\t\t\t\t\t\t\t\t\t\t\t\t\t\t\t\t\t\t\t\t\t\t\t\t\t\t\t\t\t\t\t\t\t\t\t\t\t\t\t\t\t\t\t\t\t\t\t\t\t\t\t\t<\/ul>\n\t<\/div>\n\t<div class=\"fusion-post-content-wrapper\" style=\"padding:30px 25px 20px 25px;\"><div class=\"fusion-post-content post-content\"><h2 class=\"blog-shortcode-post-title entry-title\"><a href=\"https:\/\/www.tagesfamilien-aaa.ch\/index.php\/2023\/02\/04\/newsletter-dezember-2022\/\">Newsletter 2022<\/a><\/h2><\/div><\/div><div class=\"fusion-clearfix\"><\/div><\/div>\n<\/article>\n<div class=\"fusion-clearfix\"><\/div><\/div><div class=\"pagination clearfix\"><span class=\"current\">1<\/span><a href=\"https:\/\/www.tagesfamilien-aaa.ch\/index.php\/wp-json\/wp\/v2\/posts\/2623\/page\/2\/\" class=\"inactive\">2<\/a><a class=\"pagination-next\" rel=\"next\" href=\"https:\/\/www.tagesfamilien-aaa.ch\/index.php\/wp-json\/wp\/v2\/posts\/2623\/page\/2\/\"><span class=\"page-text\">Vor<\/span><span class=\"page-next\"><\/span><\/a><\/div><div class=\"fusion-clearfix\"><\/div><\/div><div class=\"fusion-clearfix\"><\/div><\/div><\/div><div class=\"fusion-layout-column fusion_builder_column fusion-builder-column-2 fusion_builder_column_1_3 1_3 fusion-one-third fusion-column-last\" style=\"--awb-bg-size:cover;width:33.333333333333%;width:calc(33.333333333333% - ( ( 4% ) * 0.33333333333333 ) );\"><div class=\"fusion-column-wrapper fusion-column-has-shadow fusion-flex-column-wrapper-legacy\"><div class=\"fusion-widget-area awb-widget-area-element fusion-widget-area-1 fusion-content-widget-area\" style=\"--awb-title-size:22px;--awb-title-color:#4c5166;--awb-padding:0px 0px 0px 0px;\"><section id=\"search-2\" class=\"widget widget_search\">\t\t<form role=\"search\" class=\"searchform fusion-search-form  fusion-search-form-classic\" method=\"get\" action=\"https:\/\/www.tagesfamilien-aaa.ch\/\">\n\t\t\t<div class=\"fusion-search-form-content\">\n\n\t\t\t\t\n\t\t\t\t<div class=\"fusion-search-field search-field\">\n\t\t\t\t\t<label><span class=\"screen-reader-text\">Suche nach:<\/span>\n\t\t\t\t\t\t\t\t\t\t\t\t\t<input type=\"search\" value=\"\" name=\"s\" class=\"s\" placeholder=\"Suchen...\" required aria-required=\"true\" aria-label=\"Suchen...\"\/>\n\t\t\t\t\t\t\t\t\t\t\t<\/label>\n\t\t\t\t<\/div>\n\t\t\t\t<div class=\"fusion-search-button search-button\">\n\t\t\t\t\t<input type=\"submit\" class=\"fusion-search-submit searchsubmit\" aria-label=\"Suche\" value=\"&#xf002;\" \/>\n\t\t\t\t\t\t\t\t\t<\/div>\n\n\t\t\t\t\n\t\t\t<\/div>\n\n\n\t\t\t\n\t\t<\/form>\n\t\t<\/section><section id=\"archives-2\" class=\"widget widget_archive\"><div class=\"heading\"><h4 class=\"widget-title\">Archiv<\/h4><\/div>\n\t\t\t<ul>\n\t\t\t\t\t<li><a href='https:\/\/www.tagesfamilien-aaa.ch\/index.php\/2023\/10\/'>Oktober 2023<\/a><\/li>\n\t<li><a href='https:\/\/www.tagesfamilien-aaa.ch\/index.php\/2023\/03\/'>M\u00e4rz 2023<\/a><\/li>\n\t<li><a href='https:\/\/www.tagesfamilien-aaa.ch\/index.php\/2023\/02\/'>Februar 2023<\/a><\/li>\n\t<li><a href='https:\/\/www.tagesfamilien-aaa.ch\/index.php\/2022\/10\/'>Oktober 2022<\/a><\/li>\n\t<li><a href='https:\/\/www.tagesfamilien-aaa.ch\/index.php\/2021\/04\/'>April 2021<\/a><\/li>\n\t<li><a href='https:\/\/www.tagesfamilien-aaa.ch\/index.php\/2020\/12\/'>Dezember 2020<\/a><\/li>\n\t<li><a href='https:\/\/www.tagesfamilien-aaa.ch\/index.php\/2020\/09\/'>September 2020<\/a><\/li>\n\t<li><a href='https:\/\/www.tagesfamilien-aaa.ch\/index.php\/2020\/07\/'>Juli 2020<\/a><\/li>\n\t<li><a href='https:\/\/www.tagesfamilien-aaa.ch\/index.php\/2020\/05\/'>Mai 2020<\/a><\/li>\n\t<li><a href='https:\/\/www.tagesfamilien-aaa.ch\/index.php\/2020\/03\/'>M\u00e4rz 2020<\/a><\/li>\n\t<li><a href='https:\/\/www.tagesfamilien-aaa.ch\/index.php\/2020\/01\/'>Januar 2020<\/a><\/li>\n\t<li><a href='https:\/\/www.tagesfamilien-aaa.ch\/index.php\/2019\/09\/'>September 2019<\/a><\/li>\n\t<li><a href='https:\/\/www.tagesfamilien-aaa.ch\/index.php\/2019\/01\/'>Januar 2019<\/a><\/li>\n\t<li><a href='https:\/\/www.tagesfamilien-aaa.ch\/index.php\/2018\/07\/'>Juli 2018<\/a><\/li>\n\t<li><a href='https:\/\/www.tagesfamilien-aaa.ch\/index.php\/2018\/06\/'>Juni 2018<\/a><\/li>\n\t\t\t<\/ul>\n\n\t\t\t<\/section><section id=\"categories-2\" class=\"widget widget_categories\"><div class=\"heading\"><h4 class=\"widget-title\">Kategorien<\/h4><\/div>\n\t\t\t<ul>\n\t\t\t\t\t<li class=\"cat-item cat-item-41\"><a href=\"https:\/\/www.tagesfamilien-aaa.ch\/index.php\/category\/angebot\/\">Angebot<\/a>\n<\/li>\n\t<li class=\"cat-item cat-item-46\"><a href=\"https:\/\/www.tagesfamilien-aaa.ch\/index.php\/category\/newsletter\/\">Newsletter<\/a>\n<\/li>\n\t<li class=\"cat-item cat-item-47\"><a href=\"https:\/\/www.tagesfamilien-aaa.ch\/index.php\/category\/schulung\/\">Schulung<\/a>\n<\/li>\n\t\t\t<\/ul>\n\n\t\t\t<\/section><div class=\"fusion-additional-widget-content\"><\/div><\/div><div class=\"fusion-clearfix\"><\/div><\/div><\/div><\/div><\/div><\/p>\n","protected":false},"excerpt":{"rendered":"","protected":false},"author":2,"featured_media":1254,"comment_status":"open","ping_status":"closed","sticky":false,"template":"","format":"standard","meta":{"footnotes":""},"categories":[46],"tags":[],"class_list":["post-2623","post","type-post","status-publish","format-standard","has-post-thumbnail","hentry","category-newsletter"],"yoast_head":"<!-- This site is optimized with the Yoast SEO plugin v27.1.1 - https:\/\/yoast.com\/product\/yoast-seo-wordpress\/ -->\n<title>Newsletter 1 \/ 2020 - Tagesfamilien Bezirk Affoltern<\/title>\n<meta name=\"description\" content=\"Tagesmutter, Familie, Betreuung, Kinder, Krippe, famiilienerg\u00e4nzend,\" \/>\n<meta name=\"robots\" content=\"index, follow, max-snippet:-1, max-image-preview:large, max-video-preview:-1\" \/>\n<link rel=\"canonical\" href=\"https:\/\/www.tagesfamilien-aaa.ch\/index.php\/2020\/03\/14\/newsletter-februar-2020\/\" \/>\n<meta property=\"og:locale\" content=\"de_DE\" \/>\n<meta property=\"og:type\" content=\"article\" \/>\n<meta property=\"og:title\" content=\"Newsletter 1 \/ 2020 - Tagesfamilien Bezirk Affoltern\" \/>\n<meta property=\"og:description\" content=\"Tagesmutter, Familie, Betreuung, Kinder, Krippe, famiilienerg\u00e4nzend,\" \/>\n<meta property=\"og:url\" content=\"https:\/\/www.tagesfamilien-aaa.ch\/index.php\/2020\/03\/14\/newsletter-februar-2020\/\" \/>\n<meta property=\"og:site_name\" content=\"Tagesfamilien Bezirk Affoltern\" \/>\n<meta property=\"article:publisher\" content=\"https:\/\/www.facebook.com\/100000805876953\/posts\/2095824770454365?sfns=mo\" \/>\n<meta property=\"article:published_time\" content=\"2020-03-14T13:32:10+00:00\" \/>\n<meta property=\"article:modified_time\" content=\"2023-09-28T15:00:01+00:00\" \/>\n<meta property=\"og:image\" content=\"https:\/\/www.tagesfamilien-aaa.ch\/wp-content\/uploads\/2018\/04\/child-girl-kid-12165-e1569951063798.jpg\" \/>\n\t<meta property=\"og:image:width\" content=\"4120\" \/>\n\t<meta property=\"og:image:height\" content=\"2193\" \/>\n\t<meta property=\"og:image:type\" content=\"image\/jpeg\" \/>\n<meta name=\"author\" content=\"Paul Eichholzer\" \/>\n<meta name=\"twitter:card\" content=\"summary_large_image\" \/>\n<meta name=\"twitter:label1\" content=\"Verfasst von\" \/>\n\t<meta name=\"twitter:data1\" content=\"Paul Eichholzer\" \/>\n\t<meta name=\"twitter:label2\" content=\"Gesch\u00e4tzte Lesezeit\" \/>\n\t<meta name=\"twitter:data2\" content=\"10\u00a0Minuten\" \/>\n<script type=\"application\/ld+json\" class=\"yoast-schema-graph\">{\"@context\":\"https:\/\/schema.org\",\"@graph\":[{\"@type\":\"Article\",\"@id\":\"https:\/\/www.tagesfamilien-aaa.ch\/index.php\/2020\/03\/14\/newsletter-februar-2020\/#article\",\"isPartOf\":{\"@id\":\"https:\/\/www.tagesfamilien-aaa.ch\/index.php\/2020\/03\/14\/newsletter-februar-2020\/\"},\"author\":{\"name\":\"Paul Eichholzer\",\"@id\":\"https:\/\/www.tagesfamilien-aaa.ch\/#\/schema\/person\/3c59ea1e7855e44089ef3f0a3c843a88\"},\"headline\":\"Newsletter 1 \/ 2020\",\"datePublished\":\"2020-03-14T13:32:10+00:00\",\"dateModified\":\"2023-09-28T15:00:01+00:00\",\"mainEntityOfPage\":{\"@id\":\"https:\/\/www.tagesfamilien-aaa.ch\/index.php\/2020\/03\/14\/newsletter-februar-2020\/\"},\"wordCount\":2699,\"commentCount\":0,\"publisher\":{\"@id\":\"https:\/\/www.tagesfamilien-aaa.ch\/#organization\"},\"image\":{\"@id\":\"https:\/\/www.tagesfamilien-aaa.ch\/index.php\/2020\/03\/14\/newsletter-februar-2020\/#primaryimage\"},\"thumbnailUrl\":\"https:\/\/www.tagesfamilien-aaa.ch\/wp-content\/uploads\/2018\/04\/child-girl-kid-12165-e1569951063798.jpg\",\"articleSection\":[\"Newsletter\"],\"inLanguage\":\"de\",\"potentialAction\":[{\"@type\":\"CommentAction\",\"name\":\"Comment\",\"target\":[\"https:\/\/www.tagesfamilien-aaa.ch\/index.php\/2020\/03\/14\/newsletter-februar-2020\/#respond\"]}]},{\"@type\":\"WebPage\",\"@id\":\"https:\/\/www.tagesfamilien-aaa.ch\/index.php\/2020\/03\/14\/newsletter-februar-2020\/\",\"url\":\"https:\/\/www.tagesfamilien-aaa.ch\/index.php\/2020\/03\/14\/newsletter-februar-2020\/\",\"name\":\"Newsletter 1 \/ 2020 - Tagesfamilien Bezirk Affoltern\",\"isPartOf\":{\"@id\":\"https:\/\/www.tagesfamilien-aaa.ch\/#website\"},\"primaryImageOfPage\":{\"@id\":\"https:\/\/www.tagesfamilien-aaa.ch\/index.php\/2020\/03\/14\/newsletter-februar-2020\/#primaryimage\"},\"image\":{\"@id\":\"https:\/\/www.tagesfamilien-aaa.ch\/index.php\/2020\/03\/14\/newsletter-februar-2020\/#primaryimage\"},\"thumbnailUrl\":\"https:\/\/www.tagesfamilien-aaa.ch\/wp-content\/uploads\/2018\/04\/child-girl-kid-12165-e1569951063798.jpg\",\"datePublished\":\"2020-03-14T13:32:10+00:00\",\"dateModified\":\"2023-09-28T15:00:01+00:00\",\"description\":\"Tagesmutter, Familie, Betreuung, Kinder, Krippe, famiilienerg\u00e4nzend,\",\"breadcrumb\":{\"@id\":\"https:\/\/www.tagesfamilien-aaa.ch\/index.php\/2020\/03\/14\/newsletter-februar-2020\/#breadcrumb\"},\"inLanguage\":\"de\",\"potentialAction\":[{\"@type\":\"ReadAction\",\"target\":[\"https:\/\/www.tagesfamilien-aaa.ch\/index.php\/2020\/03\/14\/newsletter-februar-2020\/\"]}]},{\"@type\":\"ImageObject\",\"inLanguage\":\"de\",\"@id\":\"https:\/\/www.tagesfamilien-aaa.ch\/index.php\/2020\/03\/14\/newsletter-februar-2020\/#primaryimage\",\"url\":\"https:\/\/www.tagesfamilien-aaa.ch\/wp-content\/uploads\/2018\/04\/child-girl-kid-12165-e1569951063798.jpg\",\"contentUrl\":\"https:\/\/www.tagesfamilien-aaa.ch\/wp-content\/uploads\/2018\/04\/child-girl-kid-12165-e1569951063798.jpg\",\"width\":4120,\"height\":2193},{\"@type\":\"BreadcrumbList\",\"@id\":\"https:\/\/www.tagesfamilien-aaa.ch\/index.php\/2020\/03\/14\/newsletter-februar-2020\/#breadcrumb\",\"itemListElement\":[{\"@type\":\"ListItem\",\"position\":1,\"name\":\"Startseite\",\"item\":\"https:\/\/www.tagesfamilien-aaa.ch\/\"},{\"@type\":\"ListItem\",\"position\":2,\"name\":\"Newsletter 1 \/ 2020\"}]},{\"@type\":\"WebSite\",\"@id\":\"https:\/\/www.tagesfamilien-aaa.ch\/#website\",\"url\":\"https:\/\/www.tagesfamilien-aaa.ch\/\",\"name\":\"Tagesfamilien Bezirk Affoltern\",\"description\":\"\",\"publisher\":{\"@id\":\"https:\/\/www.tagesfamilien-aaa.ch\/#organization\"},\"potentialAction\":[{\"@type\":\"SearchAction\",\"target\":{\"@type\":\"EntryPoint\",\"urlTemplate\":\"https:\/\/www.tagesfamilien-aaa.ch\/?s={search_term_string}\"},\"query-input\":{\"@type\":\"PropertyValueSpecification\",\"valueRequired\":true,\"valueName\":\"search_term_string\"}}],\"inLanguage\":\"de\"},{\"@type\":\"Organization\",\"@id\":\"https:\/\/www.tagesfamilien-aaa.ch\/#organization\",\"name\":\"Tagesfamilien Bezirk Affoltern\",\"url\":\"https:\/\/www.tagesfamilien-aaa.ch\/\",\"logo\":{\"@type\":\"ImageObject\",\"inLanguage\":\"de\",\"@id\":\"https:\/\/www.tagesfamilien-aaa.ch\/#\/schema\/logo\/image\/\",\"url\":\"https:\/\/www.tagesfamilien-aaa.ch\/wp-content\/uploads\/2019\/01\/TFBA_Logo.jpg\",\"contentUrl\":\"https:\/\/www.tagesfamilien-aaa.ch\/wp-content\/uploads\/2019\/01\/TFBA_Logo.jpg\",\"width\":630,\"height\":270,\"caption\":\"Tagesfamilien Bezirk Affoltern\"},\"image\":{\"@id\":\"https:\/\/www.tagesfamilien-aaa.ch\/#\/schema\/logo\/image\/\"},\"sameAs\":[\"https:\/\/www.facebook.com\/100000805876953\/posts\/2095824770454365?sfns=mo\"]},{\"@type\":\"Person\",\"@id\":\"https:\/\/www.tagesfamilien-aaa.ch\/#\/schema\/person\/3c59ea1e7855e44089ef3f0a3c843a88\",\"name\":\"Paul Eichholzer\",\"image\":{\"@type\":\"ImageObject\",\"inLanguage\":\"de\",\"@id\":\"https:\/\/www.tagesfamilien-aaa.ch\/#\/schema\/person\/image\/\",\"url\":\"\/\/www.gravatar.com\/avatar\/d0f21db5bc586e0c08ec1d14a2d440a7?s=96&#038;r=g&#038;d=mm\",\"contentUrl\":\"\/\/www.gravatar.com\/avatar\/d0f21db5bc586e0c08ec1d14a2d440a7?s=96&#038;r=g&#038;d=mm\",\"caption\":\"Paul Eichholzer\"}}]}<\/script>\n<!-- \/ Yoast SEO plugin. -->","yoast_head_json":{"title":"Newsletter 1 \/ 2020 - Tagesfamilien Bezirk Affoltern","description":"Tagesmutter, Familie, Betreuung, Kinder, Krippe, famiilienerg\u00e4nzend,","robots":{"index":"index","follow":"follow","max-snippet":"max-snippet:-1","max-image-preview":"max-image-preview:large","max-video-preview":"max-video-preview:-1"},"canonical":"https:\/\/www.tagesfamilien-aaa.ch\/index.php\/2020\/03\/14\/newsletter-februar-2020\/","og_locale":"de_DE","og_type":"article","og_title":"Newsletter 1 \/ 2020 - Tagesfamilien Bezirk Affoltern","og_description":"Tagesmutter, Familie, Betreuung, Kinder, Krippe, famiilienerg\u00e4nzend,","og_url":"https:\/\/www.tagesfamilien-aaa.ch\/index.php\/2020\/03\/14\/newsletter-februar-2020\/","og_site_name":"Tagesfamilien Bezirk Affoltern","article_publisher":"https:\/\/www.facebook.com\/100000805876953\/posts\/2095824770454365?sfns=mo","article_published_time":"2020-03-14T13:32:10+00:00","article_modified_time":"2023-09-28T15:00:01+00:00","og_image":[{"width":4120,"height":2193,"url":"https:\/\/www.tagesfamilien-aaa.ch\/wp-content\/uploads\/2018\/04\/child-girl-kid-12165-e1569951063798.jpg","type":"image\/jpeg"}],"author":"Paul Eichholzer","twitter_card":"summary_large_image","twitter_misc":{"Verfasst von":"Paul Eichholzer","Gesch\u00e4tzte Lesezeit":"10\u00a0Minuten"},"schema":{"@context":"https:\/\/schema.org","@graph":[{"@type":"Article","@id":"https:\/\/www.tagesfamilien-aaa.ch\/index.php\/2020\/03\/14\/newsletter-februar-2020\/#article","isPartOf":{"@id":"https:\/\/www.tagesfamilien-aaa.ch\/index.php\/2020\/03\/14\/newsletter-februar-2020\/"},"author":{"name":"Paul Eichholzer","@id":"https:\/\/www.tagesfamilien-aaa.ch\/#\/schema\/person\/3c59ea1e7855e44089ef3f0a3c843a88"},"headline":"Newsletter 1 \/ 2020","datePublished":"2020-03-14T13:32:10+00:00","dateModified":"2023-09-28T15:00:01+00:00","mainEntityOfPage":{"@id":"https:\/\/www.tagesfamilien-aaa.ch\/index.php\/2020\/03\/14\/newsletter-februar-2020\/"},"wordCount":2699,"commentCount":0,"publisher":{"@id":"https:\/\/www.tagesfamilien-aaa.ch\/#organization"},"image":{"@id":"https:\/\/www.tagesfamilien-aaa.ch\/index.php\/2020\/03\/14\/newsletter-februar-2020\/#primaryimage"},"thumbnailUrl":"https:\/\/www.tagesfamilien-aaa.ch\/wp-content\/uploads\/2018\/04\/child-girl-kid-12165-e1569951063798.jpg","articleSection":["Newsletter"],"inLanguage":"de","potentialAction":[{"@type":"CommentAction","name":"Comment","target":["https:\/\/www.tagesfamilien-aaa.ch\/index.php\/2020\/03\/14\/newsletter-februar-2020\/#respond"]}]},{"@type":"WebPage","@id":"https:\/\/www.tagesfamilien-aaa.ch\/index.php\/2020\/03\/14\/newsletter-februar-2020\/","url":"https:\/\/www.tagesfamilien-aaa.ch\/index.php\/2020\/03\/14\/newsletter-februar-2020\/","name":"Newsletter 1 \/ 2020 - Tagesfamilien Bezirk Affoltern","isPartOf":{"@id":"https:\/\/www.tagesfamilien-aaa.ch\/#website"},"primaryImageOfPage":{"@id":"https:\/\/www.tagesfamilien-aaa.ch\/index.php\/2020\/03\/14\/newsletter-februar-2020\/#primaryimage"},"image":{"@id":"https:\/\/www.tagesfamilien-aaa.ch\/index.php\/2020\/03\/14\/newsletter-februar-2020\/#primaryimage"},"thumbnailUrl":"https:\/\/www.tagesfamilien-aaa.ch\/wp-content\/uploads\/2018\/04\/child-girl-kid-12165-e1569951063798.jpg","datePublished":"2020-03-14T13:32:10+00:00","dateModified":"2023-09-28T15:00:01+00:00","description":"Tagesmutter, Familie, Betreuung, Kinder, Krippe, famiilienerg\u00e4nzend,","breadcrumb":{"@id":"https:\/\/www.tagesfamilien-aaa.ch\/index.php\/2020\/03\/14\/newsletter-februar-2020\/#breadcrumb"},"inLanguage":"de","potentialAction":[{"@type":"ReadAction","target":["https:\/\/www.tagesfamilien-aaa.ch\/index.php\/2020\/03\/14\/newsletter-februar-2020\/"]}]},{"@type":"ImageObject","inLanguage":"de","@id":"https:\/\/www.tagesfamilien-aaa.ch\/index.php\/2020\/03\/14\/newsletter-februar-2020\/#primaryimage","url":"https:\/\/www.tagesfamilien-aaa.ch\/wp-content\/uploads\/2018\/04\/child-girl-kid-12165-e1569951063798.jpg","contentUrl":"https:\/\/www.tagesfamilien-aaa.ch\/wp-content\/uploads\/2018\/04\/child-girl-kid-12165-e1569951063798.jpg","width":4120,"height":2193},{"@type":"BreadcrumbList","@id":"https:\/\/www.tagesfamilien-aaa.ch\/index.php\/2020\/03\/14\/newsletter-februar-2020\/#breadcrumb","itemListElement":[{"@type":"ListItem","position":1,"name":"Startseite","item":"https:\/\/www.tagesfamilien-aaa.ch\/"},{"@type":"ListItem","position":2,"name":"Newsletter 1 \/ 2020"}]},{"@type":"WebSite","@id":"https:\/\/www.tagesfamilien-aaa.ch\/#website","url":"https:\/\/www.tagesfamilien-aaa.ch\/","name":"Tagesfamilien Bezirk Affoltern","description":"","publisher":{"@id":"https:\/\/www.tagesfamilien-aaa.ch\/#organization"},"potentialAction":[{"@type":"SearchAction","target":{"@type":"EntryPoint","urlTemplate":"https:\/\/www.tagesfamilien-aaa.ch\/?s={search_term_string}"},"query-input":{"@type":"PropertyValueSpecification","valueRequired":true,"valueName":"search_term_string"}}],"inLanguage":"de"},{"@type":"Organization","@id":"https:\/\/www.tagesfamilien-aaa.ch\/#organization","name":"Tagesfamilien Bezirk Affoltern","url":"https:\/\/www.tagesfamilien-aaa.ch\/","logo":{"@type":"ImageObject","inLanguage":"de","@id":"https:\/\/www.tagesfamilien-aaa.ch\/#\/schema\/logo\/image\/","url":"https:\/\/www.tagesfamilien-aaa.ch\/wp-content\/uploads\/2019\/01\/TFBA_Logo.jpg","contentUrl":"https:\/\/www.tagesfamilien-aaa.ch\/wp-content\/uploads\/2019\/01\/TFBA_Logo.jpg","width":630,"height":270,"caption":"Tagesfamilien Bezirk Affoltern"},"image":{"@id":"https:\/\/www.tagesfamilien-aaa.ch\/#\/schema\/logo\/image\/"},"sameAs":["https:\/\/www.facebook.com\/100000805876953\/posts\/2095824770454365?sfns=mo"]},{"@type":"Person","@id":"https:\/\/www.tagesfamilien-aaa.ch\/#\/schema\/person\/3c59ea1e7855e44089ef3f0a3c843a88","name":"Paul Eichholzer","image":{"@type":"ImageObject","inLanguage":"de","@id":"https:\/\/www.tagesfamilien-aaa.ch\/#\/schema\/person\/image\/","url":"\/\/www.gravatar.com\/avatar\/d0f21db5bc586e0c08ec1d14a2d440a7?s=96&#038;r=g&#038;d=mm","contentUrl":"\/\/www.gravatar.com\/avatar\/d0f21db5bc586e0c08ec1d14a2d440a7?s=96&#038;r=g&#038;d=mm","caption":"Paul Eichholzer"}}]}},"_links":{"self":[{"href":"https:\/\/www.tagesfamilien-aaa.ch\/index.php\/wp-json\/wp\/v2\/posts\/2623","targetHints":{"allow":["GET"]}}],"collection":[{"href":"https:\/\/www.tagesfamilien-aaa.ch\/index.php\/wp-json\/wp\/v2\/posts"}],"about":[{"href":"https:\/\/www.tagesfamilien-aaa.ch\/index.php\/wp-json\/wp\/v2\/types\/post"}],"author":[{"embeddable":true,"href":"https:\/\/www.tagesfamilien-aaa.ch\/index.php\/wp-json\/wp\/v2\/users\/2"}],"replies":[{"embeddable":true,"href":"https:\/\/www.tagesfamilien-aaa.ch\/index.php\/wp-json\/wp\/v2\/comments?post=2623"}],"version-history":[{"count":9,"href":"https:\/\/www.tagesfamilien-aaa.ch\/index.php\/wp-json\/wp\/v2\/posts\/2623\/revisions"}],"predecessor-version":[{"id":3309,"href":"https:\/\/www.tagesfamilien-aaa.ch\/index.php\/wp-json\/wp\/v2\/posts\/2623\/revisions\/3309"}],"wp:featuredmedia":[{"embeddable":true,"href":"https:\/\/www.tagesfamilien-aaa.ch\/index.php\/wp-json\/wp\/v2\/media\/1254"}],"wp:attachment":[{"href":"https:\/\/www.tagesfamilien-aaa.ch\/index.php\/wp-json\/wp\/v2\/media?parent=2623"}],"wp:term":[{"taxonomy":"category","embeddable":true,"href":"https:\/\/www.tagesfamilien-aaa.ch\/index.php\/wp-json\/wp\/v2\/categories?post=2623"},{"taxonomy":"post_tag","embeddable":true,"href":"https:\/\/www.tagesfamilien-aaa.ch\/index.php\/wp-json\/wp\/v2\/tags?post=2623"}],"curies":[{"name":"wp","href":"https:\/\/api.w.org\/{rel}","templated":true}]}}