{"id":2801,"date":"2020-05-13T14:40:21","date_gmt":"2020-05-13T14:40:21","guid":{"rendered":"https:\/\/www.tagesfamilien-aaa.ch\/?p=2801"},"modified":"2023-09-28T17:00:18","modified_gmt":"2023-09-28T15:00:18","slug":"informationen-zum-umgang-mit-dem-coronavirus","status":"publish","type":"post","link":"https:\/\/www.tagesfamilien-aaa.ch\/index.php\/2020\/05\/13\/informationen-zum-umgang-mit-dem-coronavirus\/","title":{"rendered":"Informationen zum Umgang mit dem Coronavirus &#8211; Update Dezember"},"content":{"rendered":"<p><div class=\"fusion-fullwidth fullwidth-box fusion-builder-row-1 hundred-percent-fullwidth non-hundred-percent-height-scrolling\" style=\"--awb-border-radius-top-left:0px;--awb-border-radius-top-right:0px;--awb-border-radius-bottom-right:0px;--awb-border-radius-bottom-left:0px;--awb-padding-right:0px;--awb-padding-left:0px;--awb-flex-wrap:wrap;\" ><div class=\"fusion-builder-row fusion-row\"><div class=\"fusion-layout-column fusion_builder_column fusion-builder-column-0 fusion_builder_column_1_1 1_1 fusion-one-full fusion-column-first fusion-column-last\" style=\"--awb-bg-size:cover;\"><div class=\"fusion-column-wrapper fusion-column-has-shadow fusion-flex-column-wrapper-legacy\"><div class=\"fusion-alert alert error alert-danger fusion-alert-center fusion-alert-capitalize awb-alert-native-link-color alert-dismissable awb-alert-close-boxed\" role=\"alert\"><div class=\"fusion-alert-content-wrapper\"><span class=\"alert-icon\"><i class=\"awb-icon-exclamation-triangle\" aria-hidden=\"true\"><\/i><\/span><span class=\"fusion-alert-content\">Incorrect slider name. Please make sure to use a valid slider slug.<\/span><\/div><button type=\"button\" class=\"close toggle-alert\" data-dismiss=\"alert\" aria-label=\"Close\">&times;<\/button><\/div><div class=\"fusion-clearfix\"><\/div><\/div><\/div><\/div><\/div><div class=\"fusion-fullwidth fullwidth-box fusion-builder-row-2 nonhundred-percent-fullwidth non-hundred-percent-height-scrolling\" style=\"--awb-border-radius-top-left:0px;--awb-border-radius-top-right:0px;--awb-border-radius-bottom-right:0px;--awb-border-radius-bottom-left:0px;--awb-flex-wrap:wrap;\" ><div class=\"fusion-builder-row fusion-row\"><div class=\"fusion-layout-column fusion_builder_column fusion-builder-column-1 fusion_builder_column_2_3 2_3 fusion-two-third fusion-column-first\" style=\"--awb-bg-size:cover;width:66.666666666667%;width:calc(66.666666666667% - ( ( 4% ) * 0.66666666666667 ) );margin-right: 4%;\"><div class=\"fusion-column-wrapper fusion-column-has-shadow fusion-flex-column-wrapper-legacy\"><div class=\"fusion-title title fusion-title-1 fusion-sep-none fusion-title-text fusion-title-size-three\"><h3 class=\"fusion-title-heading title-heading-left fusion-responsive-typography-calculated\" style=\"margin:0;--fontSize:34;line-height:1.29;\"><p style=\"text-align: center\"><span style=\"color: #ff9900\">U P D A T E\u00a0 \u00a015. Dezember 2020<\/span><\/p><\/h3><\/div><div class=\"fusion-text fusion-text-1\"><p>An uns wurde die Frage herangetragen, ab wann, als Tagesmutter eine Maske getragen werde muss. Bei der Betreuung der Tageskinder w\u00e4re dies nicht verh\u00e4ltnism\u00e4ssig. Jedoch gehen wir hier nach den Empfehlungen von kibesuisse, welche in den unten fettgedruckten Situationen, dargestellt werden.<\/p>\n<p>Aufgrund der neuen Bundesbestimmungen zum Maskentragen am Arbeitsplatz tragen die Betreuungspersonen in <strong>Arbeitssituationen ausserhalb der unmittelbaren Betreuung<\/strong> (z.B. bei Sitzungen, Gespr\u00e4chen mit Eltern oder der Vermittlungsstelle) eine Hygienemaske, sofern der Abstand nicht eingehalten wird, namentlich in abgetrennten R\u00e4umen (Art. 10 Abs. 1 bis Covid-19-Verordnung besondere Lage). Ausserdem gilt seit letzter Woche ein schweizweites <strong>Singverbot<\/strong>. Hier ebenfalls der Text aus den Richtlinien von kibesuisse.<\/p>\n<p>Das schweizweite Singverbot ab dem 9. Dezember 2020 gilt explizit auch f\u00fcr die Kindertagesst\u00e4tten, schulerg\u00e4nzende Betreuung sowie die Tagesfamilienbetreuung. Singen ist ab dem 9. Dezember 2020 explizit drinnen und draussen bis auf Weiteres untersagt. Nat\u00fcrlich wissen wir, dass das Singverbot f\u00fcr die Kinder und ihre Betreuer gar nicht sch\u00f6n ist. Vielleicht finden sie neue Methoden den Kindern die Musik n\u00e4her zu bringen. Z.B. Instrumente, Lieder ab CD h\u00f6ren.<\/p>\n<p>Bei Fragen wenden Sie sich bitte an die Vermittlerinnen oder das Inkasso.<\/p>\n<\/div><div class=\"fusion-title title fusion-title-2 fusion-sep-none fusion-title-text fusion-title-size-three\"><h3 class=\"fusion-title-heading title-heading-left fusion-responsive-typography-calculated\" style=\"margin:0;--fontSize:34;line-height:1.29;\"><p style=\"text-align: center\">U P D A T E\u00a0 \u00a013. Mai 2020<\/p><\/h3><\/div><div class=\"fusion-text fusion-text-2\"><p>Kaum geschrieben, schon braucht es Anpassungen. Bitte beachtet das aktualisierte Schutzkonzept:<\/p>\n<p><a href=\"https:\/\/www.tagesfamilien-aaa.ch\/wp-content\/uploads\/2020\/03\/Schutzkonzept_20200513.pdf\">Schutzkonzept Tagesfamilien Bezirk Affoltern<\/a>\u00a0(Stand 13. Mai 2020)<\/p>\n<p><a href=\"https:\/\/www.tagesfamilien-aaa.ch\/wp-content\/uploads\/2020\/03\/COVID-19_Empfehlungen_zum_Umgang_mit_erkrankten_Personen_und_Kontakten_ab_11-Mai-2020.pdf\">COVID-19 Empfehlungen BAG<\/a><\/p>\n<p>Es gelten immer noch die grunds\u00e4tzlichen Massnahmen des Bundes, insbesondere auch der Schutz von Mitarbeitenden. Deshalb m\u00fcssen wir bis auf weiteres besonders gef\u00e4hrdete Betreuungspersonen von der Arbeit befreien (siehe auch Bestimmungen im Konzept!).<\/p>\n<p>Das kantonale Amt f\u00fcr Jugend und Berufsberatung (ajb) hat pr\u00e4zisiert, dass die vom Regierungsrat beschlossenen Entsch\u00e4digungen beschr\u00e4nkt sind auf den Zeitraum vom 16. M\u00e4rz bis 10. Mai 2020.<\/p>\n<p>Bei Fragen wenden Sie sich bitte an die Vermittlerinnen oder das Inkasso.<\/p>\n<\/div><div class=\"fusion-title title fusion-title-3 fusion-sep-none fusion-title-text fusion-title-size-three\"><h3 class=\"fusion-title-heading title-heading-left fusion-responsive-typography-calculated\" style=\"margin:0;--fontSize:34;line-height:1.29;\"><p style=\"text-align: center\"><span style=\"color: #000000\">U P D A T E\u00a0 \u00a05. Mai 2020<\/span><\/p><\/h3><\/div><div class=\"fusion-text fusion-text-3\"><p>Der Bund hat Lockerungsmassnahmen beschlossen. Ab Montag 11. Mai f\u00e4ngt u.a. die Schule wieder an. Die Regierung hat gefordert, dass jede Branche, jedes Gesch\u00e4ft und damit auch die Tagesfamilienorganisationen Schutzmassnahmen beschliessen. Deshalb haben auch wir, basierend auf einem Musterkonzept des Dachverbands kibesuisse, ein Schutzkonzept verfasst.<\/p>\n<p><a href=\"https:\/\/www.tagesfamilien-aaa.ch\/wp-content\/uploads\/2020\/03\/Schutzkonzept_20200504.pdf\">Schutzkonzept Tagesfamilien Bezirk Affoltern<\/a><\/p>\n<p>Es gelten immer noch die grunds\u00e4tzlichen Massnahmen des Bundes, insbesondere auch der Schutz von Mitarbeitenden. Deshalb m\u00fcssen wir bis auf weiteres besonders gef\u00e4hrdete Betreuungspersonen von der Arbeit befreien.<\/p>\n<p>Bei Fragen wenden Sie sich bitte an die Vermittlerinnen oder das Inkasso.<\/p>\n<\/div><div class=\"fusion-title title fusion-title-4 fusion-sep-none fusion-title-text fusion-title-size-three\"><h3 class=\"fusion-title-heading title-heading-left fusion-responsive-typography-calculated\" style=\"margin:0;--fontSize:34;line-height:1.29;\"><p style=\"text-align: center\"><span style=\"color: #000000\">U P D A T E\u00a0 \u00a018. April 2020<\/span><\/p><\/h3><\/div><div class=\"fusion-text fusion-text-4\"><p>Die Mitgliederversammlung vom 11. Mai ist abgesagt. Ein Verschiebungsdatum ist noch nicht fixiert.<\/p>\n<\/div><div class=\"fusion-title title fusion-title-5 fusion-sep-none fusion-title-text fusion-title-size-three\"><h3 class=\"fusion-title-heading title-heading-left fusion-responsive-typography-calculated\" style=\"margin:0;--fontSize:34;line-height:1.29;\"><p style=\"text-align: center\"><span style=\"color: #ff9900\">INFORMATIONEN ZUM CORONAVIRUS<\/span><\/p><\/h3><\/div><div class=\"fusion-text fusion-text-5\"><p>Liebe Betreuungspersonen<br \/>\nLiebe abgebenden Eltern<\/p>\n<p>Das Thema ist allgegenw\u00e4rtig und auch wir setzen uns mit diesem Thema aktiv auseinander und orientieren uns an den Vorgaben unseres Dachverbandes kibesuisse.<\/p>\n<p>Wir halten uns an diese Vorgaben und bitten Sie alle die vom Bundesamt f\u00fcr Gesundheit vorgebenen <a href=\"https:\/\/bag-coronavirus.ch\/\" target=\"_blank\" rel=\"noopener noreferrer\">Hygienemassnahmen<\/a> einzuhalten sowie den angemessenen Umgang gem\u00e4ss <a href=\"https:\/\/www.kibesuisse.ch\/merkblatt\/corona\/\" target=\"_blank\" rel=\"noopener noreferrer\">kibesuisse Merkbl\u00e4ttern<\/a> zu pflegen.<\/p>\n<p>Aktuell halten wir an den angebotenen Strukturen fest, d.h. die Betreuung der Kinder findet im vereinbarten Rahmen statt. Kontaktieren Sie Ihre Vermittlerin, wenn Sie andere Betreuungszeiten ben\u00f6tigen. Wir sind \u00fcberzeugt, dass wir zusammen eine f\u00fcr alle Beteiligten gute L\u00f6sung finden werden.<\/p>\n<p>Sie haben Fragen? Wenden Sie sich bitte an die Vermittlung oder an das Inkasso. Wir sind f\u00fcr Sie da.<\/p>\n<\/div><div class=\"fusion-clearfix\"><\/div><\/div><\/div><div class=\"fusion-layout-column fusion_builder_column fusion-builder-column-2 fusion_builder_column_1_3 1_3 fusion-one-third fusion-column-last\" style=\"--awb-bg-size:cover;width:33.333333333333%;width:calc(33.333333333333% - ( ( 4% ) * 0.33333333333333 ) );\"><div class=\"fusion-column-wrapper fusion-column-has-shadow fusion-flex-column-wrapper-legacy\"><div class=\"fusion-widget-area awb-widget-area-element fusion-widget-area-1 fusion-content-widget-area\" style=\"--awb-title-size:22px;--awb-title-color:#4c5166;--awb-padding:0px 0px 0px 0px;\"><section id=\"search-2\" class=\"widget widget_search\">\t\t<form role=\"search\" class=\"searchform fusion-search-form  fusion-search-form-classic\" method=\"get\" action=\"https:\/\/www.tagesfamilien-aaa.ch\/\">\n\t\t\t<div class=\"fusion-search-form-content\">\n\n\t\t\t\t\n\t\t\t\t<div class=\"fusion-search-field search-field\">\n\t\t\t\t\t<label><span class=\"screen-reader-text\">Suche nach:<\/span>\n\t\t\t\t\t\t\t\t\t\t\t\t\t<input type=\"search\" value=\"\" name=\"s\" class=\"s\" placeholder=\"Suchen...\" required aria-required=\"true\" aria-label=\"Suchen...\"\/>\n\t\t\t\t\t\t\t\t\t\t\t<\/label>\n\t\t\t\t<\/div>\n\t\t\t\t<div class=\"fusion-search-button search-button\">\n\t\t\t\t\t<input type=\"submit\" class=\"fusion-search-submit searchsubmit\" aria-label=\"Suche\" value=\"&#xf002;\" \/>\n\t\t\t\t\t\t\t\t\t<\/div>\n\n\t\t\t\t\n\t\t\t<\/div>\n\n\n\t\t\t\n\t\t<\/form>\n\t\t<\/section><section id=\"archives-2\" class=\"widget widget_archive\"><div class=\"heading\"><h4 class=\"widget-title\">Archiv<\/h4><\/div>\n\t\t\t<ul>\n\t\t\t\t\t<li><a href='https:\/\/www.tagesfamilien-aaa.ch\/index.php\/2023\/10\/'>Oktober 2023<\/a><\/li>\n\t<li><a href='https:\/\/www.tagesfamilien-aaa.ch\/index.php\/2023\/03\/'>M\u00e4rz 2023<\/a><\/li>\n\t<li><a href='https:\/\/www.tagesfamilien-aaa.ch\/index.php\/2023\/02\/'>Februar 2023<\/a><\/li>\n\t<li><a href='https:\/\/www.tagesfamilien-aaa.ch\/index.php\/2022\/10\/'>Oktober 2022<\/a><\/li>\n\t<li><a href='https:\/\/www.tagesfamilien-aaa.ch\/index.php\/2021\/04\/'>April 2021<\/a><\/li>\n\t<li><a href='https:\/\/www.tagesfamilien-aaa.ch\/index.php\/2020\/12\/'>Dezember 2020<\/a><\/li>\n\t<li><a href='https:\/\/www.tagesfamilien-aaa.ch\/index.php\/2020\/09\/'>September 2020<\/a><\/li>\n\t<li><a href='https:\/\/www.tagesfamilien-aaa.ch\/index.php\/2020\/07\/'>Juli 2020<\/a><\/li>\n\t<li><a href='https:\/\/www.tagesfamilien-aaa.ch\/index.php\/2020\/05\/'>Mai 2020<\/a><\/li>\n\t<li><a href='https:\/\/www.tagesfamilien-aaa.ch\/index.php\/2020\/03\/'>M\u00e4rz 2020<\/a><\/li>\n\t<li><a href='https:\/\/www.tagesfamilien-aaa.ch\/index.php\/2020\/01\/'>Januar 2020<\/a><\/li>\n\t<li><a href='https:\/\/www.tagesfamilien-aaa.ch\/index.php\/2019\/09\/'>September 2019<\/a><\/li>\n\t<li><a href='https:\/\/www.tagesfamilien-aaa.ch\/index.php\/2019\/01\/'>Januar 2019<\/a><\/li>\n\t<li><a href='https:\/\/www.tagesfamilien-aaa.ch\/index.php\/2018\/07\/'>Juli 2018<\/a><\/li>\n\t<li><a href='https:\/\/www.tagesfamilien-aaa.ch\/index.php\/2018\/06\/'>Juni 2018<\/a><\/li>\n\t\t\t<\/ul>\n\n\t\t\t<\/section><section id=\"categories-2\" class=\"widget widget_categories\"><div class=\"heading\"><h4 class=\"widget-title\">Kategorien<\/h4><\/div>\n\t\t\t<ul>\n\t\t\t\t\t<li class=\"cat-item cat-item-41\"><a href=\"https:\/\/www.tagesfamilien-aaa.ch\/index.php\/category\/angebot\/\">Angebot<\/a>\n<\/li>\n\t<li class=\"cat-item cat-item-46\"><a href=\"https:\/\/www.tagesfamilien-aaa.ch\/index.php\/category\/newsletter\/\">Newsletter<\/a>\n<\/li>\n\t<li class=\"cat-item cat-item-47\"><a href=\"https:\/\/www.tagesfamilien-aaa.ch\/index.php\/category\/schulung\/\">Schulung<\/a>\n<\/li>\n\t\t\t<\/ul>\n\n\t\t\t<\/section><div class=\"fusion-additional-widget-content\"><\/div><\/div><div class=\"fusion-clearfix\"><\/div><\/div><\/div><\/div><\/div><\/p>\n","protected":false},"excerpt":{"rendered":"","protected":false},"author":2,"featured_media":2803,"comment_status":"open","ping_status":"closed","sticky":false,"template":"","format":"standard","meta":{"footnotes":""},"categories":[46],"tags":[],"class_list":["post-2801","post","type-post","status-publish","format-standard","has-post-thumbnail","hentry","category-newsletter"],"yoast_head":"<!-- This site is optimized with the Yoast SEO plugin v27.1.1 - https:\/\/yoast.com\/product\/yoast-seo-wordpress\/ -->\n<title>Informationen zum Umgang mit dem Coronavirus - Update Dezember - Tagesfamilien Bezirk Affoltern<\/title>\n<meta name=\"description\" content=\"Tagesmutter, Familie, Betreuung, Kinder, Krippe, famiilienerg\u00e4nzend,\" \/>\n<meta name=\"robots\" content=\"index, follow, max-snippet:-1, max-image-preview:large, max-video-preview:-1\" \/>\n<link rel=\"canonical\" href=\"https:\/\/www.tagesfamilien-aaa.ch\/index.php\/2020\/05\/13\/informationen-zum-umgang-mit-dem-coronavirus\/\" \/>\n<meta property=\"og:locale\" content=\"de_DE\" \/>\n<meta property=\"og:type\" content=\"article\" \/>\n<meta property=\"og:title\" content=\"Informationen zum Umgang mit dem Coronavirus - Update Dezember - Tagesfamilien Bezirk Affoltern\" \/>\n<meta property=\"og:description\" content=\"Tagesmutter, Familie, Betreuung, Kinder, Krippe, famiilienerg\u00e4nzend,\" \/>\n<meta property=\"og:url\" content=\"https:\/\/www.tagesfamilien-aaa.ch\/index.php\/2020\/05\/13\/informationen-zum-umgang-mit-dem-coronavirus\/\" \/>\n<meta property=\"og:site_name\" content=\"Tagesfamilien Bezirk Affoltern\" \/>\n<meta property=\"article:publisher\" content=\"https:\/\/www.facebook.com\/100000805876953\/posts\/2095824770454365?sfns=mo\" \/>\n<meta property=\"article:published_time\" content=\"2020-05-13T14:40:21+00:00\" \/>\n<meta property=\"article:modified_time\" content=\"2023-09-28T15:00:18+00:00\" \/>\n<meta property=\"og:image\" content=\"https:\/\/www.tagesfamilien-aaa.ch\/wp-content\/uploads\/2020\/05\/bewegung-blasen-fliessend-fokus-545021-scaled-e1589381321760.jpg\" \/>\n\t<meta property=\"og:image:width\" content=\"2560\" \/>\n\t<meta property=\"og:image:height\" content=\"1350\" \/>\n\t<meta property=\"og:image:type\" content=\"image\/jpeg\" \/>\n<meta name=\"author\" content=\"Paul Eichholzer\" \/>\n<meta name=\"twitter:card\" content=\"summary_large_image\" \/>\n<meta name=\"twitter:label1\" content=\"Verfasst von\" \/>\n\t<meta name=\"twitter:data1\" content=\"Paul Eichholzer\" \/>\n\t<meta name=\"twitter:label2\" content=\"Gesch\u00e4tzte Lesezeit\" \/>\n\t<meta name=\"twitter:data2\" content=\"7\u00a0Minuten\" \/>\n<script type=\"application\/ld+json\" class=\"yoast-schema-graph\">{\"@context\":\"https:\/\/schema.org\",\"@graph\":[{\"@type\":\"Article\",\"@id\":\"https:\/\/www.tagesfamilien-aaa.ch\/index.php\/2020\/05\/13\/informationen-zum-umgang-mit-dem-coronavirus\/#article\",\"isPartOf\":{\"@id\":\"https:\/\/www.tagesfamilien-aaa.ch\/index.php\/2020\/05\/13\/informationen-zum-umgang-mit-dem-coronavirus\/\"},\"author\":{\"name\":\"Paul Eichholzer\",\"@id\":\"https:\/\/www.tagesfamilien-aaa.ch\/#\/schema\/person\/3c59ea1e7855e44089ef3f0a3c843a88\"},\"headline\":\"Informationen zum Umgang mit dem Coronavirus &#8211; Update Dezember\",\"datePublished\":\"2020-05-13T14:40:21+00:00\",\"dateModified\":\"2023-09-28T15:00:18+00:00\",\"mainEntityOfPage\":{\"@id\":\"https:\/\/www.tagesfamilien-aaa.ch\/index.php\/2020\/05\/13\/informationen-zum-umgang-mit-dem-coronavirus\/\"},\"wordCount\":2266,\"commentCount\":0,\"publisher\":{\"@id\":\"https:\/\/www.tagesfamilien-aaa.ch\/#organization\"},\"image\":{\"@id\":\"https:\/\/www.tagesfamilien-aaa.ch\/index.php\/2020\/05\/13\/informationen-zum-umgang-mit-dem-coronavirus\/#primaryimage\"},\"thumbnailUrl\":\"https:\/\/www.tagesfamilien-aaa.ch\/wp-content\/uploads\/2020\/05\/bewegung-blasen-fliessend-fokus-545021-scaled-e1589381321760.jpg\",\"articleSection\":[\"Newsletter\"],\"inLanguage\":\"de\",\"potentialAction\":[{\"@type\":\"CommentAction\",\"name\":\"Comment\",\"target\":[\"https:\/\/www.tagesfamilien-aaa.ch\/index.php\/2020\/05\/13\/informationen-zum-umgang-mit-dem-coronavirus\/#respond\"]}]},{\"@type\":\"WebPage\",\"@id\":\"https:\/\/www.tagesfamilien-aaa.ch\/index.php\/2020\/05\/13\/informationen-zum-umgang-mit-dem-coronavirus\/\",\"url\":\"https:\/\/www.tagesfamilien-aaa.ch\/index.php\/2020\/05\/13\/informationen-zum-umgang-mit-dem-coronavirus\/\",\"name\":\"Informationen zum Umgang mit dem Coronavirus - Update Dezember - Tagesfamilien Bezirk Affoltern\",\"isPartOf\":{\"@id\":\"https:\/\/www.tagesfamilien-aaa.ch\/#website\"},\"primaryImageOfPage\":{\"@id\":\"https:\/\/www.tagesfamilien-aaa.ch\/index.php\/2020\/05\/13\/informationen-zum-umgang-mit-dem-coronavirus\/#primaryimage\"},\"image\":{\"@id\":\"https:\/\/www.tagesfamilien-aaa.ch\/index.php\/2020\/05\/13\/informationen-zum-umgang-mit-dem-coronavirus\/#primaryimage\"},\"thumbnailUrl\":\"https:\/\/www.tagesfamilien-aaa.ch\/wp-content\/uploads\/2020\/05\/bewegung-blasen-fliessend-fokus-545021-scaled-e1589381321760.jpg\",\"datePublished\":\"2020-05-13T14:40:21+00:00\",\"dateModified\":\"2023-09-28T15:00:18+00:00\",\"description\":\"Tagesmutter, Familie, Betreuung, Kinder, Krippe, famiilienerg\u00e4nzend,\",\"breadcrumb\":{\"@id\":\"https:\/\/www.tagesfamilien-aaa.ch\/index.php\/2020\/05\/13\/informationen-zum-umgang-mit-dem-coronavirus\/#breadcrumb\"},\"inLanguage\":\"de\",\"potentialAction\":[{\"@type\":\"ReadAction\",\"target\":[\"https:\/\/www.tagesfamilien-aaa.ch\/index.php\/2020\/05\/13\/informationen-zum-umgang-mit-dem-coronavirus\/\"]}]},{\"@type\":\"ImageObject\",\"inLanguage\":\"de\",\"@id\":\"https:\/\/www.tagesfamilien-aaa.ch\/index.php\/2020\/05\/13\/informationen-zum-umgang-mit-dem-coronavirus\/#primaryimage\",\"url\":\"https:\/\/www.tagesfamilien-aaa.ch\/wp-content\/uploads\/2020\/05\/bewegung-blasen-fliessend-fokus-545021-scaled-e1589381321760.jpg\",\"contentUrl\":\"https:\/\/www.tagesfamilien-aaa.ch\/wp-content\/uploads\/2020\/05\/bewegung-blasen-fliessend-fokus-545021-scaled-e1589381321760.jpg\",\"width\":2560,\"height\":1350},{\"@type\":\"BreadcrumbList\",\"@id\":\"https:\/\/www.tagesfamilien-aaa.ch\/index.php\/2020\/05\/13\/informationen-zum-umgang-mit-dem-coronavirus\/#breadcrumb\",\"itemListElement\":[{\"@type\":\"ListItem\",\"position\":1,\"name\":\"Startseite\",\"item\":\"https:\/\/www.tagesfamilien-aaa.ch\/\"},{\"@type\":\"ListItem\",\"position\":2,\"name\":\"Informationen zum Umgang mit dem Coronavirus &#8211; Update Dezember\"}]},{\"@type\":\"WebSite\",\"@id\":\"https:\/\/www.tagesfamilien-aaa.ch\/#website\",\"url\":\"https:\/\/www.tagesfamilien-aaa.ch\/\",\"name\":\"Tagesfamilien Bezirk Affoltern\",\"description\":\"\",\"publisher\":{\"@id\":\"https:\/\/www.tagesfamilien-aaa.ch\/#organization\"},\"potentialAction\":[{\"@type\":\"SearchAction\",\"target\":{\"@type\":\"EntryPoint\",\"urlTemplate\":\"https:\/\/www.tagesfamilien-aaa.ch\/?s={search_term_string}\"},\"query-input\":{\"@type\":\"PropertyValueSpecification\",\"valueRequired\":true,\"valueName\":\"search_term_string\"}}],\"inLanguage\":\"de\"},{\"@type\":\"Organization\",\"@id\":\"https:\/\/www.tagesfamilien-aaa.ch\/#organization\",\"name\":\"Tagesfamilien Bezirk Affoltern\",\"url\":\"https:\/\/www.tagesfamilien-aaa.ch\/\",\"logo\":{\"@type\":\"ImageObject\",\"inLanguage\":\"de\",\"@id\":\"https:\/\/www.tagesfamilien-aaa.ch\/#\/schema\/logo\/image\/\",\"url\":\"https:\/\/www.tagesfamilien-aaa.ch\/wp-content\/uploads\/2019\/01\/TFBA_Logo.jpg\",\"contentUrl\":\"https:\/\/www.tagesfamilien-aaa.ch\/wp-content\/uploads\/2019\/01\/TFBA_Logo.jpg\",\"width\":630,\"height\":270,\"caption\":\"Tagesfamilien Bezirk Affoltern\"},\"image\":{\"@id\":\"https:\/\/www.tagesfamilien-aaa.ch\/#\/schema\/logo\/image\/\"},\"sameAs\":[\"https:\/\/www.facebook.com\/100000805876953\/posts\/2095824770454365?sfns=mo\"]},{\"@type\":\"Person\",\"@id\":\"https:\/\/www.tagesfamilien-aaa.ch\/#\/schema\/person\/3c59ea1e7855e44089ef3f0a3c843a88\",\"name\":\"Paul Eichholzer\",\"image\":{\"@type\":\"ImageObject\",\"inLanguage\":\"de\",\"@id\":\"https:\/\/www.tagesfamilien-aaa.ch\/#\/schema\/person\/image\/\",\"url\":\"\/\/www.gravatar.com\/avatar\/d0f21db5bc586e0c08ec1d14a2d440a7?s=96&#038;r=g&#038;d=mm\",\"contentUrl\":\"\/\/www.gravatar.com\/avatar\/d0f21db5bc586e0c08ec1d14a2d440a7?s=96&#038;r=g&#038;d=mm\",\"caption\":\"Paul Eichholzer\"}}]}<\/script>\n<!-- \/ Yoast SEO plugin. -->","yoast_head_json":{"title":"Informationen zum Umgang mit dem Coronavirus - Update Dezember - Tagesfamilien Bezirk Affoltern","description":"Tagesmutter, Familie, Betreuung, Kinder, Krippe, famiilienerg\u00e4nzend,","robots":{"index":"index","follow":"follow","max-snippet":"max-snippet:-1","max-image-preview":"max-image-preview:large","max-video-preview":"max-video-preview:-1"},"canonical":"https:\/\/www.tagesfamilien-aaa.ch\/index.php\/2020\/05\/13\/informationen-zum-umgang-mit-dem-coronavirus\/","og_locale":"de_DE","og_type":"article","og_title":"Informationen zum Umgang mit dem Coronavirus - Update Dezember - Tagesfamilien Bezirk Affoltern","og_description":"Tagesmutter, Familie, Betreuung, Kinder, Krippe, famiilienerg\u00e4nzend,","og_url":"https:\/\/www.tagesfamilien-aaa.ch\/index.php\/2020\/05\/13\/informationen-zum-umgang-mit-dem-coronavirus\/","og_site_name":"Tagesfamilien Bezirk Affoltern","article_publisher":"https:\/\/www.facebook.com\/100000805876953\/posts\/2095824770454365?sfns=mo","article_published_time":"2020-05-13T14:40:21+00:00","article_modified_time":"2023-09-28T15:00:18+00:00","og_image":[{"width":2560,"height":1350,"url":"https:\/\/www.tagesfamilien-aaa.ch\/wp-content\/uploads\/2020\/05\/bewegung-blasen-fliessend-fokus-545021-scaled-e1589381321760.jpg","type":"image\/jpeg"}],"author":"Paul Eichholzer","twitter_card":"summary_large_image","twitter_misc":{"Verfasst von":"Paul Eichholzer","Gesch\u00e4tzte Lesezeit":"7\u00a0Minuten"},"schema":{"@context":"https:\/\/schema.org","@graph":[{"@type":"Article","@id":"https:\/\/www.tagesfamilien-aaa.ch\/index.php\/2020\/05\/13\/informationen-zum-umgang-mit-dem-coronavirus\/#article","isPartOf":{"@id":"https:\/\/www.tagesfamilien-aaa.ch\/index.php\/2020\/05\/13\/informationen-zum-umgang-mit-dem-coronavirus\/"},"author":{"name":"Paul Eichholzer","@id":"https:\/\/www.tagesfamilien-aaa.ch\/#\/schema\/person\/3c59ea1e7855e44089ef3f0a3c843a88"},"headline":"Informationen zum Umgang mit dem Coronavirus &#8211; Update Dezember","datePublished":"2020-05-13T14:40:21+00:00","dateModified":"2023-09-28T15:00:18+00:00","mainEntityOfPage":{"@id":"https:\/\/www.tagesfamilien-aaa.ch\/index.php\/2020\/05\/13\/informationen-zum-umgang-mit-dem-coronavirus\/"},"wordCount":2266,"commentCount":0,"publisher":{"@id":"https:\/\/www.tagesfamilien-aaa.ch\/#organization"},"image":{"@id":"https:\/\/www.tagesfamilien-aaa.ch\/index.php\/2020\/05\/13\/informationen-zum-umgang-mit-dem-coronavirus\/#primaryimage"},"thumbnailUrl":"https:\/\/www.tagesfamilien-aaa.ch\/wp-content\/uploads\/2020\/05\/bewegung-blasen-fliessend-fokus-545021-scaled-e1589381321760.jpg","articleSection":["Newsletter"],"inLanguage":"de","potentialAction":[{"@type":"CommentAction","name":"Comment","target":["https:\/\/www.tagesfamilien-aaa.ch\/index.php\/2020\/05\/13\/informationen-zum-umgang-mit-dem-coronavirus\/#respond"]}]},{"@type":"WebPage","@id":"https:\/\/www.tagesfamilien-aaa.ch\/index.php\/2020\/05\/13\/informationen-zum-umgang-mit-dem-coronavirus\/","url":"https:\/\/www.tagesfamilien-aaa.ch\/index.php\/2020\/05\/13\/informationen-zum-umgang-mit-dem-coronavirus\/","name":"Informationen zum Umgang mit dem Coronavirus - Update Dezember - Tagesfamilien Bezirk Affoltern","isPartOf":{"@id":"https:\/\/www.tagesfamilien-aaa.ch\/#website"},"primaryImageOfPage":{"@id":"https:\/\/www.tagesfamilien-aaa.ch\/index.php\/2020\/05\/13\/informationen-zum-umgang-mit-dem-coronavirus\/#primaryimage"},"image":{"@id":"https:\/\/www.tagesfamilien-aaa.ch\/index.php\/2020\/05\/13\/informationen-zum-umgang-mit-dem-coronavirus\/#primaryimage"},"thumbnailUrl":"https:\/\/www.tagesfamilien-aaa.ch\/wp-content\/uploads\/2020\/05\/bewegung-blasen-fliessend-fokus-545021-scaled-e1589381321760.jpg","datePublished":"2020-05-13T14:40:21+00:00","dateModified":"2023-09-28T15:00:18+00:00","description":"Tagesmutter, Familie, Betreuung, Kinder, Krippe, famiilienerg\u00e4nzend,","breadcrumb":{"@id":"https:\/\/www.tagesfamilien-aaa.ch\/index.php\/2020\/05\/13\/informationen-zum-umgang-mit-dem-coronavirus\/#breadcrumb"},"inLanguage":"de","potentialAction":[{"@type":"ReadAction","target":["https:\/\/www.tagesfamilien-aaa.ch\/index.php\/2020\/05\/13\/informationen-zum-umgang-mit-dem-coronavirus\/"]}]},{"@type":"ImageObject","inLanguage":"de","@id":"https:\/\/www.tagesfamilien-aaa.ch\/index.php\/2020\/05\/13\/informationen-zum-umgang-mit-dem-coronavirus\/#primaryimage","url":"https:\/\/www.tagesfamilien-aaa.ch\/wp-content\/uploads\/2020\/05\/bewegung-blasen-fliessend-fokus-545021-scaled-e1589381321760.jpg","contentUrl":"https:\/\/www.tagesfamilien-aaa.ch\/wp-content\/uploads\/2020\/05\/bewegung-blasen-fliessend-fokus-545021-scaled-e1589381321760.jpg","width":2560,"height":1350},{"@type":"BreadcrumbList","@id":"https:\/\/www.tagesfamilien-aaa.ch\/index.php\/2020\/05\/13\/informationen-zum-umgang-mit-dem-coronavirus\/#breadcrumb","itemListElement":[{"@type":"ListItem","position":1,"name":"Startseite","item":"https:\/\/www.tagesfamilien-aaa.ch\/"},{"@type":"ListItem","position":2,"name":"Informationen zum Umgang mit dem Coronavirus &#8211; Update Dezember"}]},{"@type":"WebSite","@id":"https:\/\/www.tagesfamilien-aaa.ch\/#website","url":"https:\/\/www.tagesfamilien-aaa.ch\/","name":"Tagesfamilien Bezirk Affoltern","description":"","publisher":{"@id":"https:\/\/www.tagesfamilien-aaa.ch\/#organization"},"potentialAction":[{"@type":"SearchAction","target":{"@type":"EntryPoint","urlTemplate":"https:\/\/www.tagesfamilien-aaa.ch\/?s={search_term_string}"},"query-input":{"@type":"PropertyValueSpecification","valueRequired":true,"valueName":"search_term_string"}}],"inLanguage":"de"},{"@type":"Organization","@id":"https:\/\/www.tagesfamilien-aaa.ch\/#organization","name":"Tagesfamilien Bezirk Affoltern","url":"https:\/\/www.tagesfamilien-aaa.ch\/","logo":{"@type":"ImageObject","inLanguage":"de","@id":"https:\/\/www.tagesfamilien-aaa.ch\/#\/schema\/logo\/image\/","url":"https:\/\/www.tagesfamilien-aaa.ch\/wp-content\/uploads\/2019\/01\/TFBA_Logo.jpg","contentUrl":"https:\/\/www.tagesfamilien-aaa.ch\/wp-content\/uploads\/2019\/01\/TFBA_Logo.jpg","width":630,"height":270,"caption":"Tagesfamilien Bezirk Affoltern"},"image":{"@id":"https:\/\/www.tagesfamilien-aaa.ch\/#\/schema\/logo\/image\/"},"sameAs":["https:\/\/www.facebook.com\/100000805876953\/posts\/2095824770454365?sfns=mo"]},{"@type":"Person","@id":"https:\/\/www.tagesfamilien-aaa.ch\/#\/schema\/person\/3c59ea1e7855e44089ef3f0a3c843a88","name":"Paul Eichholzer","image":{"@type":"ImageObject","inLanguage":"de","@id":"https:\/\/www.tagesfamilien-aaa.ch\/#\/schema\/person\/image\/","url":"\/\/www.gravatar.com\/avatar\/d0f21db5bc586e0c08ec1d14a2d440a7?s=96&#038;r=g&#038;d=mm","contentUrl":"\/\/www.gravatar.com\/avatar\/d0f21db5bc586e0c08ec1d14a2d440a7?s=96&#038;r=g&#038;d=mm","caption":"Paul Eichholzer"}}]}},"_links":{"self":[{"href":"https:\/\/www.tagesfamilien-aaa.ch\/index.php\/wp-json\/wp\/v2\/posts\/2801","targetHints":{"allow":["GET"]}}],"collection":[{"href":"https:\/\/www.tagesfamilien-aaa.ch\/index.php\/wp-json\/wp\/v2\/posts"}],"about":[{"href":"https:\/\/www.tagesfamilien-aaa.ch\/index.php\/wp-json\/wp\/v2\/types\/post"}],"author":[{"embeddable":true,"href":"https:\/\/www.tagesfamilien-aaa.ch\/index.php\/wp-json\/wp\/v2\/users\/2"}],"replies":[{"embeddable":true,"href":"https:\/\/www.tagesfamilien-aaa.ch\/index.php\/wp-json\/wp\/v2\/comments?post=2801"}],"version-history":[{"count":6,"href":"https:\/\/www.tagesfamilien-aaa.ch\/index.php\/wp-json\/wp\/v2\/posts\/2801\/revisions"}],"predecessor-version":[{"id":3372,"href":"https:\/\/www.tagesfamilien-aaa.ch\/index.php\/wp-json\/wp\/v2\/posts\/2801\/revisions\/3372"}],"wp:featuredmedia":[{"embeddable":true,"href":"https:\/\/www.tagesfamilien-aaa.ch\/index.php\/wp-json\/wp\/v2\/media\/2803"}],"wp:attachment":[{"href":"https:\/\/www.tagesfamilien-aaa.ch\/index.php\/wp-json\/wp\/v2\/media?parent=2801"}],"wp:term":[{"taxonomy":"category","embeddable":true,"href":"https:\/\/www.tagesfamilien-aaa.ch\/index.php\/wp-json\/wp\/v2\/categories?post=2801"},{"taxonomy":"post_tag","embeddable":true,"href":"https:\/\/www.tagesfamilien-aaa.ch\/index.php\/wp-json\/wp\/v2\/tags?post=2801"}],"curies":[{"name":"wp","href":"https:\/\/api.w.org\/{rel}","templated":true}]}}