{"id":2949,"date":"2020-07-24T21:17:31","date_gmt":"2020-07-24T21:17:31","guid":{"rendered":"https:\/\/www.tagesfamilien-aaa.ch\/?p=2949"},"modified":"2023-09-28T16:59:22","modified_gmt":"2023-09-28T14:59:22","slug":"newsletter-juni-2020","status":"publish","type":"post","link":"https:\/\/www.tagesfamilien-aaa.ch\/index.php\/2020\/07\/24\/newsletter-juni-2020\/","title":{"rendered":"Newsletter 2 \/ 2020"},"content":{"rendered":"<p><div class=\"fusion-fullwidth fullwidth-box fusion-builder-row-1 fusion-flex-container nonhundred-percent-fullwidth non-hundred-percent-height-scrolling\" style=\"--awb-border-radius-top-left:0px;--awb-border-radius-top-right:0px;--awb-border-radius-bottom-right:0px;--awb-border-radius-bottom-left:0px;--awb-flex-wrap:wrap;\" ><div class=\"fusion-builder-row fusion-row fusion-flex-align-items-flex-start fusion-flex-content-wrap\" style=\"max-width:1289.6px;margin-left: calc(-4% \/ 2 );margin-right: calc(-4% \/ 2 );\"><div class=\"fusion-layout-column fusion_builder_column fusion-builder-column-0 fusion_builder_column_1_1 1_1 fusion-flex-column\" style=\"--awb-bg-size:cover;--awb-width-large:100%;--awb-margin-top-large:0px;--awb-spacing-right-large:1.92%;--awb-margin-bottom-large:40px;--awb-spacing-left-large:1.92%;--awb-width-medium:100%;--awb-order-medium:0;--awb-spacing-right-medium:1.92%;--awb-spacing-left-medium:1.92%;--awb-width-small:100%;--awb-order-small:0;--awb-spacing-right-small:1.92%;--awb-spacing-left-small:1.92%;\"><div class=\"fusion-column-wrapper fusion-column-has-shadow fusion-flex-justify-content-flex-start fusion-content-layout-column\">\t\t\t\t\t<div class=\"fusion-slider-container fusion-slider-sc-tfba_newsletter fusion-slider-48 full-width-slider\" style=\"height:300px; max-width:100%;\" data-id=\"48\" data-full_height=\"\">\n\t\t\t\t\t\t<style type=\"text\/css\">.fusion-slider-48 .flex-direction-nav a {width:63px;height:63px;line-height:63px;font-size:25px;}<\/style>\t\t\t\t\t\t<div class=\"fusion-slider-loading\">Laden...<\/div>\n\t\t\t\t\t\t<div class=\"tfs-slider flexslider main-flex full-width-slider\" data-slider_width=\"100%\" data-slider_height=\"300px\" data-full_screen=\"0\" data-parallax=\"0\" data-nav_arrows=\"0\" data-nav_box_width=\"63px\" data-nav_box_height=\"63px\" data-nav_arrow_size=\"25px\" data-autoplay=\"1\" data-loop=\"1\" data-orderby=\"modified\" data-order=\"DESC\" data-animation=\"slide\" data-slideshow_speed=\"4000\" data-animation_speed=\"1000\" data-typo_sensitivity=\"1\" data-typo_factor=\"1.5\" style=\"max-width:100%;\">\n\t\t\t\t\t\t\t<ul class=\"slides\">\n\t\t\t\t\t\t\t\t\t\t\t\t\t\t\t\t\t<li data-mute=\"yes\" data-loop=\"yes\" data-autoplay=\"yes\">\n\t\t\t\t\t\t\t\t\t\t<div class=\"slide-content-container slide-content-center\" style=\"display: none;\">\n\t\t\t\t\t\t\t\t\t\t\t<div class=\"slide-content\" style=\"\">\n\t\t\t\t\t\t\t\t\t\t\t\t\t\t\t\t\t\t\t\t\t\t\t\t\t<div class=\"heading \">\n\t\t\t\t\t\t\t\t\t\t\t\t\t\t<div class=\"fusion-title-sc-wrapper\" style=\"\">\n\t\t\t\t\t\t\t\t\t\t\t\t\t\t\t<div class=\"fusion-title title fusion-title-1 fusion-sep-none fusion-title-center fusion-title-text fusion-title-size-three\" style=\"--awb-text-color:#ffffff;--awb-sep-color:#ffffff;--awb-font-size:60px;\"><h3 class=\"fusion-title-heading title-heading-center fusion-responsive-typography-calculated\" style=\"margin:0;font-size:1em;--fontSize:60;line-height:1.33;\">Newsletter<\/h3><\/div>\t\t\t\t\t\t\t\t\t\t\t\t\t\t<\/div>\n\t\t\t\t\t\t\t\t\t\t\t\t\t<\/div>\n\t\t\t\t\t\t\t\t\t\t\t\t\t\t\t\t\t\t\t\t\t\t\t\t\t\t\t\t\t\t\t\t\t\t\t\t\t\t\t\t\t\t\t\t\t\t\t<\/div>\n\t\t\t\t\t\t\t\t\t\t<\/div>\n\t\t\t\t\t\t\t\t\t\t\t\t\t\t\t\t\t\t\t\t\t\t\t\t\t\t\t\t\t\t\t\t\t\t\t\t\t\t\t\t<div class=\"background background-image\" style=\"background-image: url(https:\/\/www.tagesfamilien-aaa.ch\/wp-content\/uploads\/2023\/03\/pexels-suzy-hazelwood-1995842-scaled.jpg);max-width:100%;height:300px;filter: progid:DXImageTransform.Microsoft.AlphaImageLoader(src='https:\/\/www.tagesfamilien-aaa.ch\/wp-content\/uploads\/2023\/03\/pexels-suzy-hazelwood-1995842-scaled.jpg', sizingMethod='scale');\" data-imgwidth=\"2560\">\n\t\t\t\t\t\t\t\t\t\t\t\t\t\t\t\t\t\t\t\t\t\t\t\t\t\t\t\t\t\t\t\t\t\t\t\t\t\t\t\t\t\t\t\t\t\t\t\t\t\t\t\t\t\t\t\t\t\t\t\t\t\t\t\t\t\t<\/div>\n\t\t\t\t\t\t\t\t\t<\/li>\n\t\t\t\t\t\t\t\t\t\t\t\t\t\t\t\t\t\t\t\t\t\t\t<\/ul>\n\t\t\t\t\t\t<\/div>\n\t\t\t\t\t<\/div>\n\t\t\t\t\t\t\t\t<\/div><\/div><\/div><\/div><div class=\"fusion-fullwidth fullwidth-box fusion-builder-row-2 fusion-flex-container nonhundred-percent-fullwidth non-hundred-percent-height-scrolling\" style=\"--awb-border-radius-top-left:0px;--awb-border-radius-top-right:0px;--awb-border-radius-bottom-right:0px;--awb-border-radius-bottom-left:0px;--awb-flex-wrap:wrap;\" ><div class=\"fusion-builder-row fusion-row fusion-flex-align-items-flex-start fusion-flex-content-wrap\" style=\"max-width:1289.6px;margin-left: calc(-4% \/ 2 );margin-right: calc(-4% \/ 2 );\"><div class=\"fusion-layout-column fusion_builder_column fusion-builder-column-1 fusion_builder_column_2_3 2_3 fusion-flex-column\" style=\"--awb-bg-size:cover;--awb-width-large:66.666666666667%;--awb-margin-top-large:0px;--awb-spacing-right-large:2.88%;--awb-margin-bottom-large:40px;--awb-spacing-left-large:2.88%;--awb-width-medium:100%;--awb-order-medium:0;--awb-spacing-right-medium:1.92%;--awb-spacing-left-medium:1.92%;--awb-width-small:100%;--awb-order-small:0;--awb-spacing-right-small:1.92%;--awb-spacing-left-small:1.92%;\"><div class=\"fusion-column-wrapper fusion-column-has-shadow fusion-flex-justify-content-flex-start fusion-content-layout-column\"><ul style=\"--awb-line-height:23.8px;--awb-icon-width:23.8px;--awb-icon-height:23.8px;--awb-icon-margin:9.8px;--awb-content-margin:33.6px;\" class=\"fusion-checklist fusion-checklist-1 fusion-checklist-default type-icons\"><li class=\"fusion-li-item\" style=\"\"><span class=\"icon-wrapper circle-no\"><i class=\"fusion-li-icon fa-hand-point-right far\" aria-hidden=\"true\"><\/i><\/span><div class=\"fusion-li-item-content\">\n<p>Corona<\/p>\n<\/div><\/li><li class=\"fusion-li-item\" style=\"\"><span class=\"icon-wrapper circle-no\"><i class=\"fusion-li-icon fa-hand-point-right far\" aria-hidden=\"true\"><\/i><\/span><div class=\"fusion-li-item-content\">\n<p>Link Corona Virus Kinder<\/p>\n<\/div><\/li><li class=\"fusion-li-item\" style=\"\"><span class=\"icon-wrapper circle-no\"><i class=\"fusion-li-icon fa-hand-point-right far\" aria-hidden=\"true\"><\/i><\/span><div class=\"fusion-li-item-content\">\n<p>Dienstjubil\u00e4en<\/p>\n<\/div><\/li><li class=\"fusion-li-item\" style=\"\"><span class=\"icon-wrapper circle-no\"><i class=\"fusion-li-icon fa-hand-point-right far\" aria-hidden=\"true\"><\/i><\/span><div class=\"fusion-li-item-content\">\n<p>Kursangebote<\/p>\n<\/div><\/li><li class=\"fusion-li-item\" style=\"\"><span class=\"icon-wrapper circle-no\"><i class=\"fusion-li-icon fa-hand-point-right far\" aria-hidden=\"true\"><\/i><\/span><div class=\"fusion-li-item-content\">\n<p>Stimmen aus dem Verein<\/p>\n<\/div><\/li><\/ul><div class=\"fusion-title title fusion-title-2 fusion-sep-none fusion-title-text fusion-title-size-three\"><h3 class=\"fusion-title-heading title-heading-left fusion-responsive-typography-calculated\" style=\"margin:0;--fontSize:34;line-height:1.29;\">Corona<\/h3><\/div><div class=\"fusion-text fusion-text-1\"><p>In der aktuellen Situation sehen wir uns gezwungen, t\u00e4glich der Lage angepasste Entscheide zu f\u00e4llen. Der Vorstand f\u00fchrt immer wieder kurzfristig und wenn notwendig Gespr\u00e4che und diskutiert die wichtigsten Themen, um dann die notwendigen Entscheide zu kommunizieren. Die allgemeine Verunsicherung bei allen ist sp\u00fcrbar, wof\u00fcr wir grosses Verst\u00e4ndnis haben. Gleichzeitig sind wir \u00fcberzeugt, dass wir die Situation im Rahmen unserer M\u00f6glichkeiten nach bestem Wissen und Gewissen gemeinsam meistern werden. Wir konzentrieren uns daher auf unser Kerngesch\u00e4ft: unsere Kinder. Es ist wichtig, dass wir die Normalit\u00e4t im Alltag aufrechterhalten. Wir alle sind im Moment in einer Phase der Verunsicherung. Wichtig ist aber, dass wir uns nicht zus\u00e4tzlich durch Geh\u00f6rtes oder Gesehenes verunsichern lassen. Falls doch bei einigen \u00c4ngste auftreten, bitten wir um eine rasche Kontaktaufnahme.<\/p>\n<p>Die Informationsflut ist enorm, f\u00fcr uns aber gelten die offiziellen Informationen vom BAG und von der kibesuisse. Es ist uns ein grosses Anliegen, gezielt, zeitnah und folgerichtig Informationen an Sie weiterzugeben.<\/p>\n<p>Lesen Sie mehr zu diesem Thema auf unserer <a href=\"https:\/\/www.tagesfamilien-aaa.ch\/index.php\/2020\/05\/13\/informationen-zum-umgang-mit-dem-coronavirus\/\">Homepage<\/a>.<\/p>\n<p>Oder erfahren Sie mehr zum Umgang mit Covid 19 in der Kinderbetreuung auf der Homepage von unserem Dachverband <a href=\"https:\/\/www.kibesuisse.ch\/merkblatt\/corona\/\">kibesuisse<\/a>.<\/p>\n<p>Wir sind f\u00fcr Sie da.<\/p>\n<\/div><div class=\"fusion-title title fusion-title-3 fusion-sep-none fusion-title-text fusion-title-size-three\"><h3 class=\"fusion-title-heading title-heading-left fusion-responsive-typography-calculated\" style=\"margin:0;--fontSize:34;line-height:1.29;\">Corona Virus f\u00fcr Kinder<\/h3><\/div><div class=\"fusion-text fusion-text-2\"><p>Klicken Sie auf das Bild und erfahren Sie mehr auf geo.de.<\/p>\n<\/div><div class=\"fusion-image-element \" style=\"--awb-max-width:300px;--awb-caption-title-font-family:var(--h2_typography-font-family);--awb-caption-title-font-weight:var(--h2_typography-font-weight);--awb-caption-title-font-style:var(--h2_typography-font-style);--awb-caption-title-size:var(--h2_typography-font-size);--awb-caption-title-transform:var(--h2_typography-text-transform);--awb-caption-title-line-height:var(--h2_typography-line-height);--awb-caption-title-letter-spacing:var(--h2_typography-letter-spacing);\"><span class=\" fusion-imageframe imageframe-none imageframe-1 hover-type-none\"><a class=\"fusion-no-lightbox\" href=\"https:\/\/www.geo.de\/geolino\/mensch\/22742-rtkl-medizin-fragen-und-antworten-zum-corona-virus\" target=\"_self\" aria-label=\"corona-illu\"><img decoding=\"async\" width=\"620\" height=\"620\" src=\"https:\/\/www.tagesfamilien-aaa.ch\/wp-content\/uploads\/2020\/07\/corona-illu.png\" alt class=\"img-responsive wp-image-2950\" srcset=\"https:\/\/www.tagesfamilien-aaa.ch\/wp-content\/uploads\/2020\/07\/corona-illu-200x200.png 200w, https:\/\/www.tagesfamilien-aaa.ch\/wp-content\/uploads\/2020\/07\/corona-illu-400x400.png 400w, https:\/\/www.tagesfamilien-aaa.ch\/wp-content\/uploads\/2020\/07\/corona-illu-600x600.png 600w, https:\/\/www.tagesfamilien-aaa.ch\/wp-content\/uploads\/2020\/07\/corona-illu.png 620w\" sizes=\"(max-width: 1024px) 100vw, (max-width: 960px) 100vw, 620px\" \/><\/a><\/span><\/div><div class=\"fusion-title title fusion-title-4 fusion-sep-none fusion-title-text fusion-title-size-three\"><h3 class=\"fusion-title-heading title-heading-left fusion-responsive-typography-calculated\" style=\"margin:0;--fontSize:34;line-height:1.29;\">Dienstjubil\u00e4en<\/h3><\/div><div class=\"fusion-text fusion-text-3\"><p>5 Jahre<\/p>\n<p>Luzia Meister<\/p>\n<p>10 Jahre<\/p>\n<p>Madeleine Syfrig-Arnold<br \/>\nKarin Kr\u00e4nzlin<\/p>\n<p>Danke f\u00fcr Ihre Treue und Ihren Einsatz zum Wohle der Kinder.<\/p>\n<\/div><div class=\"fusion-title title fusion-title-5 fusion-sep-none fusion-title-text fusion-title-size-three\"><h3 class=\"fusion-title-heading title-heading-left fusion-responsive-typography-calculated\" style=\"margin:0;--fontSize:34;line-height:1.29;\">Kursangebote<\/h3><\/div><div class=\"fusion-text fusion-text-4\"><p>Aufgrund der aktuellen Corona-Lage gehen wir zum heutigen Zeitpunkt davon aus, dass wir unser Angebot erst ab 2021 wieder anbieten k\u00f6nnen.<\/p>\n<p>F\u00fcr Fragen steht Ihnen <a href=\"mailto:rolf.hofer@tagesfamilien-aaa.ch\">Rolf Hofer<\/a> jederzeit zur Verf\u00fcgung.<\/p>\n<\/div><div class=\"fusion-title title fusion-title-6 fusion-sep-none fusion-title-text fusion-title-size-three\"><h3 class=\"fusion-title-heading title-heading-left fusion-responsive-typography-calculated\" style=\"margin:0;--fontSize:34;line-height:1.29;\">Stimmen aus dem Verein<\/h3><\/div><div class=\"fusion-text fusion-text-5\"><p><img decoding=\"async\" class=\"wp-image-2953 alignright\" src=\"https:\/\/www.tagesfamilien-aaa.ch\/wp-content\/uploads\/2020\/07\/sh.png\" alt=\"\" width=\"130\" height=\"179\" srcset=\"https:\/\/www.tagesfamilien-aaa.ch\/wp-content\/uploads\/2020\/07\/sh-200x275.png 200w, https:\/\/www.tagesfamilien-aaa.ch\/wp-content\/uploads\/2020\/07\/sh-218x300.png 218w, https:\/\/www.tagesfamilien-aaa.ch\/wp-content\/uploads\/2020\/07\/sh-400x551.png 400w, https:\/\/www.tagesfamilien-aaa.ch\/wp-content\/uploads\/2020\/07\/sh-600x826.png 600w, https:\/\/www.tagesfamilien-aaa.ch\/wp-content\/uploads\/2020\/07\/sh-744x1024.png 744w, https:\/\/www.tagesfamilien-aaa.ch\/wp-content\/uploads\/2020\/07\/sh-768x1057.png 768w, https:\/\/www.tagesfamilien-aaa.ch\/wp-content\/uploads\/2020\/07\/sh-800x1101.png 800w, https:\/\/www.tagesfamilien-aaa.ch\/wp-content\/uploads\/2020\/07\/sh.png 1036w\" sizes=\"(max-width: 130px) 100vw, 130px\" \/><\/p>\n<p><strong>Warum hast du Dich f\u00fcr die T\u00e4tigkeit als Vermittlerin entschieden?<\/strong><\/p>\n<p>W\u00e4hrend meine Kinder noch klein waren, war ich 8 Jahre als Tagesmutter f\u00fcr die zwei Kinder einer Freundin angestellt. Dies ging bis zur Oberstufe und sie sind heute noch wie Geschwister.\u00a0Neben der Arbeit als Familienfrau konnte ich die T\u00e4tigkeit einer Tagesmutter super in meinen sonstigen Tagesablauf integrieren. Sp\u00e4ter machte ich die Ausbildung zur Spielgruppenleiterin und arbeitete, w\u00e4hrend die Kinder in der Schule waren, auch noch in dieser Branche. Nach 5 Jahren Arbeit, mit Kindern zu Hause und in der Spielgruppe, fehlte mir ab und<br \/>\nan der Kontakt zu Erwachsenen. Durch Zufall sprach ich mit der damaligen Vermittlerin Yvonne Schatzmann dar\u00fcber und sie erz\u00e4hlte mir von der Stelle als Vermittlerin f\u00fcr Tagesfamilien, die sowohl mit Kindern zu tun hat als auch mit Erwachsenen.<\/p>\n<p><strong>Welche Aufgaben geh\u00f6ren zu deiner T\u00e4tigkeit?<\/strong><\/p>\n<ul>\n<li>Erstkontakt mit interessierten Tageseltern und abgebenden Eltern<\/li>\n<li>Vermitteln von Betreuungsverh\u00e4ltnissen und Begleiten von Tagesfamilien und abgebenden Familien in 10 Gemeinden des Bezirks Affoltern<\/li>\n<li>F\u00fchren von regelm\u00e4ssigen Gespr\u00e4chen mit Tageseltern und abgebenden Eltern<\/li>\n<li>Anlaufstelle bei Schwierigkeiten im Betreungsverh\u00e4ltnis, Vornehmen von Abkl\u00e4rugnen und ausarbeiten von L\u00f6sungen<\/li>\n<li>Administrative Aufgaben wie z.B. das Anlegen und F\u00fchren von Dossiers, Erstellen von Vertr\u00e4gen, Einholen von Unterlagen \/ Informationen, Aufgeben von Inseraten etc.<\/li>\n<li>Mitarbeit bei der Organisation und Durchf\u00fchrung von Informationsveranstaltungen und Vereinsanl\u00e4ssen<\/li>\n<li>Teilnahme an Fachbesprechungen mit anderen Organisationen, sowie Austausch mit Beh\u00f6rden (Gemeinden) und verwandten Betreuungseinrichtungen<\/li>\n<li>Teilnahme an mindestens 8 Vorstandssitzungen des TFBA im Jahr<\/li>\n<\/ul>\n<p><strong>Was macht die Betreuungsform \u00fcber den Tagesfamilienverein so einzigartig?<\/strong><\/p>\n<p>Sie ist so flexibel, wie auch menschlich. Und im besten Fall bleibt der Kontakt zwischen Tagesfamilie und abgebenden Familien ein Leben lang.<\/p>\n<p><strong>Was ist dir in der Vermittlung eines Betreuungsplatzes wichtig?<\/strong><\/p>\n<p>Am Wichtigsten ist es, dass es menschlich passt. Sowohl das betreute Kind, die Tagesfamilie und auch die abgebenden Eltern sollten sich beim ersten Kennenlernen sympathisch sein. Ist dies gegeben, kl\u00e4rt sich schon vieles ganz von selbst. Dann sind die vermeintlich wichtigen Sachen wie Tage der Betreuung, Zeiten und andere W\u00fcnsche schnell im Hintergrund und es kann flexibel angepasst werden. Nicht, dass diese Punkte nicht wichtig w\u00e4ren, aber oft wird die gegenseitige Sympathie untersch\u00e4tzt.<\/p>\n<p><strong>Wie bist du im Austausch mit den Tageseltern und den abgebenden Eltern?<\/strong><\/p>\n<p>L\u00e4uft ein Betreuungsverh\u00e4ltnis reibungslos, treffe ich mich mit den abgebenden Eltern und der Tagesmutter einmal im Jahr zu einem Jahresgespr\u00e4ch. Mit den Tagesm\u00fcttern f\u00fchre ich einmal im Jahr zus\u00e4tzlich ein Mitarbeitergespr\u00e4ch.<\/p>\n<p><strong>Wie l\u00e4uft die Planung der Betreuungstage und die Unterst\u00fctzung bei Subventionen mit den Gemeinden ab?<\/strong><\/p>\n<p>Was h\u00e4ufig untersch\u00e4tzt wird ist, dass vom ersten Kontakt mit den Vermittlerinnen bis zum Start einer Betreuung im Schnitt schnell 2-3 Monate vergehen k\u00f6nnen. Hat es in der Wohngemeinde eine Tagesmutter? An welchen Tagen arbeitet sie? Stimmen die Zeiten \u00fcberein? Hat sie noch Platz? Sind sich EL und TM sympathisch? Erst wenn ich alle diese Fragen mit Ja beantworten kann, kommt es zum Vertragsgespr\u00e4ch. Sind die Vertr\u00e4ge erstellt und unterschrieben, k\u00f6nnen die Eltern bei ihrer Wohngemeinde Subventionen beantragen. Diesen Schritt m\u00fcssen die abgebenden Eltern dann allerdings alleine tun. Wenn ich die obenerw\u00e4hnten Fragen nicht mit Ja beantworten kann, geht die Suche weiter.<\/p>\n<p><strong>Was du sonst noch Sagen m\u00f6chtest?<\/strong><\/p>\n<p>Ich m\u00f6chte mir ganz herzlich bei meinen Mitarbeiterinnen bedanken. Die Zusammenarbeit mit ihnen ist spannend, offen, kollegial und professionell. Ich arbeite jetzt seit 4 Jahren als Vermittlerin f\u00fcr den Verein Tagesfamilien Bezirk Affoltern und bis sehr dankbar f\u00fcr diese Arbeit. Die T\u00e4tigkeit erf\u00fcllt mich, auch wenn sie, wie in den letzten Wochen durch den Corona Virus, speziell und sehr herausfordernd war.<\/p>\n<p>Seraina H\u00e4cki, Vermittlerin bei Tagesfamilien Bezirk Affoltern<\/p>\n<\/div><div class=\"fusion-text fusion-text-6\"><p><img decoding=\"async\" class=\"wp-image-2955 alignright\" src=\"https:\/\/www.tagesfamilien-aaa.ch\/wp-content\/uploads\/2020\/07\/mrichner-225x300.png\" alt=\"\" width=\"160\" height=\"214\" srcset=\"https:\/\/www.tagesfamilien-aaa.ch\/wp-content\/uploads\/2020\/07\/mrichner-200x266.png 200w, https:\/\/www.tagesfamilien-aaa.ch\/wp-content\/uploads\/2020\/07\/mrichner-225x300.png 225w, https:\/\/www.tagesfamilien-aaa.ch\/wp-content\/uploads\/2020\/07\/mrichner-400x532.png 400w, https:\/\/www.tagesfamilien-aaa.ch\/wp-content\/uploads\/2020\/07\/mrichner-600x799.png 600w, https:\/\/www.tagesfamilien-aaa.ch\/wp-content\/uploads\/2020\/07\/mrichner-768x1022.png 768w, https:\/\/www.tagesfamilien-aaa.ch\/wp-content\/uploads\/2020\/07\/mrichner-769x1024.png 769w, https:\/\/www.tagesfamilien-aaa.ch\/wp-content\/uploads\/2020\/07\/mrichner-800x1065.png 800w, https:\/\/www.tagesfamilien-aaa.ch\/wp-content\/uploads\/2020\/07\/mrichner.png 1039w\" sizes=\"(max-width: 160px) 100vw, 160px\" \/><\/p>\n<p><strong>Morgens, wenn der Wecker klingelt und bevor die Tageskinder bei mir eintreffen&#8230;<\/strong><\/p>\n<p>&#8230; dr\u00fccke ich noch einmal auf Schlummern und bereite mich gedanklich schon einmal auf die mir anvertrauten Kinder vor.<\/p>\n<p><strong>Mein Lebensmotto<\/strong><\/p>\n<p>Behandle andere so, wie du selbst behandelt werden m\u00f6chtest.<\/p>\n<p><strong>Wenn ich nicht bei der Arbeit als Tagesmami bin, dann&#8230;<\/strong><\/p>\n<p>&#8230; bin ich immer noch stolze Mutter von zwei S\u00f6hnen und Partnerin.<\/p>\n<p><strong>So sieht mein zu Hause f\u00fcr die Tageskinder aus:<\/strong><\/p>\n<p>Ich lebe mit meinen Kindern und meinem Partner in einer Wohnung eines alten Bauernhauses. Die mir anvertrauten Tageskinder haben die M\u00f6glichkeit ungezwungen in der Stube oder vor dem Haus im Garten zu spielen. Gerne machen ich mit den Kindern einen Spaziergang in die Natur. Wir haben zwei Katzen und eine H\u00fcndin, die Kinder haben dadurch die M\u00f6glichkeit schon fr\u00fch einen korrekten Umgang mit diesen zu lernen.<\/p>\n<p><strong>Wenn ich drei W\u00fcnsche frei h\u00e4tte&#8230;<\/strong><\/p>\n<p>w\u00fcnschte ich mich in ein kleines paradiesisches Anwesen in Italien am Meer. Aber nat\u00fcrlich stehen eine gute Gesundheit und eine gesicherte Zukunft ganz oben auf dem Wunschzettel.<\/p>\n<p><strong>Meine Erfahrungen mit meinen Tageskindern:<\/strong><\/p>\n<p>Meine Erfahrungen mit den Tageskindern sind bisher durchwegs positiv. Klar gibt es Tage, an denen die Nerven auch mal strapaziert werden, aber es sind doch klein- oder gar kleinst Kinder, welche immer noch am Anfang des Lernprozesses stehen. Es ist f\u00fcr sie ja auch nicht einfach, m\u00fcssen sie sich doch bereits auf mehrere Bezugspersonen einlassen.<\/p>\n<p>Miriam Richner, Tagesmami bei Tagesfamilien Bezirk Affoltern<\/p>\n<\/div><\/div><\/div><div class=\"fusion-layout-column fusion_builder_column fusion-builder-column-2 fusion_builder_column_1_3 1_3 fusion-flex-column\" style=\"--awb-bg-size:cover;--awb-width-large:33.333333333333%;--awb-margin-top-large:0px;--awb-spacing-right-large:5.76%;--awb-margin-bottom-large:40px;--awb-spacing-left-large:5.76%;--awb-width-medium:100%;--awb-order-medium:0;--awb-spacing-right-medium:1.92%;--awb-spacing-left-medium:1.92%;--awb-width-small:100%;--awb-order-small:0;--awb-spacing-right-small:1.92%;--awb-spacing-left-small:1.92%;\"><div class=\"fusion-column-wrapper fusion-column-has-shadow fusion-flex-justify-content-flex-start fusion-content-layout-column\"><div class=\"fusion-widget-area awb-widget-area-element fusion-widget-area-1 fusion-content-widget-area\" style=\"--awb-title-size:22px;--awb-title-color:#4c5166;--awb-padding:0px 0px 0px 0px;\"><section id=\"search-2\" class=\"widget widget_search\">\t\t<form role=\"search\" class=\"searchform fusion-search-form  fusion-search-form-classic\" method=\"get\" action=\"https:\/\/www.tagesfamilien-aaa.ch\/\">\n\t\t\t<div class=\"fusion-search-form-content\">\n\n\t\t\t\t\n\t\t\t\t<div class=\"fusion-search-field search-field\">\n\t\t\t\t\t<label><span class=\"screen-reader-text\">Suche nach:<\/span>\n\t\t\t\t\t\t\t\t\t\t\t\t\t<input type=\"search\" value=\"\" name=\"s\" class=\"s\" placeholder=\"Suchen...\" required aria-required=\"true\" aria-label=\"Suchen...\"\/>\n\t\t\t\t\t\t\t\t\t\t\t<\/label>\n\t\t\t\t<\/div>\n\t\t\t\t<div class=\"fusion-search-button search-button\">\n\t\t\t\t\t<input type=\"submit\" class=\"fusion-search-submit searchsubmit\" aria-label=\"Suche\" value=\"&#xf002;\" \/>\n\t\t\t\t\t\t\t\t\t<\/div>\n\n\t\t\t\t\n\t\t\t<\/div>\n\n\n\t\t\t\n\t\t<\/form>\n\t\t<\/section><section id=\"archives-2\" class=\"widget widget_archive\"><div class=\"heading\"><h4 class=\"widget-title\">Archiv<\/h4><\/div>\n\t\t\t<ul>\n\t\t\t\t\t<li><a href='https:\/\/www.tagesfamilien-aaa.ch\/index.php\/2023\/10\/'>Oktober 2023<\/a><\/li>\n\t<li><a href='https:\/\/www.tagesfamilien-aaa.ch\/index.php\/2023\/03\/'>M\u00e4rz 2023<\/a><\/li>\n\t<li><a href='https:\/\/www.tagesfamilien-aaa.ch\/index.php\/2023\/02\/'>Februar 2023<\/a><\/li>\n\t<li><a href='https:\/\/www.tagesfamilien-aaa.ch\/index.php\/2022\/10\/'>Oktober 2022<\/a><\/li>\n\t<li><a href='https:\/\/www.tagesfamilien-aaa.ch\/index.php\/2021\/04\/'>April 2021<\/a><\/li>\n\t<li><a href='https:\/\/www.tagesfamilien-aaa.ch\/index.php\/2020\/12\/'>Dezember 2020<\/a><\/li>\n\t<li><a href='https:\/\/www.tagesfamilien-aaa.ch\/index.php\/2020\/09\/'>September 2020<\/a><\/li>\n\t<li><a href='https:\/\/www.tagesfamilien-aaa.ch\/index.php\/2020\/07\/'>Juli 2020<\/a><\/li>\n\t<li><a href='https:\/\/www.tagesfamilien-aaa.ch\/index.php\/2020\/05\/'>Mai 2020<\/a><\/li>\n\t<li><a href='https:\/\/www.tagesfamilien-aaa.ch\/index.php\/2020\/03\/'>M\u00e4rz 2020<\/a><\/li>\n\t<li><a href='https:\/\/www.tagesfamilien-aaa.ch\/index.php\/2020\/01\/'>Januar 2020<\/a><\/li>\n\t<li><a href='https:\/\/www.tagesfamilien-aaa.ch\/index.php\/2019\/09\/'>September 2019<\/a><\/li>\n\t<li><a href='https:\/\/www.tagesfamilien-aaa.ch\/index.php\/2019\/01\/'>Januar 2019<\/a><\/li>\n\t<li><a href='https:\/\/www.tagesfamilien-aaa.ch\/index.php\/2018\/07\/'>Juli 2018<\/a><\/li>\n\t<li><a href='https:\/\/www.tagesfamilien-aaa.ch\/index.php\/2018\/06\/'>Juni 2018<\/a><\/li>\n\t\t\t<\/ul>\n\n\t\t\t<\/section><section id=\"categories-2\" class=\"widget widget_categories\"><div class=\"heading\"><h4 class=\"widget-title\">Kategorien<\/h4><\/div>\n\t\t\t<ul>\n\t\t\t\t\t<li class=\"cat-item cat-item-41\"><a href=\"https:\/\/www.tagesfamilien-aaa.ch\/index.php\/category\/angebot\/\">Angebot<\/a>\n<\/li>\n\t<li class=\"cat-item cat-item-46\"><a href=\"https:\/\/www.tagesfamilien-aaa.ch\/index.php\/category\/newsletter\/\">Newsletter<\/a>\n<\/li>\n\t<li class=\"cat-item cat-item-47\"><a href=\"https:\/\/www.tagesfamilien-aaa.ch\/index.php\/category\/schulung\/\">Schulung<\/a>\n<\/li>\n\t\t\t<\/ul>\n\n\t\t\t<\/section><div class=\"fusion-additional-widget-content\"><\/div><\/div><\/div><\/div><\/div><\/div><\/p>\n","protected":false},"excerpt":{"rendered":"","protected":false},"author":2,"featured_media":1549,"comment_status":"open","ping_status":"closed","sticky":false,"template":"","format":"standard","meta":{"footnotes":""},"categories":[46],"tags":[],"class_list":["post-2949","post","type-post","status-publish","format-standard","has-post-thumbnail","hentry","category-newsletter"],"yoast_head":"<!-- This site is optimized with the Yoast SEO plugin v27.1.1 - https:\/\/yoast.com\/product\/yoast-seo-wordpress\/ -->\n<title>Newsletter 2 \/ 2020 - Tagesfamilien Bezirk Affoltern<\/title>\n<meta name=\"description\" content=\"Tagesmutter, Familie, Betreuung, Kinder, Krippe, famiilienerg\u00e4nzend,\" \/>\n<meta name=\"robots\" content=\"index, follow, max-snippet:-1, max-image-preview:large, max-video-preview:-1\" \/>\n<link rel=\"canonical\" href=\"https:\/\/www.tagesfamilien-aaa.ch\/index.php\/2020\/07\/24\/newsletter-juni-2020\/\" \/>\n<meta property=\"og:locale\" content=\"de_DE\" \/>\n<meta property=\"og:type\" content=\"article\" \/>\n<meta property=\"og:title\" content=\"Newsletter 2 \/ 2020 - Tagesfamilien Bezirk Affoltern\" \/>\n<meta property=\"og:description\" content=\"Tagesmutter, Familie, Betreuung, Kinder, Krippe, famiilienerg\u00e4nzend,\" \/>\n<meta property=\"og:url\" content=\"https:\/\/www.tagesfamilien-aaa.ch\/index.php\/2020\/07\/24\/newsletter-juni-2020\/\" \/>\n<meta property=\"og:site_name\" content=\"Tagesfamilien Bezirk Affoltern\" \/>\n<meta property=\"article:publisher\" content=\"https:\/\/www.facebook.com\/100000805876953\/posts\/2095824770454365?sfns=mo\" \/>\n<meta property=\"article:published_time\" content=\"2020-07-24T21:17:31+00:00\" \/>\n<meta property=\"article:modified_time\" content=\"2023-09-28T14:59:22+00:00\" \/>\n<meta property=\"og:image\" content=\"https:\/\/www.tagesfamilien-aaa.ch\/wp-content\/uploads\/2018\/04\/gras-licht-merry-go-round-571249-1024x683.jpg\" \/>\n\t<meta property=\"og:image:width\" content=\"1024\" \/>\n\t<meta property=\"og:image:height\" content=\"683\" \/>\n\t<meta property=\"og:image:type\" content=\"image\/jpeg\" \/>\n<meta name=\"author\" content=\"Paul Eichholzer\" \/>\n<meta name=\"twitter:card\" content=\"summary_large_image\" \/>\n<meta name=\"twitter:label1\" content=\"Verfasst von\" \/>\n\t<meta name=\"twitter:data1\" content=\"Paul Eichholzer\" \/>\n\t<meta name=\"twitter:label2\" content=\"Gesch\u00e4tzte Lesezeit\" \/>\n\t<meta name=\"twitter:data2\" content=\"12\u00a0Minuten\" \/>\n<script type=\"application\/ld+json\" class=\"yoast-schema-graph\">{\"@context\":\"https:\/\/schema.org\",\"@graph\":[{\"@type\":\"Article\",\"@id\":\"https:\/\/www.tagesfamilien-aaa.ch\/index.php\/2020\/07\/24\/newsletter-juni-2020\/#article\",\"isPartOf\":{\"@id\":\"https:\/\/www.tagesfamilien-aaa.ch\/index.php\/2020\/07\/24\/newsletter-juni-2020\/\"},\"author\":{\"name\":\"Paul Eichholzer\",\"@id\":\"https:\/\/www.tagesfamilien-aaa.ch\/#\/schema\/person\/3c59ea1e7855e44089ef3f0a3c843a88\"},\"headline\":\"Newsletter 2 \/ 2020\",\"datePublished\":\"2020-07-24T21:17:31+00:00\",\"dateModified\":\"2023-09-28T14:59:22+00:00\",\"mainEntityOfPage\":{\"@id\":\"https:\/\/www.tagesfamilien-aaa.ch\/index.php\/2020\/07\/24\/newsletter-juni-2020\/\"},\"wordCount\":3627,\"commentCount\":0,\"publisher\":{\"@id\":\"https:\/\/www.tagesfamilien-aaa.ch\/#organization\"},\"image\":{\"@id\":\"https:\/\/www.tagesfamilien-aaa.ch\/index.php\/2020\/07\/24\/newsletter-juni-2020\/#primaryimage\"},\"thumbnailUrl\":\"https:\/\/www.tagesfamilien-aaa.ch\/wp-content\/uploads\/2018\/04\/gras-licht-merry-go-round-571249.jpg\",\"articleSection\":[\"Newsletter\"],\"inLanguage\":\"de\",\"potentialAction\":[{\"@type\":\"CommentAction\",\"name\":\"Comment\",\"target\":[\"https:\/\/www.tagesfamilien-aaa.ch\/index.php\/2020\/07\/24\/newsletter-juni-2020\/#respond\"]}]},{\"@type\":\"WebPage\",\"@id\":\"https:\/\/www.tagesfamilien-aaa.ch\/index.php\/2020\/07\/24\/newsletter-juni-2020\/\",\"url\":\"https:\/\/www.tagesfamilien-aaa.ch\/index.php\/2020\/07\/24\/newsletter-juni-2020\/\",\"name\":\"Newsletter 2 \/ 2020 - Tagesfamilien Bezirk Affoltern\",\"isPartOf\":{\"@id\":\"https:\/\/www.tagesfamilien-aaa.ch\/#website\"},\"primaryImageOfPage\":{\"@id\":\"https:\/\/www.tagesfamilien-aaa.ch\/index.php\/2020\/07\/24\/newsletter-juni-2020\/#primaryimage\"},\"image\":{\"@id\":\"https:\/\/www.tagesfamilien-aaa.ch\/index.php\/2020\/07\/24\/newsletter-juni-2020\/#primaryimage\"},\"thumbnailUrl\":\"https:\/\/www.tagesfamilien-aaa.ch\/wp-content\/uploads\/2018\/04\/gras-licht-merry-go-round-571249.jpg\",\"datePublished\":\"2020-07-24T21:17:31+00:00\",\"dateModified\":\"2023-09-28T14:59:22+00:00\",\"description\":\"Tagesmutter, Familie, Betreuung, Kinder, Krippe, famiilienerg\u00e4nzend,\",\"breadcrumb\":{\"@id\":\"https:\/\/www.tagesfamilien-aaa.ch\/index.php\/2020\/07\/24\/newsletter-juni-2020\/#breadcrumb\"},\"inLanguage\":\"de\",\"potentialAction\":[{\"@type\":\"ReadAction\",\"target\":[\"https:\/\/www.tagesfamilien-aaa.ch\/index.php\/2020\/07\/24\/newsletter-juni-2020\/\"]}]},{\"@type\":\"ImageObject\",\"inLanguage\":\"de\",\"@id\":\"https:\/\/www.tagesfamilien-aaa.ch\/index.php\/2020\/07\/24\/newsletter-juni-2020\/#primaryimage\",\"url\":\"https:\/\/www.tagesfamilien-aaa.ch\/wp-content\/uploads\/2018\/04\/gras-licht-merry-go-round-571249.jpg\",\"contentUrl\":\"https:\/\/www.tagesfamilien-aaa.ch\/wp-content\/uploads\/2018\/04\/gras-licht-merry-go-round-571249.jpg\",\"width\":4525,\"height\":3017},{\"@type\":\"BreadcrumbList\",\"@id\":\"https:\/\/www.tagesfamilien-aaa.ch\/index.php\/2020\/07\/24\/newsletter-juni-2020\/#breadcrumb\",\"itemListElement\":[{\"@type\":\"ListItem\",\"position\":1,\"name\":\"Startseite\",\"item\":\"https:\/\/www.tagesfamilien-aaa.ch\/\"},{\"@type\":\"ListItem\",\"position\":2,\"name\":\"Newsletter 2 \/ 2020\"}]},{\"@type\":\"WebSite\",\"@id\":\"https:\/\/www.tagesfamilien-aaa.ch\/#website\",\"url\":\"https:\/\/www.tagesfamilien-aaa.ch\/\",\"name\":\"Tagesfamilien Bezirk Affoltern\",\"description\":\"\",\"publisher\":{\"@id\":\"https:\/\/www.tagesfamilien-aaa.ch\/#organization\"},\"potentialAction\":[{\"@type\":\"SearchAction\",\"target\":{\"@type\":\"EntryPoint\",\"urlTemplate\":\"https:\/\/www.tagesfamilien-aaa.ch\/?s={search_term_string}\"},\"query-input\":{\"@type\":\"PropertyValueSpecification\",\"valueRequired\":true,\"valueName\":\"search_term_string\"}}],\"inLanguage\":\"de\"},{\"@type\":\"Organization\",\"@id\":\"https:\/\/www.tagesfamilien-aaa.ch\/#organization\",\"name\":\"Tagesfamilien Bezirk Affoltern\",\"url\":\"https:\/\/www.tagesfamilien-aaa.ch\/\",\"logo\":{\"@type\":\"ImageObject\",\"inLanguage\":\"de\",\"@id\":\"https:\/\/www.tagesfamilien-aaa.ch\/#\/schema\/logo\/image\/\",\"url\":\"https:\/\/www.tagesfamilien-aaa.ch\/wp-content\/uploads\/2019\/01\/TFBA_Logo.jpg\",\"contentUrl\":\"https:\/\/www.tagesfamilien-aaa.ch\/wp-content\/uploads\/2019\/01\/TFBA_Logo.jpg\",\"width\":630,\"height\":270,\"caption\":\"Tagesfamilien Bezirk Affoltern\"},\"image\":{\"@id\":\"https:\/\/www.tagesfamilien-aaa.ch\/#\/schema\/logo\/image\/\"},\"sameAs\":[\"https:\/\/www.facebook.com\/100000805876953\/posts\/2095824770454365?sfns=mo\"]},{\"@type\":\"Person\",\"@id\":\"https:\/\/www.tagesfamilien-aaa.ch\/#\/schema\/person\/3c59ea1e7855e44089ef3f0a3c843a88\",\"name\":\"Paul Eichholzer\",\"image\":{\"@type\":\"ImageObject\",\"inLanguage\":\"de\",\"@id\":\"https:\/\/www.tagesfamilien-aaa.ch\/#\/schema\/person\/image\/\",\"url\":\"\/\/www.gravatar.com\/avatar\/d0f21db5bc586e0c08ec1d14a2d440a7?s=96&#038;r=g&#038;d=mm\",\"contentUrl\":\"\/\/www.gravatar.com\/avatar\/d0f21db5bc586e0c08ec1d14a2d440a7?s=96&#038;r=g&#038;d=mm\",\"caption\":\"Paul Eichholzer\"}}]}<\/script>\n<!-- \/ Yoast SEO plugin. -->","yoast_head_json":{"title":"Newsletter 2 \/ 2020 - Tagesfamilien Bezirk Affoltern","description":"Tagesmutter, Familie, Betreuung, Kinder, Krippe, famiilienerg\u00e4nzend,","robots":{"index":"index","follow":"follow","max-snippet":"max-snippet:-1","max-image-preview":"max-image-preview:large","max-video-preview":"max-video-preview:-1"},"canonical":"https:\/\/www.tagesfamilien-aaa.ch\/index.php\/2020\/07\/24\/newsletter-juni-2020\/","og_locale":"de_DE","og_type":"article","og_title":"Newsletter 2 \/ 2020 - Tagesfamilien Bezirk Affoltern","og_description":"Tagesmutter, Familie, Betreuung, Kinder, Krippe, famiilienerg\u00e4nzend,","og_url":"https:\/\/www.tagesfamilien-aaa.ch\/index.php\/2020\/07\/24\/newsletter-juni-2020\/","og_site_name":"Tagesfamilien Bezirk Affoltern","article_publisher":"https:\/\/www.facebook.com\/100000805876953\/posts\/2095824770454365?sfns=mo","article_published_time":"2020-07-24T21:17:31+00:00","article_modified_time":"2023-09-28T14:59:22+00:00","og_image":[{"width":1024,"height":683,"url":"https:\/\/www.tagesfamilien-aaa.ch\/wp-content\/uploads\/2018\/04\/gras-licht-merry-go-round-571249-1024x683.jpg","type":"image\/jpeg"}],"author":"Paul Eichholzer","twitter_card":"summary_large_image","twitter_misc":{"Verfasst von":"Paul Eichholzer","Gesch\u00e4tzte Lesezeit":"12\u00a0Minuten"},"schema":{"@context":"https:\/\/schema.org","@graph":[{"@type":"Article","@id":"https:\/\/www.tagesfamilien-aaa.ch\/index.php\/2020\/07\/24\/newsletter-juni-2020\/#article","isPartOf":{"@id":"https:\/\/www.tagesfamilien-aaa.ch\/index.php\/2020\/07\/24\/newsletter-juni-2020\/"},"author":{"name":"Paul Eichholzer","@id":"https:\/\/www.tagesfamilien-aaa.ch\/#\/schema\/person\/3c59ea1e7855e44089ef3f0a3c843a88"},"headline":"Newsletter 2 \/ 2020","datePublished":"2020-07-24T21:17:31+00:00","dateModified":"2023-09-28T14:59:22+00:00","mainEntityOfPage":{"@id":"https:\/\/www.tagesfamilien-aaa.ch\/index.php\/2020\/07\/24\/newsletter-juni-2020\/"},"wordCount":3627,"commentCount":0,"publisher":{"@id":"https:\/\/www.tagesfamilien-aaa.ch\/#organization"},"image":{"@id":"https:\/\/www.tagesfamilien-aaa.ch\/index.php\/2020\/07\/24\/newsletter-juni-2020\/#primaryimage"},"thumbnailUrl":"https:\/\/www.tagesfamilien-aaa.ch\/wp-content\/uploads\/2018\/04\/gras-licht-merry-go-round-571249.jpg","articleSection":["Newsletter"],"inLanguage":"de","potentialAction":[{"@type":"CommentAction","name":"Comment","target":["https:\/\/www.tagesfamilien-aaa.ch\/index.php\/2020\/07\/24\/newsletter-juni-2020\/#respond"]}]},{"@type":"WebPage","@id":"https:\/\/www.tagesfamilien-aaa.ch\/index.php\/2020\/07\/24\/newsletter-juni-2020\/","url":"https:\/\/www.tagesfamilien-aaa.ch\/index.php\/2020\/07\/24\/newsletter-juni-2020\/","name":"Newsletter 2 \/ 2020 - Tagesfamilien Bezirk Affoltern","isPartOf":{"@id":"https:\/\/www.tagesfamilien-aaa.ch\/#website"},"primaryImageOfPage":{"@id":"https:\/\/www.tagesfamilien-aaa.ch\/index.php\/2020\/07\/24\/newsletter-juni-2020\/#primaryimage"},"image":{"@id":"https:\/\/www.tagesfamilien-aaa.ch\/index.php\/2020\/07\/24\/newsletter-juni-2020\/#primaryimage"},"thumbnailUrl":"https:\/\/www.tagesfamilien-aaa.ch\/wp-content\/uploads\/2018\/04\/gras-licht-merry-go-round-571249.jpg","datePublished":"2020-07-24T21:17:31+00:00","dateModified":"2023-09-28T14:59:22+00:00","description":"Tagesmutter, Familie, Betreuung, Kinder, Krippe, famiilienerg\u00e4nzend,","breadcrumb":{"@id":"https:\/\/www.tagesfamilien-aaa.ch\/index.php\/2020\/07\/24\/newsletter-juni-2020\/#breadcrumb"},"inLanguage":"de","potentialAction":[{"@type":"ReadAction","target":["https:\/\/www.tagesfamilien-aaa.ch\/index.php\/2020\/07\/24\/newsletter-juni-2020\/"]}]},{"@type":"ImageObject","inLanguage":"de","@id":"https:\/\/www.tagesfamilien-aaa.ch\/index.php\/2020\/07\/24\/newsletter-juni-2020\/#primaryimage","url":"https:\/\/www.tagesfamilien-aaa.ch\/wp-content\/uploads\/2018\/04\/gras-licht-merry-go-round-571249.jpg","contentUrl":"https:\/\/www.tagesfamilien-aaa.ch\/wp-content\/uploads\/2018\/04\/gras-licht-merry-go-round-571249.jpg","width":4525,"height":3017},{"@type":"BreadcrumbList","@id":"https:\/\/www.tagesfamilien-aaa.ch\/index.php\/2020\/07\/24\/newsletter-juni-2020\/#breadcrumb","itemListElement":[{"@type":"ListItem","position":1,"name":"Startseite","item":"https:\/\/www.tagesfamilien-aaa.ch\/"},{"@type":"ListItem","position":2,"name":"Newsletter 2 \/ 2020"}]},{"@type":"WebSite","@id":"https:\/\/www.tagesfamilien-aaa.ch\/#website","url":"https:\/\/www.tagesfamilien-aaa.ch\/","name":"Tagesfamilien Bezirk Affoltern","description":"","publisher":{"@id":"https:\/\/www.tagesfamilien-aaa.ch\/#organization"},"potentialAction":[{"@type":"SearchAction","target":{"@type":"EntryPoint","urlTemplate":"https:\/\/www.tagesfamilien-aaa.ch\/?s={search_term_string}"},"query-input":{"@type":"PropertyValueSpecification","valueRequired":true,"valueName":"search_term_string"}}],"inLanguage":"de"},{"@type":"Organization","@id":"https:\/\/www.tagesfamilien-aaa.ch\/#organization","name":"Tagesfamilien Bezirk Affoltern","url":"https:\/\/www.tagesfamilien-aaa.ch\/","logo":{"@type":"ImageObject","inLanguage":"de","@id":"https:\/\/www.tagesfamilien-aaa.ch\/#\/schema\/logo\/image\/","url":"https:\/\/www.tagesfamilien-aaa.ch\/wp-content\/uploads\/2019\/01\/TFBA_Logo.jpg","contentUrl":"https:\/\/www.tagesfamilien-aaa.ch\/wp-content\/uploads\/2019\/01\/TFBA_Logo.jpg","width":630,"height":270,"caption":"Tagesfamilien Bezirk Affoltern"},"image":{"@id":"https:\/\/www.tagesfamilien-aaa.ch\/#\/schema\/logo\/image\/"},"sameAs":["https:\/\/www.facebook.com\/100000805876953\/posts\/2095824770454365?sfns=mo"]},{"@type":"Person","@id":"https:\/\/www.tagesfamilien-aaa.ch\/#\/schema\/person\/3c59ea1e7855e44089ef3f0a3c843a88","name":"Paul Eichholzer","image":{"@type":"ImageObject","inLanguage":"de","@id":"https:\/\/www.tagesfamilien-aaa.ch\/#\/schema\/person\/image\/","url":"\/\/www.gravatar.com\/avatar\/d0f21db5bc586e0c08ec1d14a2d440a7?s=96&#038;r=g&#038;d=mm","contentUrl":"\/\/www.gravatar.com\/avatar\/d0f21db5bc586e0c08ec1d14a2d440a7?s=96&#038;r=g&#038;d=mm","caption":"Paul Eichholzer"}}]}},"_links":{"self":[{"href":"https:\/\/www.tagesfamilien-aaa.ch\/index.php\/wp-json\/wp\/v2\/posts\/2949","targetHints":{"allow":["GET"]}}],"collection":[{"href":"https:\/\/www.tagesfamilien-aaa.ch\/index.php\/wp-json\/wp\/v2\/posts"}],"about":[{"href":"https:\/\/www.tagesfamilien-aaa.ch\/index.php\/wp-json\/wp\/v2\/types\/post"}],"author":[{"embeddable":true,"href":"https:\/\/www.tagesfamilien-aaa.ch\/index.php\/wp-json\/wp\/v2\/users\/2"}],"replies":[{"embeddable":true,"href":"https:\/\/www.tagesfamilien-aaa.ch\/index.php\/wp-json\/wp\/v2\/comments?post=2949"}],"version-history":[{"count":6,"href":"https:\/\/www.tagesfamilien-aaa.ch\/index.php\/wp-json\/wp\/v2\/posts\/2949\/revisions"}],"predecessor-version":[{"id":3310,"href":"https:\/\/www.tagesfamilien-aaa.ch\/index.php\/wp-json\/wp\/v2\/posts\/2949\/revisions\/3310"}],"wp:featuredmedia":[{"embeddable":true,"href":"https:\/\/www.tagesfamilien-aaa.ch\/index.php\/wp-json\/wp\/v2\/media\/1549"}],"wp:attachment":[{"href":"https:\/\/www.tagesfamilien-aaa.ch\/index.php\/wp-json\/wp\/v2\/media?parent=2949"}],"wp:term":[{"taxonomy":"category","embeddable":true,"href":"https:\/\/www.tagesfamilien-aaa.ch\/index.php\/wp-json\/wp\/v2\/categories?post=2949"},{"taxonomy":"post_tag","embeddable":true,"href":"https:\/\/www.tagesfamilien-aaa.ch\/index.php\/wp-json\/wp\/v2\/tags?post=2949"}],"curies":[{"name":"wp","href":"https:\/\/api.w.org\/{rel}","templated":true}]}}