{"id":2987,"date":"2020-09-24T16:35:55","date_gmt":"2020-09-24T16:35:55","guid":{"rendered":"https:\/\/www.tagesfamilien-aaa.ch\/?p=2987"},"modified":"2023-09-28T16:54:48","modified_gmt":"2023-09-28T14:54:48","slug":"newsletter-oktober-2020","status":"publish","type":"post","link":"https:\/\/www.tagesfamilien-aaa.ch\/index.php\/2020\/09\/24\/newsletter-oktober-2020\/","title":{"rendered":"Newsletter 3 \/ 2020"},"content":{"rendered":"<p><div class=\"fusion-fullwidth fullwidth-box fusion-builder-row-1 fusion-flex-container nonhundred-percent-fullwidth non-hundred-percent-height-scrolling\" style=\"--awb-border-radius-top-left:0px;--awb-border-radius-top-right:0px;--awb-border-radius-bottom-right:0px;--awb-border-radius-bottom-left:0px;--awb-flex-wrap:wrap;\" ><div class=\"fusion-builder-row fusion-row fusion-flex-align-items-flex-start fusion-flex-content-wrap\" style=\"max-width:1289.6px;margin-left: calc(-4% \/ 2 );margin-right: calc(-4% \/ 2 );\"><div class=\"fusion-layout-column fusion_builder_column fusion-builder-column-0 fusion_builder_column_1_1 1_1 fusion-flex-column\" style=\"--awb-bg-size:cover;--awb-width-large:100%;--awb-margin-top-large:0px;--awb-spacing-right-large:1.92%;--awb-margin-bottom-large:40px;--awb-spacing-left-large:1.92%;--awb-width-medium:100%;--awb-order-medium:0;--awb-spacing-right-medium:1.92%;--awb-spacing-left-medium:1.92%;--awb-width-small:100%;--awb-order-small:0;--awb-spacing-right-small:1.92%;--awb-spacing-left-small:1.92%;\"><div class=\"fusion-column-wrapper fusion-column-has-shadow fusion-flex-justify-content-flex-start fusion-content-layout-column\">\t\t\t\t\t<div class=\"fusion-slider-container fusion-slider-sc-tfba_newsletter fusion-slider-48 full-width-slider\" style=\"height:300px; max-width:100%;\" data-id=\"48\" data-full_height=\"\">\n\t\t\t\t\t\t<style type=\"text\/css\">.fusion-slider-48 .flex-direction-nav a {width:63px;height:63px;line-height:63px;font-size:25px;}<\/style>\t\t\t\t\t\t<div class=\"fusion-slider-loading\">Laden...<\/div>\n\t\t\t\t\t\t<div class=\"tfs-slider flexslider main-flex full-width-slider\" data-slider_width=\"100%\" data-slider_height=\"300px\" data-full_screen=\"0\" data-parallax=\"0\" data-nav_arrows=\"0\" data-nav_box_width=\"63px\" data-nav_box_height=\"63px\" data-nav_arrow_size=\"25px\" data-autoplay=\"1\" data-loop=\"1\" data-orderby=\"modified\" data-order=\"DESC\" data-animation=\"slide\" data-slideshow_speed=\"4000\" data-animation_speed=\"1000\" data-typo_sensitivity=\"1\" data-typo_factor=\"1.5\" style=\"max-width:100%;\">\n\t\t\t\t\t\t\t<ul class=\"slides\">\n\t\t\t\t\t\t\t\t\t\t\t\t\t\t\t\t\t<li data-mute=\"yes\" data-loop=\"yes\" data-autoplay=\"yes\">\n\t\t\t\t\t\t\t\t\t\t<div class=\"slide-content-container slide-content-center\" style=\"display: none;\">\n\t\t\t\t\t\t\t\t\t\t\t<div class=\"slide-content\" style=\"\">\n\t\t\t\t\t\t\t\t\t\t\t\t\t\t\t\t\t\t\t\t\t\t\t\t\t<div class=\"heading \">\n\t\t\t\t\t\t\t\t\t\t\t\t\t\t<div class=\"fusion-title-sc-wrapper\" style=\"\">\n\t\t\t\t\t\t\t\t\t\t\t\t\t\t\t<div class=\"fusion-title title fusion-title-1 fusion-sep-none fusion-title-center fusion-title-text fusion-title-size-three\" style=\"--awb-text-color:#ffffff;--awb-sep-color:#ffffff;--awb-font-size:60px;\"><h3 class=\"fusion-title-heading title-heading-center fusion-responsive-typography-calculated\" style=\"margin:0;font-size:1em;--fontSize:60;line-height:1.33;\">Newsletter<\/h3><\/div>\t\t\t\t\t\t\t\t\t\t\t\t\t\t<\/div>\n\t\t\t\t\t\t\t\t\t\t\t\t\t<\/div>\n\t\t\t\t\t\t\t\t\t\t\t\t\t\t\t\t\t\t\t\t\t\t\t\t\t\t\t\t\t\t\t\t\t\t\t\t\t\t\t\t\t\t\t\t\t\t\t<\/div>\n\t\t\t\t\t\t\t\t\t\t<\/div>\n\t\t\t\t\t\t\t\t\t\t\t\t\t\t\t\t\t\t\t\t\t\t\t\t\t\t\t\t\t\t\t\t\t\t\t\t\t\t\t\t<div class=\"background background-image\" style=\"background-image: url(https:\/\/www.tagesfamilien-aaa.ch\/wp-content\/uploads\/2023\/03\/pexels-suzy-hazelwood-1995842-scaled.jpg);max-width:100%;height:300px;filter: progid:DXImageTransform.Microsoft.AlphaImageLoader(src='https:\/\/www.tagesfamilien-aaa.ch\/wp-content\/uploads\/2023\/03\/pexels-suzy-hazelwood-1995842-scaled.jpg', sizingMethod='scale');\" data-imgwidth=\"2560\">\n\t\t\t\t\t\t\t\t\t\t\t\t\t\t\t\t\t\t\t\t\t\t\t\t\t\t\t\t\t\t\t\t\t\t\t\t\t\t\t\t\t\t\t\t\t\t\t\t\t\t\t\t\t\t\t\t\t\t\t\t\t\t\t\t\t\t<\/div>\n\t\t\t\t\t\t\t\t\t<\/li>\n\t\t\t\t\t\t\t\t\t\t\t\t\t\t\t\t\t\t\t\t\t\t\t<\/ul>\n\t\t\t\t\t\t<\/div>\n\t\t\t\t\t<\/div>\n\t\t\t\t\t\t\t\t<\/div><\/div><\/div><\/div><div class=\"fusion-fullwidth fullwidth-box fusion-builder-row-2 fusion-flex-container nonhundred-percent-fullwidth non-hundred-percent-height-scrolling\" style=\"--awb-border-radius-top-left:0px;--awb-border-radius-top-right:0px;--awb-border-radius-bottom-right:0px;--awb-border-radius-bottom-left:0px;--awb-margin-top:10px;--awb-margin-bottom:10px;--awb-flex-wrap:wrap;\" ><div class=\"fusion-builder-row fusion-row fusion-flex-align-items-flex-start fusion-flex-content-wrap\" style=\"max-width:1289.6px;margin-left: calc(-4% \/ 2 );margin-right: calc(-4% \/ 2 );\"><div class=\"fusion-layout-column fusion_builder_column fusion-builder-column-1 fusion_builder_column_2_3 2_3 fusion-flex-column\" style=\"--awb-bg-size:cover;--awb-width-large:66.666666666667%;--awb-margin-top-large:0px;--awb-spacing-right-large:2.88%;--awb-margin-bottom-large:40px;--awb-spacing-left-large:2.88%;--awb-width-medium:100%;--awb-order-medium:0;--awb-spacing-right-medium:1.92%;--awb-spacing-left-medium:1.92%;--awb-width-small:100%;--awb-order-small:0;--awb-spacing-right-small:1.92%;--awb-spacing-left-small:1.92%;\"><div class=\"fusion-column-wrapper fusion-column-has-shadow fusion-flex-justify-content-flex-start fusion-content-layout-column\"><ul style=\"--awb-line-height:23.8px;--awb-icon-width:23.8px;--awb-icon-height:23.8px;--awb-icon-margin:9.8px;--awb-content-margin:33.6px;\" class=\"fusion-checklist fusion-checklist-1 fusion-checklist-default type-icons\"><li class=\"fusion-li-item\" style=\"\"><span class=\"icon-wrapper circle-no\"><i class=\"fusion-li-icon fa-hand-point-right far\" aria-hidden=\"true\"><\/i><\/span><div class=\"fusion-li-item-content\">\n<p>R\u00fcckblick<\/p>\n<\/div><\/li><li class=\"fusion-li-item\" style=\"\"><span class=\"icon-wrapper circle-no\"><i class=\"fusion-li-icon fa-hand-point-right far\" aria-hidden=\"true\"><\/i><\/span><div class=\"fusion-li-item-content\">\n<p>Neuwahlen Vorstand<\/p>\n<\/div><\/li><li class=\"fusion-li-item\" style=\"\"><span class=\"icon-wrapper circle-no\"><i class=\"fusion-li-icon fa-hand-point-right far\" aria-hidden=\"true\"><\/i><\/span><div class=\"fusion-li-item-content\">\n<p>Mitarbeiterprofile<\/p>\n<\/div><\/li><li class=\"fusion-li-item\" style=\"\"><span class=\"icon-wrapper circle-no\"><i class=\"fusion-li-icon fa-hand-point-right far\" aria-hidden=\"true\"><\/i><\/span><div class=\"fusion-li-item-content\">\n<p>Kerzenziehen<\/p>\n<\/div><\/li><li class=\"fusion-li-item\" style=\"\"><span class=\"icon-wrapper circle-no\"><i class=\"fusion-li-icon fa-hand-point-right far\" aria-hidden=\"true\"><\/i><\/span><div class=\"fusion-li-item-content\">\n<p>Kursangebote<\/p>\n<\/div><\/li><\/ul><div class=\"fusion-title title fusion-title-2 fusion-sep-none fusion-title-text fusion-title-size-three\" style=\"--awb-margin-top:10px;--awb-margin-bottom:10px;\"><h3 class=\"fusion-title-heading title-heading-left fusion-responsive-typography-calculated\" style=\"margin:0;--fontSize:34;line-height:1.29;\">R\u00fcckblick Vereinsjahr<\/h3><\/div><div class=\"fusion-text fusion-text-1\"><p>Das Jahr begann mit gleich 3 neuen Vorstandsmitgliedern. Durch die saubere und reibungslose \u00dcbergabe konnten sich alle recht schnell einarbeiten. Es wurden neue Aufgaben in Angriff genommen und offene Pendenzen erledigt. Was sicher am meisten zu diskutieren gab, waren die neuen Vertragsanpassungen. Anpassungen, die schon seit l\u00e4ngerem im Vorstand diskutiert wurden und nun endlich umgesetzt wurden.<\/p>\n<p>Alle dachten, dass nach der Einf\u00fchrung der neuen Vertr\u00e4ge Ende Februar die gr\u00f6sste Arbeit geschafft sei, doch dann belehrte uns Corona eines Besseren. Die Ereignisse \u00fcberschlugen sich fast im Stundentakt, bis dann am 16. M\u00e4rz der Lockdown ausgerufen und verh\u00e4ngt wurde. Auf einmal stand alles still. Fragen wie: Wie geht es weiter? &#8211; Wer darf noch betreuen? &#8211; D\u00fcrfen wir \u00fcberhaupt noch betreuen? &#8211; mussten in k\u00fcrzester Zeit beantwortet werden. Des \u00d6fteren kam es vor, dass wir unseren Mitgliedern etwas kommunizieren wollten, doch bereits schon wieder eine neue Richtlinie vom Bund und kibesuisse beschlossen wurde. Ein grosser Dank geht dabei an Karin Petrig und Paul Eichholzer, die sich umgehend in all die Weisungen und Richtlinien eingelesen haben sowie juristischen Beistand bei Unklarheiten suchten. Wahrlich keine einfache Zeit!<\/p>\n<p>Das Vereinsjahr war ein weiteres Jahr der Stabilisierung mit einem schwachen Wachstum. Die Anzahl betreuter Kinder blieb gleich, obwohl mehr Betreuungspersonen und abgebende Familien zu verzeichnen waren. Die tats\u00e4chlichen Betreuungsstunden stiegen um einige Stunden an. Zum Schluss sagen wir Danke an alle abgebenden Eltern, Tagesfamilien, den Vermittlerinnen Stefanie Kr\u00fcger und Seraina H\u00e4cki, Karin Petrig f\u00fcr Inkasso\/Buchhaltung, den Revisoren Barbara Egger und Richard Reber sowie allen Vorstandsmitgliedern.<\/p>\n<p>Wir freuen uns auf die weitere Zusammenarbeit und das neue Vereinsjahr.<\/p>\n<\/div><div class=\"fusion-image-element \" style=\"--awb-caption-title-font-family:var(--h2_typography-font-family);--awb-caption-title-font-weight:var(--h2_typography-font-weight);--awb-caption-title-font-style:var(--h2_typography-font-style);--awb-caption-title-size:var(--h2_typography-font-size);--awb-caption-title-transform:var(--h2_typography-text-transform);--awb-caption-title-line-height:var(--h2_typography-line-height);--awb-caption-title-letter-spacing:var(--h2_typography-letter-spacing);\"><span class=\" fusion-imageframe imageframe-none imageframe-1 hover-type-none\"><img decoding=\"async\" width=\"300\" height=\"219\" title=\"ausbildung-bildung-buntstifte-207653_sw-1024&#215;748\" src=\"https:\/\/www.tagesfamilien-aaa.ch\/wp-content\/uploads\/2020\/09\/ausbildung-bildung-buntstifte-207653_sw-1024x748-1-300x219.jpg\" alt class=\"img-responsive wp-image-2996\" srcset=\"https:\/\/www.tagesfamilien-aaa.ch\/wp-content\/uploads\/2020\/09\/ausbildung-bildung-buntstifte-207653_sw-1024x748-1-200x146.jpg 200w, https:\/\/www.tagesfamilien-aaa.ch\/wp-content\/uploads\/2020\/09\/ausbildung-bildung-buntstifte-207653_sw-1024x748-1-400x292.jpg 400w, https:\/\/www.tagesfamilien-aaa.ch\/wp-content\/uploads\/2020\/09\/ausbildung-bildung-buntstifte-207653_sw-1024x748-1-600x438.jpg 600w, https:\/\/www.tagesfamilien-aaa.ch\/wp-content\/uploads\/2020\/09\/ausbildung-bildung-buntstifte-207653_sw-1024x748-1-800x584.jpg 800w, https:\/\/www.tagesfamilien-aaa.ch\/wp-content\/uploads\/2020\/09\/ausbildung-bildung-buntstifte-207653_sw-1024x748-1.jpg 1024w\" sizes=\"(max-width: 1024px) 100vw, (max-width: 960px) 100vw, 800px\" \/><\/span><\/div><div class=\"fusion-title title fusion-title-3 fusion-sep-none fusion-title-text fusion-title-size-three\" style=\"--awb-margin-top:10px;--awb-margin-bottom:10px;\"><h3 class=\"fusion-title-heading title-heading-left fusion-responsive-typography-calculated\" style=\"margin:0;--fontSize:34;line-height:1.29;\">Vorstand 2020 \/ 2021<\/h3><\/div>\n<div class=\"table-2\">\n<table width=\"100%\">\n<tbody>\n<tr>\n<td align=\"left\">Pr\u00e4sidium<\/td>\n<td align=\"left\">Fredi Krause<\/td>\n<\/tr>\n<tr>\n<td align=\"left\">Vizepr\u00e4sidium \/ Finanzen<\/td>\n<td align=\"left\">Stefanie Kr\u00fcger<\/td>\n<\/tr>\n<tr>\n<td align=\"left\">Aktuariat<\/td>\n<td align=\"left\">Nadja Benz<\/td>\n<\/tr>\n<tr>\n<td align=\"left\">Web<\/td>\n<td align=\"left\">Elvira Mastria<\/td>\n<\/tr>\n<tr>\n<td align=\"left\">Mitgliederbetreuung<\/td>\n<td align=\"left\">Denise Krause<\/td>\n<\/tr>\n<tr>\n<td align=\"left\">Kurswesen<\/td>\n<td align=\"left\">Rolf Hofer<\/td>\n<\/tr>\n<tr>\n<td align=\"left\">\u00d6ffentlichkeitsarbeit<\/td>\n<td align=\"left\">Nadin Leonhard<\/td>\n<\/tr>\n<tr>\n<td align=\"left\"><strong>Als Fachexpertinnen und G\u00e4ste an den Vorstandssitzungen sind dabei<\/strong><\/td>\n<td align=\"left\"><\/td>\n<\/tr>\n<tr>\n<td align=\"left\">Vermittlung<\/td>\n<td align=\"left\">Seraina H\u00e4cki<br \/>\n<span style=\"font-family: inherit;font-size: inherit\">Sheila Kayar<\/span><\/td>\n<\/tr>\n<tr>\n<td align=\"left\">Buchhaltung<\/td>\n<td align=\"left\">Karin Petrig<\/td>\n<\/tr>\n<\/tbody>\n<\/table>\n<\/div>\n<div class=\"fusion-title title fusion-title-4 fusion-sep-none fusion-title-text fusion-title-size-three\" style=\"--awb-margin-top:10px;--awb-margin-bottom:10px;\"><h3 class=\"fusion-title-heading title-heading-left fusion-responsive-typography-calculated\" style=\"margin:0;--fontSize:34;line-height:1.29;\">Mitarbeiterprofile<\/h3><\/div><div class=\"fusion-text fusion-text-2\"><p style=\"text-align: left\"><img decoding=\"async\" class=\"size-medium wp-image-3060 alignleft\" src=\"https:\/\/www.tagesfamilien-aaa.ch\/wp-content\/uploads\/2020\/09\/Stefanie-Krueger-1-200x300.jpg\" alt=\"\" width=\"200\" height=\"300\" srcset=\"https:\/\/www.tagesfamilien-aaa.ch\/wp-content\/uploads\/2020\/09\/Stefanie-Krueger-1-200x300.jpg 200w, https:\/\/www.tagesfamilien-aaa.ch\/wp-content\/uploads\/2020\/09\/Stefanie-Krueger-1.jpg 253w\" sizes=\"(max-width: 200px) 100vw, 200px\" \/>8910 Affoltern am Ablis<\/p>\n<p style=\"text-align: left\"><a href=\"mailto:nadja.benz@tagesfamilien-aaa.ch\">stefanie.krueger@tagesfamilien-aaa.ch<\/a><\/p>\n<p style=\"text-align: left\">Familienstand\u00a0 \u00a0 \u00a0 \u00a0 \u00a0 \u00a0verheiratet<\/p>\n<p style=\"text-align: left\">Kinder\u00a0 \u00a0 \u00a0 \u00a0 \u00a0 \u00a0 \u00a0 \u00a0 \u00a0 \u00a0 \u00a0 \u00a02 T\u00f6chter<\/p>\n<p style=\"text-align: left\">Beruf\u00a0 \u00a0 \u00a0 \u00a0 \u00a0 \u00a0 \u00a0 \u00a0 \u00a0 \u00a0 \u00a0 \u00a0 \u00a0 Klassenassistenz<\/p>\n<p style=\"text-align: left\">Hobbys\u00a0 \u00a0 \u00a0 \u00a0 \u00a0 \u00a0 \u00a0 \u00a0 \u00a0 \u00a0 \u00a0 Reisen, Wandern, Schwimmen<\/p>\n<p style=\"text-align: left\">Nach vier Jahren im Vorstand und zwei Jahren als Vermittlerin kehre ich nun zur\u00fcck in den Vorstand. Ich freue mich weiterhin ein Teil von Tagesfamilien Bezirk Affoltern bleiben zu d\u00fcrfen. Wir bieten individuelle L\u00f6sungen und eine vertrauensvolle Betreuung f\u00fcr Kinder an. Ich freue mich sehr auf meine neuen Aufgaben im Vorstand.<\/p>\n<\/div><div class=\"fusion-text fusion-text-3\"><p><img decoding=\"async\" class=\"size-medium wp-image-3002 alignleft\" src=\"https:\/\/www.tagesfamilien-aaa.ch\/wp-content\/uploads\/2020\/09\/Ndja-Benz-225x300.jpg\" alt=\"\" width=\"225\" height=\"300\" srcset=\"https:\/\/www.tagesfamilien-aaa.ch\/wp-content\/uploads\/2020\/09\/Ndja-Benz-200x267.jpg 200w, https:\/\/www.tagesfamilien-aaa.ch\/wp-content\/uploads\/2020\/09\/Ndja-Benz-225x300.jpg 225w, https:\/\/www.tagesfamilien-aaa.ch\/wp-content\/uploads\/2020\/09\/Ndja-Benz.jpg 266w\" sizes=\"(max-width: 225px) 100vw, 225px\" \/>8910 Affoltern am Ablis<\/p>\n<p><a href=\"mailto:nadja.benz@tagesfamilien-aaa.ch\">nadja.benz@tagesfamilien-aaa.ch<\/a><\/p>\n<p>Familienstand\u00a0 \u00a0 \u00a0 \u00a0 \u00a0 \u00a0 \u00a0 \u00a0ledig<\/p>\n<p>Kinder\u00a0 \u00a0 \u00a0 \u00a0 \u00a0 \u00a0 \u00a0 \u00a0 \u00a0 \u00a0 \u00a0 \u00a0 \u00a0 \u00a0keine<\/p>\n<p>Beruf\u00a0 \u00a0 \u00a0 \u00a0 \u00a0 \u00a0 \u00a0 \u00a0 \u00a0 \u00a0 \u00a0 \u00a0 \u00a0 \u00a0 \u00a0Schwimmlehrerin \/ Koch<\/p>\n<p>Hobbys\u00a0 \u00a0 \u00a0 \u00a0 \u00a0 \u00a0 \u00a0 \u00a0 \u00a0 \u00a0 \u00a0 \u00a0 \u00a0Reisen, Kochen, Schwimmen<\/p>\n<p>Durch meine Schwester, welche als Vermittlerin t\u00e4tig war, bin ich zu Tagesfamilien Bezirk Affoltern gekommen. Mir gef\u00e4llt der Ansatz ein Teil eines Vereins sein zu d\u00fcrfen in welchem grossen Wert auf eine famili\u00e4re Kinderbetreuung gelegt wird. Durch meine Arbeit mit Kindern und auch meinen Gottimeitlis, weiss ich wie schwierig es sein kann eine geeignete Betreuung zu finden.<\/p>\n<\/div><div class=\"fusion-text fusion-text-4\"><p><img decoding=\"async\" class=\"size-medium wp-image-3083 alignleft\" src=\"https:\/\/www.tagesfamilien-aaa.ch\/wp-content\/uploads\/2020\/09\/Elvira-Mastria-2-180x300.jpg\" alt=\"\" width=\"180\" height=\"300\" srcset=\"https:\/\/www.tagesfamilien-aaa.ch\/wp-content\/uploads\/2020\/09\/Elvira-Mastria-2-180x300.jpg 180w, https:\/\/www.tagesfamilien-aaa.ch\/wp-content\/uploads\/2020\/09\/Elvira-Mastria-2-200x334.jpg 200w, https:\/\/www.tagesfamilien-aaa.ch\/wp-content\/uploads\/2020\/09\/Elvira-Mastria-2.jpg 236w\" sizes=\"(max-width: 180px) 100vw, 180px\" \/>5625 Kallern<\/p>\n<p><a href=\"mailto:elvira.mastria@tagesfamilien-aaa.ch\">elvira.mastria@tagesfamilien-aaa.ch<\/a><\/p>\n<p>Familienstand \u00a0\u00a0\u00a0\u00a0\u00a0\u00a0\u00a0\u00a0\u00a0\u00a0\u00a0\u00a0\u00a0\u00a0\u00a0\u00a0\u00a0\u00a0\u00a0\u00a0 ledig<\/p>\n<p>Kinder\u00a0\u00a0\u00a0\u00a0\u00a0\u00a0\u00a0\u00a0\u00a0\u00a0\u00a0\u00a0\u00a0\u00a0\u00a0\u00a0\u00a0\u00a0\u00a0\u00a0\u00a0\u00a0\u00a0\u00a0\u00a0\u00a0\u00a0\u00a0\u00a0\u00a0\u00a0\u00a0\u00a0\u00a0 1 Sohn<\/p>\n<p>Beruf\u00a0\u00a0\u00a0\u00a0\u00a0\u00a0\u00a0\u00a0\u00a0\u00a0\u00a0\u00a0\u00a0\u00a0\u00a0\u00a0\u00a0\u00a0\u00a0\u00a0\u00a0\u00a0\u00a0\u00a0\u00a0\u00a0\u00a0\u00a0\u00a0\u00a0\u00a0\u00a0\u00a0\u00a0\u00a0\u00a0 dipl. med Podologin SVP<\/p>\n<p>Hobbys\u00a0\u00a0\u00a0\u00a0\u00a0\u00a0\u00a0\u00a0\u00a0\u00a0\u00a0\u00a0\u00a0\u00a0\u00a0\u00a0\u00a0\u00a0\u00a0\u00a0\u00a0\u00a0\u00a0\u00a0\u00a0\u00a0\u00a0\u00a0\u00a0\u00a0\u00a0\u00a0 Tanzen, Wandern, Kochen<\/p>\n<p>Tagesfamilien Bezirk Affoltern ist eine gute Sache und soll in Zukunft stetig wachsen. Die eigenen Kinder profitieren genauso davon, wie die Tageskinder oder die Eltern. Tageskinder zu haben ist eine Bereicherung f\u00fcr die ganze Familie!<\/p>\n<\/div><div class=\"fusion-text fusion-text-5\"><p><img decoding=\"async\" class=\"size-medium wp-image-3003 alignleft\" src=\"https:\/\/www.tagesfamilien-aaa.ch\/wp-content\/uploads\/2020\/09\/Sheila-Kayar-183x300.jpg\" alt=\"\" width=\"183\" height=\"300\" srcset=\"https:\/\/www.tagesfamilien-aaa.ch\/wp-content\/uploads\/2020\/09\/Sheila-Kayar-183x300.jpg 183w, https:\/\/www.tagesfamilien-aaa.ch\/wp-content\/uploads\/2020\/09\/Sheila-Kayar-200x328.jpg 200w, https:\/\/www.tagesfamilien-aaa.ch\/wp-content\/uploads\/2020\/09\/Sheila-Kayar.jpg 277w\" sizes=\"(max-width: 183px) 100vw, 183px\" \/>8910 Affoltern am Albis<\/p>\n<p><a href=\"mailto:stefanie.krueger@tagesfamilien-aaa.ch\">sheila.kayar@tagesfamilien-aaa.ch<\/a><\/p>\n<p>Familienstand \u00a0\u00a0\u00a0\u00a0\u00a0\u00a0\u00a0\u00a0\u00a0\u00a0\u00a0\u00a0\u00a0\u00a0\u00a0\u00a0\u00a0\u00a0\u00a0\u00a0 verheiratet<\/p>\n<p>Kinder\u00a0\u00a0\u00a0\u00a0\u00a0\u00a0\u00a0\u00a0\u00a0\u00a0\u00a0\u00a0\u00a0\u00a0\u00a0\u00a0\u00a0\u00a0\u00a0\u00a0\u00a0\u00a0\u00a0\u00a0\u00a0\u00a0\u00a0\u00a0\u00a0\u00a0\u00a0\u00a0\u00a0\u00a0 1 Sohn, 1 Tochter<\/p>\n<p>Beruf\u00a0\u00a0\u00a0\u00a0\u00a0\u00a0\u00a0\u00a0\u00a0\u00a0\u00a0\u00a0\u00a0\u00a0\u00a0\u00a0\u00a0\u00a0\u00a0\u00a0\u00a0\u00a0\u00a0\u00a0\u00a0\u00a0\u00a0\u00a0\u00a0\u00a0\u00a0\u00a0\u00a0\u00a0\u00a0\u00a0 Tagesmutter, Vermittlerin<\/p>\n<p>Hobbys\u00a0 \u00a0 \u00a0 \u00a0 \u00a0 \u00a0 \u00a0 \u00a0 \u00a0 \u00a0 \u00a0 \u00a0 \u00a0 \u00a0 \u00a0 \u00a0 \u00a0 Verschiedenes mit meinen Kindern unternehmen<\/p>\n<p>Im Jahr 2016 war ich auf der Suche nach einer flexiblen Betreuung f\u00fcr meine beiden Kinder. Tagesfamilien Bezirk Affoltern hat mich dabei sehr gut unterst\u00fctzt. Im M\u00e4rz 2019 habe ich mich entschieden als Tagesmutter t\u00e4tig zu sein und bewarb mich bei Tagesfamilien Bezirk Affoltern. Seitdem sind Sie mein Arbeitgeber. Meine Erfahrung damit hat mich dazu motiviert neu auch als Vermittlerin zu arbeiten um andere Eltern mit Rat und Tat zu unterst\u00fctzen.<\/p>\n<\/div><div class=\"fusion-title title fusion-title-5 fusion-sep-none fusion-title-text fusion-title-size-three\" style=\"--awb-margin-top:10px;--awb-margin-bottom:10px;\"><h3 class=\"fusion-title-heading title-heading-left fusion-responsive-typography-calculated\" style=\"margin:0;--fontSize:34;line-height:1.29;\">Kursangebot<\/h3><\/div><div class=\"fusion-text fusion-text-6\"><p>Ausgewogenes Essen mit Kindern findet am 28.10.2020 statt.<\/p>\n<\/div><div ><a class=\"fusion-button button-flat fusion-button-default-size button-default fusion-button-default button-1 fusion-button-default-span fusion-button-default-type fusion-animated\" data-animationType=\"fadeInLeft\" data-animationDuration=\"0.3\" data-animationOffset=\"top-into-view\" target=\"_self\" href=\"https:\/\/www.tagesfamilien-aaa.ch\/index.php\/infos\/\"><i class=\"fa-hand-point-right far awb-button__icon awb-button__icon--default button-icon-left\" aria-hidden=\"true\"><\/i><span class=\"fusion-button-text awb-button__text awb-button__text--default\">Schnell anmelden und Teilnahme sichern<\/span><\/a><\/div><div class=\"fusion-title title fusion-title-6 fusion-sep-none fusion-title-text fusion-title-size-three\" style=\"--awb-margin-top:10px;--awb-margin-bottom:10px;\"><h3 class=\"fusion-title-heading title-heading-left fusion-responsive-typography-calculated\" style=\"margin:0;--fontSize:34;line-height:1.29;\">Kerzenziehen<\/h3><\/div><div class=\"fusion-text fusion-text-7\"><p><img decoding=\"async\" src=\"https:\/\/www.tagesfamilien-aaa.ch\/wp-content\/uploads\/2019\/10\/GoldSterne-300x106.png\" alt=\"Allj\u00e4hrliches Kerzen ziehen\" \/><\/p>\n<p>Liebe Vereinsmitglieder, Kunden und Partner<\/p>\n<p>aufgrund der Coronavirus-Pandemie (COVID-19) und den damit verbundenen Auflagen,\u00a0 haben wir die schwierige Entscheidung getroffen, das allj\u00e4hrliche Kerzen ziehen in der Stiftung Werk und Wohnen zur Weid in Mettmenstetten f\u00fcr dieses Jahr abzusagen.<\/p>\n<p>Wir bitten alle um Verst\u00e4ndnis f\u00fcr unsere Entscheidung, die zur Sicherheit unserer Mitarbeiter und Teilnehmern dient und eine rasante Ausbreitung des Virus in der beginnenden Herbstsaison verhindern soll.<\/p>\n<p>Beste Gesundheit w\u00fcnscht Tagesfamilien Bezirk Affoltern.<\/p>\n<\/div><\/div><\/div><div class=\"fusion-layout-column fusion_builder_column fusion-builder-column-2 fusion_builder_column_1_3 1_3 fusion-flex-column\" style=\"--awb-bg-size:cover;--awb-width-large:33.333333333333%;--awb-margin-top-large:0px;--awb-spacing-right-large:5.76%;--awb-margin-bottom-large:40px;--awb-spacing-left-large:5.76%;--awb-width-medium:100%;--awb-order-medium:0;--awb-spacing-right-medium:1.92%;--awb-spacing-left-medium:1.92%;--awb-width-small:100%;--awb-order-small:0;--awb-spacing-right-small:1.92%;--awb-spacing-left-small:1.92%;\"><div class=\"fusion-column-wrapper fusion-column-has-shadow fusion-flex-justify-content-flex-start fusion-content-layout-column\"><div class=\"fusion-widget-area awb-widget-area-element fusion-widget-area-1 fusion-content-widget-area\" style=\"--awb-title-size:22px;--awb-title-color:#4c5166;--awb-padding:0px 0px 0px 0px;\"><section id=\"search-2\" class=\"widget widget_search\">\t\t<form role=\"search\" class=\"searchform fusion-search-form  fusion-search-form-classic\" method=\"get\" action=\"https:\/\/www.tagesfamilien-aaa.ch\/\">\n\t\t\t<div class=\"fusion-search-form-content\">\n\n\t\t\t\t\n\t\t\t\t<div class=\"fusion-search-field search-field\">\n\t\t\t\t\t<label><span class=\"screen-reader-text\">Suche nach:<\/span>\n\t\t\t\t\t\t\t\t\t\t\t\t\t<input type=\"search\" value=\"\" name=\"s\" class=\"s\" placeholder=\"Suchen...\" required aria-required=\"true\" aria-label=\"Suchen...\"\/>\n\t\t\t\t\t\t\t\t\t\t\t<\/label>\n\t\t\t\t<\/div>\n\t\t\t\t<div class=\"fusion-search-button search-button\">\n\t\t\t\t\t<input type=\"submit\" class=\"fusion-search-submit searchsubmit\" aria-label=\"Suche\" value=\"&#xf002;\" \/>\n\t\t\t\t\t\t\t\t\t<\/div>\n\n\t\t\t\t\n\t\t\t<\/div>\n\n\n\t\t\t\n\t\t<\/form>\n\t\t<\/section><section id=\"archives-2\" class=\"widget widget_archive\"><div class=\"heading\"><h4 class=\"widget-title\">Archiv<\/h4><\/div>\n\t\t\t<ul>\n\t\t\t\t\t<li><a href='https:\/\/www.tagesfamilien-aaa.ch\/index.php\/2023\/10\/'>Oktober 2023<\/a><\/li>\n\t<li><a href='https:\/\/www.tagesfamilien-aaa.ch\/index.php\/2023\/03\/'>M\u00e4rz 2023<\/a><\/li>\n\t<li><a href='https:\/\/www.tagesfamilien-aaa.ch\/index.php\/2023\/02\/'>Februar 2023<\/a><\/li>\n\t<li><a href='https:\/\/www.tagesfamilien-aaa.ch\/index.php\/2022\/10\/'>Oktober 2022<\/a><\/li>\n\t<li><a href='https:\/\/www.tagesfamilien-aaa.ch\/index.php\/2021\/04\/'>April 2021<\/a><\/li>\n\t<li><a href='https:\/\/www.tagesfamilien-aaa.ch\/index.php\/2020\/12\/'>Dezember 2020<\/a><\/li>\n\t<li><a href='https:\/\/www.tagesfamilien-aaa.ch\/index.php\/2020\/09\/'>September 2020<\/a><\/li>\n\t<li><a href='https:\/\/www.tagesfamilien-aaa.ch\/index.php\/2020\/07\/'>Juli 2020<\/a><\/li>\n\t<li><a href='https:\/\/www.tagesfamilien-aaa.ch\/index.php\/2020\/05\/'>Mai 2020<\/a><\/li>\n\t<li><a href='https:\/\/www.tagesfamilien-aaa.ch\/index.php\/2020\/03\/'>M\u00e4rz 2020<\/a><\/li>\n\t<li><a href='https:\/\/www.tagesfamilien-aaa.ch\/index.php\/2020\/01\/'>Januar 2020<\/a><\/li>\n\t<li><a href='https:\/\/www.tagesfamilien-aaa.ch\/index.php\/2019\/09\/'>September 2019<\/a><\/li>\n\t<li><a href='https:\/\/www.tagesfamilien-aaa.ch\/index.php\/2019\/01\/'>Januar 2019<\/a><\/li>\n\t<li><a href='https:\/\/www.tagesfamilien-aaa.ch\/index.php\/2018\/07\/'>Juli 2018<\/a><\/li>\n\t<li><a href='https:\/\/www.tagesfamilien-aaa.ch\/index.php\/2018\/06\/'>Juni 2018<\/a><\/li>\n\t\t\t<\/ul>\n\n\t\t\t<\/section><section id=\"categories-2\" class=\"widget widget_categories\"><div class=\"heading\"><h4 class=\"widget-title\">Kategorien<\/h4><\/div>\n\t\t\t<ul>\n\t\t\t\t\t<li class=\"cat-item cat-item-41\"><a href=\"https:\/\/www.tagesfamilien-aaa.ch\/index.php\/category\/angebot\/\">Angebot<\/a>\n<\/li>\n\t<li class=\"cat-item cat-item-46\"><a href=\"https:\/\/www.tagesfamilien-aaa.ch\/index.php\/category\/newsletter\/\">Newsletter<\/a>\n<\/li>\n\t<li class=\"cat-item cat-item-47\"><a href=\"https:\/\/www.tagesfamilien-aaa.ch\/index.php\/category\/schulung\/\">Schulung<\/a>\n<\/li>\n\t\t\t<\/ul>\n\n\t\t\t<\/section><div class=\"fusion-additional-widget-content\"><\/div><\/div><\/div><\/div><\/div><\/div><\/p>\n","protected":false},"excerpt":{"rendered":"","protected":false},"author":10,"featured_media":1649,"comment_status":"open","ping_status":"closed","sticky":false,"template":"","format":"standard","meta":{"footnotes":""},"categories":[46],"tags":[],"class_list":["post-2987","post","type-post","status-publish","format-standard","has-post-thumbnail","hentry","category-newsletter"],"yoast_head":"<!-- This site is optimized with the Yoast SEO plugin v27.1.1 - https:\/\/yoast.com\/product\/yoast-seo-wordpress\/ -->\n<title>Newsletter 3 \/ 2020 - Tagesfamilien Bezirk Affoltern<\/title>\n<meta name=\"description\" content=\"Tagesmutter, Familie, Betreuung, Kinder, Krippe, famiilienerg\u00e4nzend,\" \/>\n<meta name=\"robots\" content=\"index, follow, max-snippet:-1, max-image-preview:large, max-video-preview:-1\" \/>\n<link rel=\"canonical\" href=\"https:\/\/www.tagesfamilien-aaa.ch\/index.php\/2020\/09\/24\/newsletter-oktober-2020\/\" \/>\n<meta property=\"og:locale\" content=\"de_DE\" \/>\n<meta property=\"og:type\" content=\"article\" \/>\n<meta property=\"og:title\" content=\"Newsletter 3 \/ 2020 - Tagesfamilien Bezirk Affoltern\" \/>\n<meta property=\"og:description\" content=\"Tagesmutter, Familie, Betreuung, Kinder, Krippe, famiilienerg\u00e4nzend,\" \/>\n<meta property=\"og:url\" content=\"https:\/\/www.tagesfamilien-aaa.ch\/index.php\/2020\/09\/24\/newsletter-oktober-2020\/\" \/>\n<meta property=\"og:site_name\" content=\"Tagesfamilien Bezirk Affoltern\" \/>\n<meta property=\"article:publisher\" content=\"https:\/\/www.facebook.com\/100000805876953\/posts\/2095824770454365?sfns=mo\" \/>\n<meta property=\"article:published_time\" content=\"2020-09-24T16:35:55+00:00\" \/>\n<meta property=\"article:modified_time\" content=\"2023-09-28T14:54:48+00:00\" \/>\n<meta property=\"og:image\" content=\"https:\/\/www.tagesfamilien-aaa.ch\/wp-content\/uploads\/2018\/04\/Mitgliedschaft_Header_bw.png\" \/>\n\t<meta property=\"og:image:width\" content=\"501\" \/>\n\t<meta property=\"og:image:height\" content=\"181\" \/>\n\t<meta property=\"og:image:type\" content=\"image\/png\" \/>\n<meta name=\"author\" content=\"nl\" \/>\n<meta name=\"twitter:card\" content=\"summary_large_image\" \/>\n<meta name=\"twitter:label1\" content=\"Verfasst von\" \/>\n\t<meta name=\"twitter:data1\" content=\"nl\" \/>\n\t<meta name=\"twitter:label2\" content=\"Gesch\u00e4tzte Lesezeit\" \/>\n\t<meta name=\"twitter:data2\" content=\"11\u00a0Minuten\" \/>\n<script type=\"application\/ld+json\" class=\"yoast-schema-graph\">{\"@context\":\"https:\/\/schema.org\",\"@graph\":[{\"@type\":\"Article\",\"@id\":\"https:\/\/www.tagesfamilien-aaa.ch\/index.php\/2020\/09\/24\/newsletter-oktober-2020\/#article\",\"isPartOf\":{\"@id\":\"https:\/\/www.tagesfamilien-aaa.ch\/index.php\/2020\/09\/24\/newsletter-oktober-2020\/\"},\"author\":{\"name\":\"nl\",\"@id\":\"https:\/\/www.tagesfamilien-aaa.ch\/#\/schema\/person\/eb17ff5e5d66d5f90c6b777c0053583c\"},\"headline\":\"Newsletter 3 \/ 2020\",\"datePublished\":\"2020-09-24T16:35:55+00:00\",\"dateModified\":\"2023-09-28T14:54:48+00:00\",\"mainEntityOfPage\":{\"@id\":\"https:\/\/www.tagesfamilien-aaa.ch\/index.php\/2020\/09\/24\/newsletter-oktober-2020\/\"},\"wordCount\":3426,\"commentCount\":0,\"publisher\":{\"@id\":\"https:\/\/www.tagesfamilien-aaa.ch\/#organization\"},\"image\":{\"@id\":\"https:\/\/www.tagesfamilien-aaa.ch\/index.php\/2020\/09\/24\/newsletter-oktober-2020\/#primaryimage\"},\"thumbnailUrl\":\"https:\/\/www.tagesfamilien-aaa.ch\/wp-content\/uploads\/2018\/04\/Mitgliedschaft_Header_bw.png\",\"articleSection\":[\"Newsletter\"],\"inLanguage\":\"de\",\"potentialAction\":[{\"@type\":\"CommentAction\",\"name\":\"Comment\",\"target\":[\"https:\/\/www.tagesfamilien-aaa.ch\/index.php\/2020\/09\/24\/newsletter-oktober-2020\/#respond\"]}]},{\"@type\":\"WebPage\",\"@id\":\"https:\/\/www.tagesfamilien-aaa.ch\/index.php\/2020\/09\/24\/newsletter-oktober-2020\/\",\"url\":\"https:\/\/www.tagesfamilien-aaa.ch\/index.php\/2020\/09\/24\/newsletter-oktober-2020\/\",\"name\":\"Newsletter 3 \/ 2020 - Tagesfamilien Bezirk Affoltern\",\"isPartOf\":{\"@id\":\"https:\/\/www.tagesfamilien-aaa.ch\/#website\"},\"primaryImageOfPage\":{\"@id\":\"https:\/\/www.tagesfamilien-aaa.ch\/index.php\/2020\/09\/24\/newsletter-oktober-2020\/#primaryimage\"},\"image\":{\"@id\":\"https:\/\/www.tagesfamilien-aaa.ch\/index.php\/2020\/09\/24\/newsletter-oktober-2020\/#primaryimage\"},\"thumbnailUrl\":\"https:\/\/www.tagesfamilien-aaa.ch\/wp-content\/uploads\/2018\/04\/Mitgliedschaft_Header_bw.png\",\"datePublished\":\"2020-09-24T16:35:55+00:00\",\"dateModified\":\"2023-09-28T14:54:48+00:00\",\"description\":\"Tagesmutter, Familie, Betreuung, Kinder, Krippe, famiilienerg\u00e4nzend,\",\"breadcrumb\":{\"@id\":\"https:\/\/www.tagesfamilien-aaa.ch\/index.php\/2020\/09\/24\/newsletter-oktober-2020\/#breadcrumb\"},\"inLanguage\":\"de\",\"potentialAction\":[{\"@type\":\"ReadAction\",\"target\":[\"https:\/\/www.tagesfamilien-aaa.ch\/index.php\/2020\/09\/24\/newsletter-oktober-2020\/\"]}]},{\"@type\":\"ImageObject\",\"inLanguage\":\"de\",\"@id\":\"https:\/\/www.tagesfamilien-aaa.ch\/index.php\/2020\/09\/24\/newsletter-oktober-2020\/#primaryimage\",\"url\":\"https:\/\/www.tagesfamilien-aaa.ch\/wp-content\/uploads\/2018\/04\/Mitgliedschaft_Header_bw.png\",\"contentUrl\":\"https:\/\/www.tagesfamilien-aaa.ch\/wp-content\/uploads\/2018\/04\/Mitgliedschaft_Header_bw.png\",\"width\":501,\"height\":181},{\"@type\":\"BreadcrumbList\",\"@id\":\"https:\/\/www.tagesfamilien-aaa.ch\/index.php\/2020\/09\/24\/newsletter-oktober-2020\/#breadcrumb\",\"itemListElement\":[{\"@type\":\"ListItem\",\"position\":1,\"name\":\"Startseite\",\"item\":\"https:\/\/www.tagesfamilien-aaa.ch\/\"},{\"@type\":\"ListItem\",\"position\":2,\"name\":\"Newsletter 3 \/ 2020\"}]},{\"@type\":\"WebSite\",\"@id\":\"https:\/\/www.tagesfamilien-aaa.ch\/#website\",\"url\":\"https:\/\/www.tagesfamilien-aaa.ch\/\",\"name\":\"Tagesfamilien Bezirk Affoltern\",\"description\":\"\",\"publisher\":{\"@id\":\"https:\/\/www.tagesfamilien-aaa.ch\/#organization\"},\"potentialAction\":[{\"@type\":\"SearchAction\",\"target\":{\"@type\":\"EntryPoint\",\"urlTemplate\":\"https:\/\/www.tagesfamilien-aaa.ch\/?s={search_term_string}\"},\"query-input\":{\"@type\":\"PropertyValueSpecification\",\"valueRequired\":true,\"valueName\":\"search_term_string\"}}],\"inLanguage\":\"de\"},{\"@type\":\"Organization\",\"@id\":\"https:\/\/www.tagesfamilien-aaa.ch\/#organization\",\"name\":\"Tagesfamilien Bezirk Affoltern\",\"url\":\"https:\/\/www.tagesfamilien-aaa.ch\/\",\"logo\":{\"@type\":\"ImageObject\",\"inLanguage\":\"de\",\"@id\":\"https:\/\/www.tagesfamilien-aaa.ch\/#\/schema\/logo\/image\/\",\"url\":\"https:\/\/www.tagesfamilien-aaa.ch\/wp-content\/uploads\/2019\/01\/TFBA_Logo.jpg\",\"contentUrl\":\"https:\/\/www.tagesfamilien-aaa.ch\/wp-content\/uploads\/2019\/01\/TFBA_Logo.jpg\",\"width\":630,\"height\":270,\"caption\":\"Tagesfamilien Bezirk Affoltern\"},\"image\":{\"@id\":\"https:\/\/www.tagesfamilien-aaa.ch\/#\/schema\/logo\/image\/\"},\"sameAs\":[\"https:\/\/www.facebook.com\/100000805876953\/posts\/2095824770454365?sfns=mo\"]},{\"@type\":\"Person\",\"@id\":\"https:\/\/www.tagesfamilien-aaa.ch\/#\/schema\/person\/eb17ff5e5d66d5f90c6b777c0053583c\",\"name\":\"nl\",\"image\":{\"@type\":\"ImageObject\",\"inLanguage\":\"de\",\"@id\":\"https:\/\/www.tagesfamilien-aaa.ch\/#\/schema\/person\/image\/\",\"url\":\"\/\/www.gravatar.com\/avatar\/083176a869c9794b75fbbbff35a50a87?s=96&#038;r=g&#038;d=mm\",\"contentUrl\":\"\/\/www.gravatar.com\/avatar\/083176a869c9794b75fbbbff35a50a87?s=96&#038;r=g&#038;d=mm\",\"caption\":\"nl\"}}]}<\/script>\n<!-- \/ Yoast SEO plugin. -->","yoast_head_json":{"title":"Newsletter 3 \/ 2020 - Tagesfamilien Bezirk Affoltern","description":"Tagesmutter, Familie, Betreuung, Kinder, Krippe, famiilienerg\u00e4nzend,","robots":{"index":"index","follow":"follow","max-snippet":"max-snippet:-1","max-image-preview":"max-image-preview:large","max-video-preview":"max-video-preview:-1"},"canonical":"https:\/\/www.tagesfamilien-aaa.ch\/index.php\/2020\/09\/24\/newsletter-oktober-2020\/","og_locale":"de_DE","og_type":"article","og_title":"Newsletter 3 \/ 2020 - Tagesfamilien Bezirk Affoltern","og_description":"Tagesmutter, Familie, Betreuung, Kinder, Krippe, famiilienerg\u00e4nzend,","og_url":"https:\/\/www.tagesfamilien-aaa.ch\/index.php\/2020\/09\/24\/newsletter-oktober-2020\/","og_site_name":"Tagesfamilien Bezirk Affoltern","article_publisher":"https:\/\/www.facebook.com\/100000805876953\/posts\/2095824770454365?sfns=mo","article_published_time":"2020-09-24T16:35:55+00:00","article_modified_time":"2023-09-28T14:54:48+00:00","og_image":[{"width":501,"height":181,"url":"https:\/\/www.tagesfamilien-aaa.ch\/wp-content\/uploads\/2018\/04\/Mitgliedschaft_Header_bw.png","type":"image\/png"}],"author":"nl","twitter_card":"summary_large_image","twitter_misc":{"Verfasst von":"nl","Gesch\u00e4tzte Lesezeit":"11\u00a0Minuten"},"schema":{"@context":"https:\/\/schema.org","@graph":[{"@type":"Article","@id":"https:\/\/www.tagesfamilien-aaa.ch\/index.php\/2020\/09\/24\/newsletter-oktober-2020\/#article","isPartOf":{"@id":"https:\/\/www.tagesfamilien-aaa.ch\/index.php\/2020\/09\/24\/newsletter-oktober-2020\/"},"author":{"name":"nl","@id":"https:\/\/www.tagesfamilien-aaa.ch\/#\/schema\/person\/eb17ff5e5d66d5f90c6b777c0053583c"},"headline":"Newsletter 3 \/ 2020","datePublished":"2020-09-24T16:35:55+00:00","dateModified":"2023-09-28T14:54:48+00:00","mainEntityOfPage":{"@id":"https:\/\/www.tagesfamilien-aaa.ch\/index.php\/2020\/09\/24\/newsletter-oktober-2020\/"},"wordCount":3426,"commentCount":0,"publisher":{"@id":"https:\/\/www.tagesfamilien-aaa.ch\/#organization"},"image":{"@id":"https:\/\/www.tagesfamilien-aaa.ch\/index.php\/2020\/09\/24\/newsletter-oktober-2020\/#primaryimage"},"thumbnailUrl":"https:\/\/www.tagesfamilien-aaa.ch\/wp-content\/uploads\/2018\/04\/Mitgliedschaft_Header_bw.png","articleSection":["Newsletter"],"inLanguage":"de","potentialAction":[{"@type":"CommentAction","name":"Comment","target":["https:\/\/www.tagesfamilien-aaa.ch\/index.php\/2020\/09\/24\/newsletter-oktober-2020\/#respond"]}]},{"@type":"WebPage","@id":"https:\/\/www.tagesfamilien-aaa.ch\/index.php\/2020\/09\/24\/newsletter-oktober-2020\/","url":"https:\/\/www.tagesfamilien-aaa.ch\/index.php\/2020\/09\/24\/newsletter-oktober-2020\/","name":"Newsletter 3 \/ 2020 - Tagesfamilien Bezirk Affoltern","isPartOf":{"@id":"https:\/\/www.tagesfamilien-aaa.ch\/#website"},"primaryImageOfPage":{"@id":"https:\/\/www.tagesfamilien-aaa.ch\/index.php\/2020\/09\/24\/newsletter-oktober-2020\/#primaryimage"},"image":{"@id":"https:\/\/www.tagesfamilien-aaa.ch\/index.php\/2020\/09\/24\/newsletter-oktober-2020\/#primaryimage"},"thumbnailUrl":"https:\/\/www.tagesfamilien-aaa.ch\/wp-content\/uploads\/2018\/04\/Mitgliedschaft_Header_bw.png","datePublished":"2020-09-24T16:35:55+00:00","dateModified":"2023-09-28T14:54:48+00:00","description":"Tagesmutter, Familie, Betreuung, Kinder, Krippe, famiilienerg\u00e4nzend,","breadcrumb":{"@id":"https:\/\/www.tagesfamilien-aaa.ch\/index.php\/2020\/09\/24\/newsletter-oktober-2020\/#breadcrumb"},"inLanguage":"de","potentialAction":[{"@type":"ReadAction","target":["https:\/\/www.tagesfamilien-aaa.ch\/index.php\/2020\/09\/24\/newsletter-oktober-2020\/"]}]},{"@type":"ImageObject","inLanguage":"de","@id":"https:\/\/www.tagesfamilien-aaa.ch\/index.php\/2020\/09\/24\/newsletter-oktober-2020\/#primaryimage","url":"https:\/\/www.tagesfamilien-aaa.ch\/wp-content\/uploads\/2018\/04\/Mitgliedschaft_Header_bw.png","contentUrl":"https:\/\/www.tagesfamilien-aaa.ch\/wp-content\/uploads\/2018\/04\/Mitgliedschaft_Header_bw.png","width":501,"height":181},{"@type":"BreadcrumbList","@id":"https:\/\/www.tagesfamilien-aaa.ch\/index.php\/2020\/09\/24\/newsletter-oktober-2020\/#breadcrumb","itemListElement":[{"@type":"ListItem","position":1,"name":"Startseite","item":"https:\/\/www.tagesfamilien-aaa.ch\/"},{"@type":"ListItem","position":2,"name":"Newsletter 3 \/ 2020"}]},{"@type":"WebSite","@id":"https:\/\/www.tagesfamilien-aaa.ch\/#website","url":"https:\/\/www.tagesfamilien-aaa.ch\/","name":"Tagesfamilien Bezirk Affoltern","description":"","publisher":{"@id":"https:\/\/www.tagesfamilien-aaa.ch\/#organization"},"potentialAction":[{"@type":"SearchAction","target":{"@type":"EntryPoint","urlTemplate":"https:\/\/www.tagesfamilien-aaa.ch\/?s={search_term_string}"},"query-input":{"@type":"PropertyValueSpecification","valueRequired":true,"valueName":"search_term_string"}}],"inLanguage":"de"},{"@type":"Organization","@id":"https:\/\/www.tagesfamilien-aaa.ch\/#organization","name":"Tagesfamilien Bezirk Affoltern","url":"https:\/\/www.tagesfamilien-aaa.ch\/","logo":{"@type":"ImageObject","inLanguage":"de","@id":"https:\/\/www.tagesfamilien-aaa.ch\/#\/schema\/logo\/image\/","url":"https:\/\/www.tagesfamilien-aaa.ch\/wp-content\/uploads\/2019\/01\/TFBA_Logo.jpg","contentUrl":"https:\/\/www.tagesfamilien-aaa.ch\/wp-content\/uploads\/2019\/01\/TFBA_Logo.jpg","width":630,"height":270,"caption":"Tagesfamilien Bezirk Affoltern"},"image":{"@id":"https:\/\/www.tagesfamilien-aaa.ch\/#\/schema\/logo\/image\/"},"sameAs":["https:\/\/www.facebook.com\/100000805876953\/posts\/2095824770454365?sfns=mo"]},{"@type":"Person","@id":"https:\/\/www.tagesfamilien-aaa.ch\/#\/schema\/person\/eb17ff5e5d66d5f90c6b777c0053583c","name":"nl","image":{"@type":"ImageObject","inLanguage":"de","@id":"https:\/\/www.tagesfamilien-aaa.ch\/#\/schema\/person\/image\/","url":"\/\/www.gravatar.com\/avatar\/083176a869c9794b75fbbbff35a50a87?s=96&#038;r=g&#038;d=mm","contentUrl":"\/\/www.gravatar.com\/avatar\/083176a869c9794b75fbbbff35a50a87?s=96&#038;r=g&#038;d=mm","caption":"nl"}}]}},"_links":{"self":[{"href":"https:\/\/www.tagesfamilien-aaa.ch\/index.php\/wp-json\/wp\/v2\/posts\/2987","targetHints":{"allow":["GET"]}}],"collection":[{"href":"https:\/\/www.tagesfamilien-aaa.ch\/index.php\/wp-json\/wp\/v2\/posts"}],"about":[{"href":"https:\/\/www.tagesfamilien-aaa.ch\/index.php\/wp-json\/wp\/v2\/types\/post"}],"author":[{"embeddable":true,"href":"https:\/\/www.tagesfamilien-aaa.ch\/index.php\/wp-json\/wp\/v2\/users\/10"}],"replies":[{"embeddable":true,"href":"https:\/\/www.tagesfamilien-aaa.ch\/index.php\/wp-json\/wp\/v2\/comments?post=2987"}],"version-history":[{"count":72,"href":"https:\/\/www.tagesfamilien-aaa.ch\/index.php\/wp-json\/wp\/v2\/posts\/2987\/revisions"}],"predecessor-version":[{"id":3311,"href":"https:\/\/www.tagesfamilien-aaa.ch\/index.php\/wp-json\/wp\/v2\/posts\/2987\/revisions\/3311"}],"wp:featuredmedia":[{"embeddable":true,"href":"https:\/\/www.tagesfamilien-aaa.ch\/index.php\/wp-json\/wp\/v2\/media\/1649"}],"wp:attachment":[{"href":"https:\/\/www.tagesfamilien-aaa.ch\/index.php\/wp-json\/wp\/v2\/media?parent=2987"}],"wp:term":[{"taxonomy":"category","embeddable":true,"href":"https:\/\/www.tagesfamilien-aaa.ch\/index.php\/wp-json\/wp\/v2\/categories?post=2987"},{"taxonomy":"post_tag","embeddable":true,"href":"https:\/\/www.tagesfamilien-aaa.ch\/index.php\/wp-json\/wp\/v2\/tags?post=2987"}],"curies":[{"name":"wp","href":"https:\/\/api.w.org\/{rel}","templated":true}]}}