{"id":3132,"date":"2021-04-26T18:45:12","date_gmt":"2021-04-26T18:45:12","guid":{"rendered":"https:\/\/www.tagesfamilien-aaa.ch\/?p=3132"},"modified":"2023-09-28T16:51:16","modified_gmt":"2023-09-28T14:51:16","slug":"newsletter-fruehjahr-2021","status":"publish","type":"post","link":"https:\/\/www.tagesfamilien-aaa.ch\/index.php\/2021\/04\/26\/newsletter-fruehjahr-2021\/","title":{"rendered":"Newsletter 2021"},"content":{"rendered":"<p><div class=\"fusion-fullwidth fullwidth-box fusion-builder-row-1 fusion-flex-container nonhundred-percent-fullwidth non-hundred-percent-height-scrolling\" style=\"--awb-border-radius-top-left:0px;--awb-border-radius-top-right:0px;--awb-border-radius-bottom-right:0px;--awb-border-radius-bottom-left:0px;--awb-flex-wrap:wrap;\" ><div class=\"fusion-builder-row fusion-row fusion-flex-align-items-flex-start fusion-flex-content-wrap\" style=\"max-width:1289.6px;margin-left: calc(-4% \/ 2 );margin-right: calc(-4% \/ 2 );\"><div class=\"fusion-layout-column fusion_builder_column fusion-builder-column-0 fusion_builder_column_1_1 1_1 fusion-flex-column\" style=\"--awb-bg-size:cover;--awb-width-large:100%;--awb-margin-top-large:0px;--awb-spacing-right-large:1.92%;--awb-margin-bottom-large:40px;--awb-spacing-left-large:1.92%;--awb-width-medium:100%;--awb-order-medium:0;--awb-spacing-right-medium:1.92%;--awb-spacing-left-medium:1.92%;--awb-width-small:100%;--awb-order-small:0;--awb-spacing-right-small:1.92%;--awb-spacing-left-small:1.92%;\"><div class=\"fusion-column-wrapper fusion-column-has-shadow fusion-flex-justify-content-flex-start fusion-content-layout-column\">\t\t\t\t\t<div class=\"fusion-slider-container fusion-slider-sc-tfba_newsletter fusion-slider-48 full-width-slider\" style=\"height:300px; max-width:100%;\" data-id=\"48\" data-full_height=\"\">\n\t\t\t\t\t\t<style type=\"text\/css\">.fusion-slider-48 .flex-direction-nav a {width:63px;height:63px;line-height:63px;font-size:25px;}<\/style>\t\t\t\t\t\t<div class=\"fusion-slider-loading\">Laden...<\/div>\n\t\t\t\t\t\t<div class=\"tfs-slider flexslider main-flex full-width-slider\" data-slider_width=\"100%\" data-slider_height=\"300px\" data-full_screen=\"0\" data-parallax=\"0\" data-nav_arrows=\"0\" data-nav_box_width=\"63px\" data-nav_box_height=\"63px\" data-nav_arrow_size=\"25px\" data-autoplay=\"1\" data-loop=\"1\" data-orderby=\"modified\" data-order=\"DESC\" data-animation=\"slide\" data-slideshow_speed=\"4000\" data-animation_speed=\"1000\" data-typo_sensitivity=\"1\" data-typo_factor=\"1.5\" style=\"max-width:100%;\">\n\t\t\t\t\t\t\t<ul class=\"slides\">\n\t\t\t\t\t\t\t\t\t\t\t\t\t\t\t\t\t<li data-mute=\"yes\" data-loop=\"yes\" data-autoplay=\"yes\">\n\t\t\t\t\t\t\t\t\t\t<div class=\"slide-content-container slide-content-center\" style=\"display: none;\">\n\t\t\t\t\t\t\t\t\t\t\t<div class=\"slide-content\" style=\"\">\n\t\t\t\t\t\t\t\t\t\t\t\t\t\t\t\t\t\t\t\t\t\t\t\t\t<div class=\"heading \">\n\t\t\t\t\t\t\t\t\t\t\t\t\t\t<div class=\"fusion-title-sc-wrapper\" style=\"\">\n\t\t\t\t\t\t\t\t\t\t\t\t\t\t\t<div class=\"fusion-title title fusion-title-1 fusion-sep-none fusion-title-center fusion-title-text fusion-title-size-three\" style=\"--awb-text-color:#ffffff;--awb-sep-color:#ffffff;--awb-font-size:60px;\"><h3 class=\"fusion-title-heading title-heading-center fusion-responsive-typography-calculated\" style=\"margin:0;font-size:1em;--fontSize:60;line-height:1.33;\">Newsletter<\/h3><\/div>\t\t\t\t\t\t\t\t\t\t\t\t\t\t<\/div>\n\t\t\t\t\t\t\t\t\t\t\t\t\t<\/div>\n\t\t\t\t\t\t\t\t\t\t\t\t\t\t\t\t\t\t\t\t\t\t\t\t\t\t\t\t\t\t\t\t\t\t\t\t\t\t\t\t\t\t\t\t\t\t\t<\/div>\n\t\t\t\t\t\t\t\t\t\t<\/div>\n\t\t\t\t\t\t\t\t\t\t\t\t\t\t\t\t\t\t\t\t\t\t\t\t\t\t\t\t\t\t\t\t\t\t\t\t\t\t\t\t<div class=\"background background-image\" style=\"background-image: url(https:\/\/www.tagesfamilien-aaa.ch\/wp-content\/uploads\/2023\/03\/pexels-suzy-hazelwood-1995842-scaled.jpg);max-width:100%;height:300px;filter: progid:DXImageTransform.Microsoft.AlphaImageLoader(src='https:\/\/www.tagesfamilien-aaa.ch\/wp-content\/uploads\/2023\/03\/pexels-suzy-hazelwood-1995842-scaled.jpg', sizingMethod='scale');\" data-imgwidth=\"2560\">\n\t\t\t\t\t\t\t\t\t\t\t\t\t\t\t\t\t\t\t\t\t\t\t\t\t\t\t\t\t\t\t\t\t\t\t\t\t\t\t\t\t\t\t\t\t\t\t\t\t\t\t\t\t\t\t\t\t\t\t\t\t\t\t\t\t\t<\/div>\n\t\t\t\t\t\t\t\t\t<\/li>\n\t\t\t\t\t\t\t\t\t\t\t\t\t\t\t\t\t\t\t\t\t\t\t<\/ul>\n\t\t\t\t\t\t<\/div>\n\t\t\t\t\t<\/div>\n\t\t\t\t\t\t\t\t<\/div><\/div><\/div><\/div><div class=\"fusion-fullwidth fullwidth-box fusion-builder-row-2 fusion-flex-container nonhundred-percent-fullwidth non-hundred-percent-height-scrolling\" style=\"--awb-border-radius-top-left:0px;--awb-border-radius-top-right:0px;--awb-border-radius-bottom-right:0px;--awb-border-radius-bottom-left:0px;--awb-flex-wrap:wrap;\" ><div class=\"fusion-builder-row fusion-row fusion-flex-align-items-flex-start fusion-flex-content-wrap\" style=\"max-width:1289.6px;margin-left: calc(-4% \/ 2 );margin-right: calc(-4% \/ 2 );\"><div class=\"fusion-layout-column fusion_builder_column fusion-builder-column-1 fusion_builder_column_1_2 1_2 fusion-flex-column\" style=\"--awb-bg-size:cover;--awb-width-large:50%;--awb-margin-top-large:0px;--awb-spacing-right-large:3.84%;--awb-margin-bottom-large:40px;--awb-spacing-left-large:3.84%;--awb-width-medium:100%;--awb-order-medium:0;--awb-spacing-right-medium:1.92%;--awb-spacing-left-medium:1.92%;--awb-width-small:100%;--awb-order-small:0;--awb-spacing-right-small:1.92%;--awb-spacing-left-small:1.92%;\"><div class=\"fusion-column-wrapper fusion-column-has-shadow fusion-flex-justify-content-flex-start fusion-content-layout-column\"><ul style=\"--awb-line-height:23.8px;--awb-icon-width:23.8px;--awb-icon-height:23.8px;--awb-icon-margin:9.8px;--awb-content-margin:33.6px;\" class=\"fusion-checklist fusion-checklist-1 fusion-checklist-default type-icons\"><li class=\"fusion-li-item\" style=\"\"><span class=\"icon-wrapper circle-no\"><i class=\"fusion-li-icon fa-arrow-alt-circle-right fas\" aria-hidden=\"true\"><\/i><\/span><div class=\"fusion-li-item-content\">\n<p>Dienstjubil\u00e4en<\/p>\n<\/div><\/li><li class=\"fusion-li-item\" style=\"\"><span class=\"icon-wrapper circle-no\"><i class=\"fusion-li-icon fa-arrow-alt-circle-right fas\" aria-hidden=\"true\"><\/i><\/span><div class=\"fusion-li-item-content\">\n<p>Kursangebote<\/p>\n<\/div><\/li><li class=\"fusion-li-item\" style=\"\"><span class=\"icon-wrapper circle-no\"><i class=\"fusion-li-icon fa-arrow-alt-circle-right fas\" aria-hidden=\"true\"><\/i><\/span><div class=\"fusion-li-item-content\">\n<p>Stellenangebote<\/p>\n<\/div><\/li><li class=\"fusion-li-item\" style=\"\"><span class=\"icon-wrapper circle-no\"><i class=\"fusion-li-icon fa-arrow-alt-circle-right fas\" aria-hidden=\"true\"><\/i><\/span><div class=\"fusion-li-item-content\">\n<p>Migliederversammlung<\/p>\n<\/div><\/li><\/ul><div class=\"fusion-image-element \" style=\"--awb-caption-title-font-family:var(--h2_typography-font-family);--awb-caption-title-font-weight:var(--h2_typography-font-weight);--awb-caption-title-font-style:var(--h2_typography-font-style);--awb-caption-title-size:var(--h2_typography-font-size);--awb-caption-title-transform:var(--h2_typography-text-transform);--awb-caption-title-line-height:var(--h2_typography-line-height);--awb-caption-title-letter-spacing:var(--h2_typography-letter-spacing);\"><span class=\" fusion-imageframe imageframe-none imageframe-1 hover-type-none\"><img decoding=\"async\" width=\"300\" height=\"200\" title=\"grass-fever-play-green-daisy-spring-fun-fresh-feet-flower-children-kids-picture-free\" src=\"https:\/\/www.tagesfamilien-aaa.ch\/wp-content\/uploads\/2018\/04\/grass-fever-play-green-daisy-spring-fun-fresh-feet-flower-children-kids-picture-free-e1523338845710-300x200.jpg\" alt class=\"img-responsive wp-image-1239\" srcset=\"https:\/\/www.tagesfamilien-aaa.ch\/wp-content\/uploads\/2018\/04\/grass-fever-play-green-daisy-spring-fun-fresh-feet-flower-children-kids-picture-free-e1523338845710-200x133.jpg 200w, https:\/\/www.tagesfamilien-aaa.ch\/wp-content\/uploads\/2018\/04\/grass-fever-play-green-daisy-spring-fun-fresh-feet-flower-children-kids-picture-free-e1523338845710-400x266.jpg 400w, https:\/\/www.tagesfamilien-aaa.ch\/wp-content\/uploads\/2018\/04\/grass-fever-play-green-daisy-spring-fun-fresh-feet-flower-children-kids-picture-free-e1523338845710-600x399.jpg 600w, https:\/\/www.tagesfamilien-aaa.ch\/wp-content\/uploads\/2018\/04\/grass-fever-play-green-daisy-spring-fun-fresh-feet-flower-children-kids-picture-free-e1523338845710-800x532.jpg 800w, https:\/\/www.tagesfamilien-aaa.ch\/wp-content\/uploads\/2018\/04\/grass-fever-play-green-daisy-spring-fun-fresh-feet-flower-children-kids-picture-free-e1523338845710-1200x798.jpg 1200w, https:\/\/www.tagesfamilien-aaa.ch\/wp-content\/uploads\/2018\/04\/grass-fever-play-green-daisy-spring-fun-fresh-feet-flower-children-kids-picture-free-e1523338845710.jpg 1536w\" sizes=\"(max-width: 1024px) 100vw, (max-width: 960px) 100vw, 300px\" \/><\/span><\/div><div class=\"fusion-text fusion-text-1\"><p><strong>Dienstjubil\u00e4en<\/strong><\/p>\n<p>Helena D\u00fcnner\u00a0 \u00a0 \u00a0 \u00a0 \u00a0 \u00a0 \u00a0 \u00a0 \u00a0 \u00a0 \u00a0 5 Jahre<\/p>\n<p>Rosmarie Gabriel\u00a0 \u00a0 \u00a0 \u00a0 \u00a0 \u00a0 \u00a0 \u00a0 \u00a0 5 Jahre<\/p>\n<p>Karin Petrig\u00a0 \u00a0 \u00a0 \u00a0 \u00a0 \u00a0 \u00a0 \u00a0 \u00a0 \u00a0 \u00a0 \u00a0 \u00a0 \u00a05 Jahre<\/p>\n<p>Helene Guthauser\u00a0 \u00a0 \u00a0 \u00a0 \u00a0 \u00a0 \u00a0 \u00a0 10 Jahre<\/p>\n<p>Andrea Schuhmacher\u00a0 \u00a0 \u00a0 \u00a0 \u00a0 10 Jahre<\/p>\n<p>Danke f\u00fcr Ihre Treue und Ihren Einsatz zum Wohle der Kinder.<\/p>\n<\/div><div class=\"fusion-image-element \" style=\"--awb-caption-title-font-family:var(--h2_typography-font-family);--awb-caption-title-font-weight:var(--h2_typography-font-weight);--awb-caption-title-font-style:var(--h2_typography-font-style);--awb-caption-title-size:var(--h2_typography-font-size);--awb-caption-title-transform:var(--h2_typography-text-transform);--awb-caption-title-line-height:var(--h2_typography-line-height);--awb-caption-title-letter-spacing:var(--h2_typography-letter-spacing);\"><span class=\" fusion-imageframe imageframe-none imageframe-2 hover-type-none\"><img decoding=\"async\" width=\"300\" height=\"160\" title=\"photo-1522223142907-0fbfb9c571c1\" src=\"https:\/\/www.tagesfamilien-aaa.ch\/wp-content\/uploads\/2019\/01\/photo-1522223142907-0fbfb9c571c1-e1569949928319-300x160.jpg\" alt class=\"img-responsive wp-image-2065\" srcset=\"https:\/\/www.tagesfamilien-aaa.ch\/wp-content\/uploads\/2019\/01\/photo-1522223142907-0fbfb9c571c1-e1569949928319-200x106.jpg 200w, https:\/\/www.tagesfamilien-aaa.ch\/wp-content\/uploads\/2019\/01\/photo-1522223142907-0fbfb9c571c1-e1569949928319-400x213.jpg 400w, https:\/\/www.tagesfamilien-aaa.ch\/wp-content\/uploads\/2019\/01\/photo-1522223142907-0fbfb9c571c1-e1569949928319.jpg 500w\" sizes=\"(max-width: 1024px) 100vw, (max-width: 960px) 100vw, 300px\" \/><\/span><\/div><div class=\"fusion-text fusion-text-2\"><p><strong>Kursangebote<\/strong><\/p>\n<p>Aufgrund der aktuellen Corona-Lage gehen wir zum heutigen Zeitpunkt davon aus, dass wir unser Angebot ab September 2021 wieder anbieten k\u00f6nnen.<\/p>\n<p>F\u00fcr Fragen steht Ihnen <a href=\"mailto:rolf.hofer@tagesfamilien-aaa.ch\">Rolf Hofer<\/a> jederzeit zur Verf\u00fcgung.<\/p>\n<\/div><div class=\"fusion-image-element \" style=\"--awb-caption-title-font-family:var(--h2_typography-font-family);--awb-caption-title-font-weight:var(--h2_typography-font-weight);--awb-caption-title-font-style:var(--h2_typography-font-style);--awb-caption-title-size:var(--h2_typography-font-size);--awb-caption-title-transform:var(--h2_typography-text-transform);--awb-caption-title-line-height:var(--h2_typography-line-height);--awb-caption-title-letter-spacing:var(--h2_typography-letter-spacing);\"><span class=\" fusion-imageframe imageframe-none imageframe-3 hover-type-none\"><img decoding=\"async\" width=\"275\" height=\"183\" title=\"suchenfinden\" src=\"https:\/\/www.tagesfamilien-aaa.ch\/wp-content\/uploads\/2018\/04\/suchenfinden.jpg\" alt class=\"img-responsive wp-image-1262\" srcset=\"https:\/\/www.tagesfamilien-aaa.ch\/wp-content\/uploads\/2018\/04\/suchenfinden-200x133.jpg 200w, https:\/\/www.tagesfamilien-aaa.ch\/wp-content\/uploads\/2018\/04\/suchenfinden.jpg 275w\" sizes=\"(max-width: 1024px) 100vw, (max-width: 960px) 100vw, 275px\" \/><\/span><\/div><div class=\"fusion-text fusion-text-3\"><p><strong>Stellenangebote<\/strong><\/p>\n<p>Tagesfamilien Bezirk Affoltern ist eine non-profit Organisation und seit der Gr\u00fcndung 1996 kontinuierlich gewachsen. Inzwischen sind wir zu einem bedeutenden Angebot der familienerg\u00e4nzenden Kinderbetreuung im Knonaueramt geworden. Wir suchen per sofort oder nach Vereinbarung versierte<\/p>\n<p><strong>Betreuungspersonen in den Knonauer Gemeinden<\/strong><\/p>\n<p>Bonstetten und Wettswil am Albis<\/p>\n<p>Sie sind flexibel, \u00fcbernehmen gerne Verantwortung, m\u00f6gen Herausforderungen und bringen kompetent Ihr p\u00e4dagogisches Fachwissen in den Alltag der Kinder ein. Gleichzeitig legen Sie viel Wert darauf, unsere Dienstleistungen konsequent auf die Bed\u00fcrfnisse der Kinder auszurichten und pr\u00e4gen damit unsere Institution nachhaltig mit.<\/p>\n<p><strong>Ihre Kernaufgaben<\/strong><\/p>\n<p>\u00b7\u00a0\u00a0\u00a0\u00a0\u00a0 Sie betreuen eines oder mehrere Kinder bei sich zu Hause und integrieren es in Ihren Familienalltag nach vereinbarten Zeiten<\/p>\n<p>\u00b7\u00a0\u00a0\u00a0\u00a0\u00a0 Sie betreuen die Kinder jeweils altersgerecht in ihrer zur Verf\u00fcgung gestellten kinderfreundlichen Atmosph\u00e4re<\/p>\n<p>\u00b7\u00a0\u00a0\u00a0\u00a0\u00a0 Je nach Alter der Kinder (Babys ab 3 Monaten bis Primarschulkinder) \u00e4ndern sich<br \/>\ndie Betreuungsaufgaben und Schwerpunkte.<\/p>\n<p>\u00b7\u00a0\u00a0\u00a0\u00a0\u00a0 Sie pflegen den regelm\u00e4ssigen Austausch mit den Eltern und mit der zust\u00e4ndigen Vermittlerin.<\/p>\n<p><strong>Unser Angebot<\/strong><\/p>\n<p>\u00b7\u00a0\u00a0\u00a0\u00a0\u00a0 Eine bereichernde und herausfordernde T\u00e4tigkeit in Ihrem eigenen Zuhause<\/p>\n<p>\u00b7\u00a0\u00a0\u00a0\u00a0\u00a0 Ein motivierendes Arbeitsklima sowie attraktive Anstellungsbedingungen (einheitlich geregelte Entsch\u00e4digung, vertraglich festgelegte<br \/>\nArbeitszeiten)<\/p>\n<p>\u00b7\u00a0\u00a0\u00a0\u00a0\u00a0 Interne und externe Weiterbildungen, sowie fachliche Unterst\u00fctzung<\/p>\n<p>Sind Sie interessiert? Dann senden Sie bitte Ihr vollst\u00e4ndiges Bewerbungsdossier per E-Mail an\u00a0<a href=\"mailto:vermittlung@tagesfamilien-aaa.ch\">vermittlung@tagesfamilien-aaa.ch<\/a><\/p>\n<p>Das Bewerbungsformular sowie weitere Infos finden Sie auf unserer Homepage <a href=\"https:\/\/www.tagesfamilien-aaa.ch\/index.php\/angebot\/tagesfamilie\/\">https:\/\/www.tagesfamilien-aaa.ch\/index.php\/angebot\/tagesfamilie\/<\/a><\/p>\n<p>Ihre Fragen beantwortet Ihnen gerne Frau Sheila Kayar, Vermittlung, unter der Telefonnummer +41 77 510 01 27.<\/p>\n<p>Wir freuen uns auf Sie!<\/p>\n<\/div><div class=\"fusion-image-element \" style=\"--awb-caption-title-font-family:var(--h2_typography-font-family);--awb-caption-title-font-weight:var(--h2_typography-font-weight);--awb-caption-title-font-style:var(--h2_typography-font-style);--awb-caption-title-size:var(--h2_typography-font-size);--awb-caption-title-transform:var(--h2_typography-text-transform);--awb-caption-title-line-height:var(--h2_typography-line-height);--awb-caption-title-letter-spacing:var(--h2_typography-letter-spacing);\"><span class=\" fusion-imageframe imageframe-none imageframe-4 hover-type-none\"><img decoding=\"async\" width=\"300\" height=\"108\" title=\"Mitgliedschaft_Header\" src=\"https:\/\/www.tagesfamilien-aaa.ch\/wp-content\/uploads\/2018\/04\/Mitgliedschaft_Header-300x108.jpg\" alt class=\"img-responsive wp-image-1243\" srcset=\"https:\/\/www.tagesfamilien-aaa.ch\/wp-content\/uploads\/2018\/04\/Mitgliedschaft_Header-200x72.jpg 200w, https:\/\/www.tagesfamilien-aaa.ch\/wp-content\/uploads\/2018\/04\/Mitgliedschaft_Header-400x145.jpg 400w, https:\/\/www.tagesfamilien-aaa.ch\/wp-content\/uploads\/2018\/04\/Mitgliedschaft_Header.jpg 501w\" sizes=\"(max-width: 1024px) 100vw, (max-width: 960px) 100vw, 300px\" \/><\/span><\/div><div class=\"fusion-text fusion-text-4\"><p><strong>Mitgliederversammlung 2021<\/strong><\/p>\n<p>Liebe Vereinsmitglieder<\/p>\n<p>Die Frist f\u00fcr die Einberufung einer schriftlichen oder elektronischen Versammlung\u00a0auf Basis der Verordnung 3\u00a0des Bundesrates \u00fcber Massnahmen zur Bek\u00e4mpfung des Coronavirus (COVID-19) wurde bis zum 31.12.2021 verl\u00e4ngert.\u00a0Versammlungen k\u00f6nnen daher bis Ende Jahr weiterhin auf schriftlichem Weg oder in elektronischer Form durchgef\u00fchrt werden.<\/p>\n<p>Die Vereinsversammlung wird gem\u00e4ss Art. 64 ZGB vom Vorstand einberufen. Damit hat der Vorstand die Pflicht und das Recht zu entscheiden.<\/p>\n<p>Tagesfamilien Bezirk Affoltern hat sich dazu entschieden, die diesj\u00e4hrige Mitgliederversammlung in schriftlicher Form abzuhalten, da wir davon ausgehen, das bei der schriftlichen Abstimmung die \u201eSchwelle\u201c f\u00fcr die Teilnahme niedriger ist und erfahrungsgem\u00e4ss mehr Mitglieder teilnehmen als an einer physischen Versammlung.<\/p>\n<p>Sie werden im Verlauf alle Antragsunterlagen wie beispielsweise den Jahresbericht, die Abschlussrechnung, das neue Budget, Informationen zu Personen, die sich zur Wahl stellen und Informationen zu Antr\u00e4gen usw. separat und in geeigneter Frist von uns per Mail erhalten.<\/p>\n<p>Bei Fragen im Vorfeld stehen Ihnen der Pr\u00e4sident oder jedes Vorstandsmitglied gerne zur Verf\u00fcgung.<\/p>\n<\/div><\/div><\/div><div class=\"fusion-layout-column fusion_builder_column fusion-builder-column-2 fusion_builder_column_1_2 1_2 fusion-flex-column\" style=\"--awb-bg-size:cover;--awb-width-large:50%;--awb-margin-top-large:0px;--awb-spacing-right-large:3.84%;--awb-margin-bottom-large:40px;--awb-spacing-left-large:3.84%;--awb-width-medium:100%;--awb-order-medium:0;--awb-spacing-right-medium:1.92%;--awb-spacing-left-medium:1.92%;--awb-width-small:100%;--awb-order-small:0;--awb-spacing-right-small:1.92%;--awb-spacing-left-small:1.92%;\"><div class=\"fusion-column-wrapper fusion-column-has-shadow fusion-flex-justify-content-flex-start fusion-content-layout-column\"><\/div><\/div><\/div><\/div><\/p>\n","protected":false},"excerpt":{"rendered":"","protected":false},"author":10,"featured_media":1246,"comment_status":"open","ping_status":"closed","sticky":false,"template":"","format":"standard","meta":{"footnotes":""},"categories":[46],"tags":[],"class_list":["post-3132","post","type-post","status-publish","format-standard","has-post-thumbnail","hentry","category-newsletter"],"yoast_head":"<!-- This site is optimized with the Yoast SEO plugin v27.1.1 - https:\/\/yoast.com\/product\/yoast-seo-wordpress\/ -->\n<title>Newsletter 2021 - Tagesfamilien Bezirk Affoltern<\/title>\n<meta name=\"description\" content=\"Tagesmutter, Familie, Betreuung, Kinder, Krippe, famiilienerg\u00e4nzend,\" \/>\n<meta name=\"robots\" content=\"index, follow, max-snippet:-1, max-image-preview:large, max-video-preview:-1\" \/>\n<link rel=\"canonical\" href=\"https:\/\/www.tagesfamilien-aaa.ch\/index.php\/2021\/04\/26\/newsletter-fruehjahr-2021\/\" \/>\n<meta property=\"og:locale\" content=\"de_DE\" \/>\n<meta property=\"og:type\" content=\"article\" \/>\n<meta property=\"og:title\" content=\"Newsletter 2021 - Tagesfamilien Bezirk Affoltern\" \/>\n<meta property=\"og:description\" content=\"Tagesmutter, Familie, Betreuung, Kinder, Krippe, famiilienerg\u00e4nzend,\" \/>\n<meta property=\"og:url\" content=\"https:\/\/www.tagesfamilien-aaa.ch\/index.php\/2021\/04\/26\/newsletter-fruehjahr-2021\/\" \/>\n<meta property=\"og:site_name\" content=\"Tagesfamilien Bezirk Affoltern\" \/>\n<meta property=\"article:publisher\" content=\"https:\/\/www.facebook.com\/100000805876953\/posts\/2095824770454365?sfns=mo\" \/>\n<meta property=\"article:published_time\" content=\"2021-04-26T18:45:12+00:00\" \/>\n<meta property=\"article:modified_time\" content=\"2023-09-28T14:51:16+00:00\" \/>\n<meta property=\"og:image\" content=\"https:\/\/www.tagesfamilien-aaa.ch\/wp-content\/uploads\/2018\/04\/6cp5qKxqi-1.jpg\" \/>\n\t<meta property=\"og:image:width\" content=\"755\" \/>\n\t<meta property=\"og:image:height\" content=\"256\" \/>\n\t<meta property=\"og:image:type\" content=\"image\/jpeg\" \/>\n<meta name=\"author\" content=\"nl\" \/>\n<meta name=\"twitter:card\" content=\"summary_large_image\" \/>\n<meta name=\"twitter:label1\" content=\"Verfasst von\" \/>\n\t<meta name=\"twitter:data1\" content=\"nl\" \/>\n\t<meta name=\"twitter:label2\" content=\"Gesch\u00e4tzte Lesezeit\" \/>\n\t<meta name=\"twitter:data2\" content=\"8\u00a0Minuten\" \/>\n<script type=\"application\/ld+json\" class=\"yoast-schema-graph\">{\"@context\":\"https:\/\/schema.org\",\"@graph\":[{\"@type\":\"Article\",\"@id\":\"https:\/\/www.tagesfamilien-aaa.ch\/index.php\/2021\/04\/26\/newsletter-fruehjahr-2021\/#article\",\"isPartOf\":{\"@id\":\"https:\/\/www.tagesfamilien-aaa.ch\/index.php\/2021\/04\/26\/newsletter-fruehjahr-2021\/\"},\"author\":{\"name\":\"nl\",\"@id\":\"https:\/\/www.tagesfamilien-aaa.ch\/#\/schema\/person\/eb17ff5e5d66d5f90c6b777c0053583c\"},\"headline\":\"Newsletter 2021\",\"datePublished\":\"2021-04-26T18:45:12+00:00\",\"dateModified\":\"2023-09-28T14:51:16+00:00\",\"mainEntityOfPage\":{\"@id\":\"https:\/\/www.tagesfamilien-aaa.ch\/index.php\/2021\/04\/26\/newsletter-fruehjahr-2021\/\"},\"wordCount\":2630,\"commentCount\":0,\"publisher\":{\"@id\":\"https:\/\/www.tagesfamilien-aaa.ch\/#organization\"},\"image\":{\"@id\":\"https:\/\/www.tagesfamilien-aaa.ch\/index.php\/2021\/04\/26\/newsletter-fruehjahr-2021\/#primaryimage\"},\"thumbnailUrl\":\"https:\/\/www.tagesfamilien-aaa.ch\/wp-content\/uploads\/2018\/04\/6cp5qKxqi-1.jpg\",\"articleSection\":[\"Newsletter\"],\"inLanguage\":\"de\",\"potentialAction\":[{\"@type\":\"CommentAction\",\"name\":\"Comment\",\"target\":[\"https:\/\/www.tagesfamilien-aaa.ch\/index.php\/2021\/04\/26\/newsletter-fruehjahr-2021\/#respond\"]}]},{\"@type\":\"WebPage\",\"@id\":\"https:\/\/www.tagesfamilien-aaa.ch\/index.php\/2021\/04\/26\/newsletter-fruehjahr-2021\/\",\"url\":\"https:\/\/www.tagesfamilien-aaa.ch\/index.php\/2021\/04\/26\/newsletter-fruehjahr-2021\/\",\"name\":\"Newsletter 2021 - Tagesfamilien Bezirk Affoltern\",\"isPartOf\":{\"@id\":\"https:\/\/www.tagesfamilien-aaa.ch\/#website\"},\"primaryImageOfPage\":{\"@id\":\"https:\/\/www.tagesfamilien-aaa.ch\/index.php\/2021\/04\/26\/newsletter-fruehjahr-2021\/#primaryimage\"},\"image\":{\"@id\":\"https:\/\/www.tagesfamilien-aaa.ch\/index.php\/2021\/04\/26\/newsletter-fruehjahr-2021\/#primaryimage\"},\"thumbnailUrl\":\"https:\/\/www.tagesfamilien-aaa.ch\/wp-content\/uploads\/2018\/04\/6cp5qKxqi-1.jpg\",\"datePublished\":\"2021-04-26T18:45:12+00:00\",\"dateModified\":\"2023-09-28T14:51:16+00:00\",\"description\":\"Tagesmutter, Familie, Betreuung, Kinder, Krippe, famiilienerg\u00e4nzend,\",\"breadcrumb\":{\"@id\":\"https:\/\/www.tagesfamilien-aaa.ch\/index.php\/2021\/04\/26\/newsletter-fruehjahr-2021\/#breadcrumb\"},\"inLanguage\":\"de\",\"potentialAction\":[{\"@type\":\"ReadAction\",\"target\":[\"https:\/\/www.tagesfamilien-aaa.ch\/index.php\/2021\/04\/26\/newsletter-fruehjahr-2021\/\"]}]},{\"@type\":\"ImageObject\",\"inLanguage\":\"de\",\"@id\":\"https:\/\/www.tagesfamilien-aaa.ch\/index.php\/2021\/04\/26\/newsletter-fruehjahr-2021\/#primaryimage\",\"url\":\"https:\/\/www.tagesfamilien-aaa.ch\/wp-content\/uploads\/2018\/04\/6cp5qKxqi-1.jpg\",\"contentUrl\":\"https:\/\/www.tagesfamilien-aaa.ch\/wp-content\/uploads\/2018\/04\/6cp5qKxqi-1.jpg\",\"width\":755,\"height\":256},{\"@type\":\"BreadcrumbList\",\"@id\":\"https:\/\/www.tagesfamilien-aaa.ch\/index.php\/2021\/04\/26\/newsletter-fruehjahr-2021\/#breadcrumb\",\"itemListElement\":[{\"@type\":\"ListItem\",\"position\":1,\"name\":\"Startseite\",\"item\":\"https:\/\/www.tagesfamilien-aaa.ch\/\"},{\"@type\":\"ListItem\",\"position\":2,\"name\":\"Newsletter 2021\"}]},{\"@type\":\"WebSite\",\"@id\":\"https:\/\/www.tagesfamilien-aaa.ch\/#website\",\"url\":\"https:\/\/www.tagesfamilien-aaa.ch\/\",\"name\":\"Tagesfamilien Bezirk Affoltern\",\"description\":\"\",\"publisher\":{\"@id\":\"https:\/\/www.tagesfamilien-aaa.ch\/#organization\"},\"potentialAction\":[{\"@type\":\"SearchAction\",\"target\":{\"@type\":\"EntryPoint\",\"urlTemplate\":\"https:\/\/www.tagesfamilien-aaa.ch\/?s={search_term_string}\"},\"query-input\":{\"@type\":\"PropertyValueSpecification\",\"valueRequired\":true,\"valueName\":\"search_term_string\"}}],\"inLanguage\":\"de\"},{\"@type\":\"Organization\",\"@id\":\"https:\/\/www.tagesfamilien-aaa.ch\/#organization\",\"name\":\"Tagesfamilien Bezirk Affoltern\",\"url\":\"https:\/\/www.tagesfamilien-aaa.ch\/\",\"logo\":{\"@type\":\"ImageObject\",\"inLanguage\":\"de\",\"@id\":\"https:\/\/www.tagesfamilien-aaa.ch\/#\/schema\/logo\/image\/\",\"url\":\"https:\/\/www.tagesfamilien-aaa.ch\/wp-content\/uploads\/2019\/01\/TFBA_Logo.jpg\",\"contentUrl\":\"https:\/\/www.tagesfamilien-aaa.ch\/wp-content\/uploads\/2019\/01\/TFBA_Logo.jpg\",\"width\":630,\"height\":270,\"caption\":\"Tagesfamilien Bezirk Affoltern\"},\"image\":{\"@id\":\"https:\/\/www.tagesfamilien-aaa.ch\/#\/schema\/logo\/image\/\"},\"sameAs\":[\"https:\/\/www.facebook.com\/100000805876953\/posts\/2095824770454365?sfns=mo\"]},{\"@type\":\"Person\",\"@id\":\"https:\/\/www.tagesfamilien-aaa.ch\/#\/schema\/person\/eb17ff5e5d66d5f90c6b777c0053583c\",\"name\":\"nl\",\"image\":{\"@type\":\"ImageObject\",\"inLanguage\":\"de\",\"@id\":\"https:\/\/www.tagesfamilien-aaa.ch\/#\/schema\/person\/image\/\",\"url\":\"\/\/www.gravatar.com\/avatar\/083176a869c9794b75fbbbff35a50a87?s=96&#038;r=g&#038;d=mm\",\"contentUrl\":\"\/\/www.gravatar.com\/avatar\/083176a869c9794b75fbbbff35a50a87?s=96&#038;r=g&#038;d=mm\",\"caption\":\"nl\"}}]}<\/script>\n<!-- \/ Yoast SEO plugin. -->","yoast_head_json":{"title":"Newsletter 2021 - Tagesfamilien Bezirk Affoltern","description":"Tagesmutter, Familie, Betreuung, Kinder, Krippe, famiilienerg\u00e4nzend,","robots":{"index":"index","follow":"follow","max-snippet":"max-snippet:-1","max-image-preview":"max-image-preview:large","max-video-preview":"max-video-preview:-1"},"canonical":"https:\/\/www.tagesfamilien-aaa.ch\/index.php\/2021\/04\/26\/newsletter-fruehjahr-2021\/","og_locale":"de_DE","og_type":"article","og_title":"Newsletter 2021 - Tagesfamilien Bezirk Affoltern","og_description":"Tagesmutter, Familie, Betreuung, Kinder, Krippe, famiilienerg\u00e4nzend,","og_url":"https:\/\/www.tagesfamilien-aaa.ch\/index.php\/2021\/04\/26\/newsletter-fruehjahr-2021\/","og_site_name":"Tagesfamilien Bezirk Affoltern","article_publisher":"https:\/\/www.facebook.com\/100000805876953\/posts\/2095824770454365?sfns=mo","article_published_time":"2021-04-26T18:45:12+00:00","article_modified_time":"2023-09-28T14:51:16+00:00","og_image":[{"width":755,"height":256,"url":"https:\/\/www.tagesfamilien-aaa.ch\/wp-content\/uploads\/2018\/04\/6cp5qKxqi-1.jpg","type":"image\/jpeg"}],"author":"nl","twitter_card":"summary_large_image","twitter_misc":{"Verfasst von":"nl","Gesch\u00e4tzte Lesezeit":"8\u00a0Minuten"},"schema":{"@context":"https:\/\/schema.org","@graph":[{"@type":"Article","@id":"https:\/\/www.tagesfamilien-aaa.ch\/index.php\/2021\/04\/26\/newsletter-fruehjahr-2021\/#article","isPartOf":{"@id":"https:\/\/www.tagesfamilien-aaa.ch\/index.php\/2021\/04\/26\/newsletter-fruehjahr-2021\/"},"author":{"name":"nl","@id":"https:\/\/www.tagesfamilien-aaa.ch\/#\/schema\/person\/eb17ff5e5d66d5f90c6b777c0053583c"},"headline":"Newsletter 2021","datePublished":"2021-04-26T18:45:12+00:00","dateModified":"2023-09-28T14:51:16+00:00","mainEntityOfPage":{"@id":"https:\/\/www.tagesfamilien-aaa.ch\/index.php\/2021\/04\/26\/newsletter-fruehjahr-2021\/"},"wordCount":2630,"commentCount":0,"publisher":{"@id":"https:\/\/www.tagesfamilien-aaa.ch\/#organization"},"image":{"@id":"https:\/\/www.tagesfamilien-aaa.ch\/index.php\/2021\/04\/26\/newsletter-fruehjahr-2021\/#primaryimage"},"thumbnailUrl":"https:\/\/www.tagesfamilien-aaa.ch\/wp-content\/uploads\/2018\/04\/6cp5qKxqi-1.jpg","articleSection":["Newsletter"],"inLanguage":"de","potentialAction":[{"@type":"CommentAction","name":"Comment","target":["https:\/\/www.tagesfamilien-aaa.ch\/index.php\/2021\/04\/26\/newsletter-fruehjahr-2021\/#respond"]}]},{"@type":"WebPage","@id":"https:\/\/www.tagesfamilien-aaa.ch\/index.php\/2021\/04\/26\/newsletter-fruehjahr-2021\/","url":"https:\/\/www.tagesfamilien-aaa.ch\/index.php\/2021\/04\/26\/newsletter-fruehjahr-2021\/","name":"Newsletter 2021 - Tagesfamilien Bezirk Affoltern","isPartOf":{"@id":"https:\/\/www.tagesfamilien-aaa.ch\/#website"},"primaryImageOfPage":{"@id":"https:\/\/www.tagesfamilien-aaa.ch\/index.php\/2021\/04\/26\/newsletter-fruehjahr-2021\/#primaryimage"},"image":{"@id":"https:\/\/www.tagesfamilien-aaa.ch\/index.php\/2021\/04\/26\/newsletter-fruehjahr-2021\/#primaryimage"},"thumbnailUrl":"https:\/\/www.tagesfamilien-aaa.ch\/wp-content\/uploads\/2018\/04\/6cp5qKxqi-1.jpg","datePublished":"2021-04-26T18:45:12+00:00","dateModified":"2023-09-28T14:51:16+00:00","description":"Tagesmutter, Familie, Betreuung, Kinder, Krippe, famiilienerg\u00e4nzend,","breadcrumb":{"@id":"https:\/\/www.tagesfamilien-aaa.ch\/index.php\/2021\/04\/26\/newsletter-fruehjahr-2021\/#breadcrumb"},"inLanguage":"de","potentialAction":[{"@type":"ReadAction","target":["https:\/\/www.tagesfamilien-aaa.ch\/index.php\/2021\/04\/26\/newsletter-fruehjahr-2021\/"]}]},{"@type":"ImageObject","inLanguage":"de","@id":"https:\/\/www.tagesfamilien-aaa.ch\/index.php\/2021\/04\/26\/newsletter-fruehjahr-2021\/#primaryimage","url":"https:\/\/www.tagesfamilien-aaa.ch\/wp-content\/uploads\/2018\/04\/6cp5qKxqi-1.jpg","contentUrl":"https:\/\/www.tagesfamilien-aaa.ch\/wp-content\/uploads\/2018\/04\/6cp5qKxqi-1.jpg","width":755,"height":256},{"@type":"BreadcrumbList","@id":"https:\/\/www.tagesfamilien-aaa.ch\/index.php\/2021\/04\/26\/newsletter-fruehjahr-2021\/#breadcrumb","itemListElement":[{"@type":"ListItem","position":1,"name":"Startseite","item":"https:\/\/www.tagesfamilien-aaa.ch\/"},{"@type":"ListItem","position":2,"name":"Newsletter 2021"}]},{"@type":"WebSite","@id":"https:\/\/www.tagesfamilien-aaa.ch\/#website","url":"https:\/\/www.tagesfamilien-aaa.ch\/","name":"Tagesfamilien Bezirk Affoltern","description":"","publisher":{"@id":"https:\/\/www.tagesfamilien-aaa.ch\/#organization"},"potentialAction":[{"@type":"SearchAction","target":{"@type":"EntryPoint","urlTemplate":"https:\/\/www.tagesfamilien-aaa.ch\/?s={search_term_string}"},"query-input":{"@type":"PropertyValueSpecification","valueRequired":true,"valueName":"search_term_string"}}],"inLanguage":"de"},{"@type":"Organization","@id":"https:\/\/www.tagesfamilien-aaa.ch\/#organization","name":"Tagesfamilien Bezirk Affoltern","url":"https:\/\/www.tagesfamilien-aaa.ch\/","logo":{"@type":"ImageObject","inLanguage":"de","@id":"https:\/\/www.tagesfamilien-aaa.ch\/#\/schema\/logo\/image\/","url":"https:\/\/www.tagesfamilien-aaa.ch\/wp-content\/uploads\/2019\/01\/TFBA_Logo.jpg","contentUrl":"https:\/\/www.tagesfamilien-aaa.ch\/wp-content\/uploads\/2019\/01\/TFBA_Logo.jpg","width":630,"height":270,"caption":"Tagesfamilien Bezirk Affoltern"},"image":{"@id":"https:\/\/www.tagesfamilien-aaa.ch\/#\/schema\/logo\/image\/"},"sameAs":["https:\/\/www.facebook.com\/100000805876953\/posts\/2095824770454365?sfns=mo"]},{"@type":"Person","@id":"https:\/\/www.tagesfamilien-aaa.ch\/#\/schema\/person\/eb17ff5e5d66d5f90c6b777c0053583c","name":"nl","image":{"@type":"ImageObject","inLanguage":"de","@id":"https:\/\/www.tagesfamilien-aaa.ch\/#\/schema\/person\/image\/","url":"\/\/www.gravatar.com\/avatar\/083176a869c9794b75fbbbff35a50a87?s=96&#038;r=g&#038;d=mm","contentUrl":"\/\/www.gravatar.com\/avatar\/083176a869c9794b75fbbbff35a50a87?s=96&#038;r=g&#038;d=mm","caption":"nl"}}]}},"_links":{"self":[{"href":"https:\/\/www.tagesfamilien-aaa.ch\/index.php\/wp-json\/wp\/v2\/posts\/3132","targetHints":{"allow":["GET"]}}],"collection":[{"href":"https:\/\/www.tagesfamilien-aaa.ch\/index.php\/wp-json\/wp\/v2\/posts"}],"about":[{"href":"https:\/\/www.tagesfamilien-aaa.ch\/index.php\/wp-json\/wp\/v2\/types\/post"}],"author":[{"embeddable":true,"href":"https:\/\/www.tagesfamilien-aaa.ch\/index.php\/wp-json\/wp\/v2\/users\/10"}],"replies":[{"embeddable":true,"href":"https:\/\/www.tagesfamilien-aaa.ch\/index.php\/wp-json\/wp\/v2\/comments?post=3132"}],"version-history":[{"count":19,"href":"https:\/\/www.tagesfamilien-aaa.ch\/index.php\/wp-json\/wp\/v2\/posts\/3132\/revisions"}],"predecessor-version":[{"id":3350,"href":"https:\/\/www.tagesfamilien-aaa.ch\/index.php\/wp-json\/wp\/v2\/posts\/3132\/revisions\/3350"}],"wp:featuredmedia":[{"embeddable":true,"href":"https:\/\/www.tagesfamilien-aaa.ch\/index.php\/wp-json\/wp\/v2\/media\/1246"}],"wp:attachment":[{"href":"https:\/\/www.tagesfamilien-aaa.ch\/index.php\/wp-json\/wp\/v2\/media?parent=3132"}],"wp:term":[{"taxonomy":"category","embeddable":true,"href":"https:\/\/www.tagesfamilien-aaa.ch\/index.php\/wp-json\/wp\/v2\/categories?post=3132"},{"taxonomy":"post_tag","embeddable":true,"href":"https:\/\/www.tagesfamilien-aaa.ch\/index.php\/wp-json\/wp\/v2\/tags?post=3132"}],"curies":[{"name":"wp","href":"https:\/\/api.w.org\/{rel}","templated":true}]}}