{"id":4206,"date":"2023-03-30T07:02:49","date_gmt":"2023-03-30T07:02:49","guid":{"rendered":"https:\/\/www.tagesfamilien-aaa.ch\/?p=4206"},"modified":"2023-09-28T16:50:01","modified_gmt":"2023-09-28T14:50:01","slug":"stelleninserat_vermittlerinnen","status":"publish","type":"post","link":"https:\/\/www.tagesfamilien-aaa.ch\/index.php\/2023\/03\/30\/stelleninserat_vermittlerinnen\/","title":{"rendered":"Stelleninserat_Vermittlerinnen"},"content":{"rendered":"<p><div class=\"fusion-fullwidth fullwidth-box fusion-builder-row-1 fusion-flex-container has-pattern-background has-mask-background nonhundred-percent-fullwidth non-hundred-percent-height-scrolling\" style=\"--awb-border-radius-top-left:0px;--awb-border-radius-top-right:0px;--awb-border-radius-bottom-right:0px;--awb-border-radius-bottom-left:0px;--awb-flex-wrap:wrap;\" ><div class=\"fusion-builder-row fusion-row fusion-flex-align-items-flex-start fusion-flex-content-wrap\" style=\"max-width:1289.6px;margin-left: calc(-4% \/ 2 );margin-right: calc(-4% \/ 2 );\"><div class=\"fusion-layout-column fusion_builder_column fusion-builder-column-0 fusion_builder_column_1_1 1_1 fusion-flex-column\" style=\"--awb-bg-size:cover;--awb-width-large:100%;--awb-margin-top-large:0px;--awb-spacing-right-large:1.92%;--awb-margin-bottom-large:40px;--awb-spacing-left-large:1.92%;--awb-width-medium:100%;--awb-order-medium:0;--awb-spacing-right-medium:1.92%;--awb-spacing-left-medium:1.92%;--awb-width-small:100%;--awb-order-small:0;--awb-spacing-right-small:1.92%;--awb-spacing-left-small:1.92%;\"><div class=\"fusion-column-wrapper fusion-column-has-shadow fusion-flex-justify-content-flex-start fusion-content-layout-column\">\t\t\t\t\t<div class=\"fusion-slider-container fusion-slider-sc-tfba_stelleninserat fusion-slider-98 full-width-slider\" style=\"height:300px; max-width:100%;\" data-id=\"98\" data-full_height=\"\">\n\t\t\t\t\t\t<style type=\"text\/css\">.fusion-slider-98 .flex-direction-nav a {width:63px;height:63px;line-height:63px;font-size:25px;}<\/style>\t\t\t\t\t\t<div class=\"fusion-slider-loading\">Laden...<\/div>\n\t\t\t\t\t\t<div class=\"tfs-slider flexslider main-flex full-width-slider\" data-slider_width=\"100%\" data-slider_height=\"300px\" data-full_screen=\"0\" data-parallax=\"0\" data-nav_arrows=\"0\" data-nav_box_width=\"63px\" data-nav_box_height=\"63px\" data-nav_arrow_size=\"25px\" data-autoplay=\"1\" data-loop=\"1\" data-orderby=\"modified\" data-order=\"DESC\" data-animation=\"slide\" data-slideshow_speed=\"4000\" data-animation_speed=\"1000\" data-typo_sensitivity=\"1\" data-typo_factor=\"1.5\" style=\"max-width:100%;\">\n\t\t\t\t\t\t\t<ul class=\"slides\">\n\t\t\t\t\t\t\t\t\t\t\t\t\t\t\t\t\t<li data-mute=\"yes\" data-loop=\"yes\" data-autoplay=\"yes\">\n\t\t\t\t\t\t\t\t\t\t<div class=\"slide-content-container slide-content-center\" style=\"display: none;\">\n\t\t\t\t\t\t\t\t\t\t\t<div class=\"slide-content\" style=\"\">\n\t\t\t\t\t\t\t\t\t\t\t\t\t\t\t\t\t\t\t\t\t\t\t\t\t<div class=\"heading \">\n\t\t\t\t\t\t\t\t\t\t\t\t\t\t<div class=\"fusion-title-sc-wrapper\" style=\"\">\n\t\t\t\t\t\t\t\t\t\t\t\t\t\t\t<div class=\"fusion-title title fusion-title-1 fusion-sep-none fusion-title-center fusion-title-text fusion-title-size-three\" style=\"--awb-text-color:#ffffff;--awb-sep-color:#ffffff;--awb-font-size:60px;\"><h3 class=\"fusion-title-heading title-heading-center fusion-responsive-typography-calculated\" style=\"margin:0;font-size:1em;--fontSize:60;line-height:1.33;\">Offene Stelle<\/h3><\/div>\t\t\t\t\t\t\t\t\t\t\t\t\t\t<\/div>\n\t\t\t\t\t\t\t\t\t\t\t\t\t<\/div>\n\t\t\t\t\t\t\t\t\t\t\t\t\t\t\t\t\t\t\t\t\t\t\t\t\t\t\t\t\t\t\t\t\t\t\t\t\t\t\t\t\t\t\t\t\t\t\t<\/div>\n\t\t\t\t\t\t\t\t\t\t<\/div>\n\t\t\t\t\t\t\t\t\t\t\t\t\t\t\t\t\t\t\t\t\t\t\t\t\t\t\t\t\t\t\t\t\t\t\t\t\t\t\t\t<div class=\"background \" style=\"max-width:100%;height:300px;filter: progid:DXImageTransform.Microsoft.AlphaImageLoader(src='', sizingMethod='scale');\" data-imgwidth=\"\">\n\t\t\t\t\t\t\t\t\t\t\t\t\t\t\t\t\t\t\t\t\t\t\t\t\t\t\t\t\t\t\t\t\t\t\t\t\t\t\t\t\t\t\t\t\t\t\t\t\t\t\t\t\t\t\t\t\t\t\t\t\t\t\t\t\t\t<\/div>\n\t\t\t\t\t\t\t\t\t<\/li>\n\t\t\t\t\t\t\t\t\t\t\t\t\t\t\t\t\t\t\t\t\t\t\t<\/ul>\n\t\t\t\t\t\t<\/div>\n\t\t\t\t\t<\/div>\n\t\t\t\t\t\t\t\t<\/div><\/div><\/div><\/div><div class=\"fusion-fullwidth fullwidth-box fusion-builder-row-2 fusion-flex-container has-pattern-background has-mask-background nonhundred-percent-fullwidth non-hundred-percent-height-scrolling\" style=\"--awb-border-radius-top-left:0px;--awb-border-radius-top-right:0px;--awb-border-radius-bottom-right:0px;--awb-border-radius-bottom-left:0px;--awb-flex-wrap:wrap;\" ><div class=\"fusion-builder-row fusion-row fusion-flex-align-items-flex-start fusion-flex-content-wrap\" style=\"max-width:1289.6px;margin-left: calc(-4% \/ 2 );margin-right: calc(-4% \/ 2 );\"><div class=\"fusion-layout-column fusion_builder_column fusion-builder-column-1 fusion_builder_column_1_1 1_1 fusion-flex-column\" style=\"--awb-bg-size:cover;--awb-width-large:100%;--awb-margin-top-large:0px;--awb-spacing-right-large:1.92%;--awb-margin-bottom-large:40px;--awb-spacing-left-large:1.92%;--awb-width-medium:100%;--awb-order-medium:0;--awb-spacing-right-medium:1.92%;--awb-spacing-left-medium:1.92%;--awb-width-small:100%;--awb-order-small:0;--awb-spacing-right-small:1.92%;--awb-spacing-left-small:1.92%;\"><div class=\"fusion-column-wrapper fusion-column-has-shadow fusion-flex-justify-content-flex-start fusion-content-layout-column\"><div class=\"fusion-text fusion-text-1\"><h2 style=\"text-align: left\">Wir suchen genau SIE!<\/h2>\n<\/div><div class=\"fusion-text fusion-text-2\"><p>Der Verein Tagesfamilien Bezirk Affoltern ist eine Non-Profit-Organisation und setzt sich f\u00fcr eine gute Vermittlung und qualitativ hochstehende Betreuung von Kindern in Tagesfamilien ein. Wir suchen per 1. Juli 2023 oder nach Vereinbarung<\/p>\n<\/div><div class=\"fusion-text fusion-text-3\"><h2 style=\"text-align: left\">2 Vermittlerinnen Tagesfamilien<br \/>\n(ca. 10 -20%, nach Aufwand)<\/h2>\n<h4 style=\"text-align: left\"><a href=\"https:\/\/www.tagesfamilien-aaa.ch\/index.php\/ueberuns\/\">F\u00fcr alle Gemeinden des Bezirks Affoltern am Albis<\/a><\/h4>\n<\/div><div class=\"fusion-text fusion-text-4\"><h3>Ihre Aufgaben<\/h3>\n<ul>\n<li>Sie sind verantwortlich f\u00fcr die Akquisition von Tagesfamilien und Tageskindern, Vermittlung sowie Begleitung von Betreuungsverh\u00e4ltnissen.<\/li>\n<li>Sie informieren und beraten interessierte Eltern und Tagesfamilien, t\u00e4tigen Eignungsabkl\u00e4rungen von Tagesfamilien inklusive Hausbesuche.<\/li>\n<li>Weiter vermitteln und begleiten Sie die Betreuungsverh\u00e4ltnisse. Sie schliessen Vertr\u00e4ge ab und unterst\u00fctzen Tagesfamilien und Eltern w\u00e4hrend des gesamten Betreuungsverh\u00e4ltnisses.<\/li>\n<\/ul>\n<\/div><div class=\"fusion-text fusion-text-5\"><h3>Ihr Profil<\/h3>\n<ul>\n<li>Sie haben eine Beziehung zur Arbeit im sozialen und\/oder p\u00e4dagogischen Bereich.<\/li>\n<li>Sie verf\u00fcgen \u00fcber Erfahrung in der Erziehungsarbeit mit Kindern oder haben eigene Kinder und haben Interesse anderen Entwicklung und F\u00f6rderung. Sie sind belastbar und bewahren auch in hektischen Situationen die n\u00f6tige Ruhe und Gelassenheit. F\u00fcr diese anspruchsvolle Arbeit mit Familien suchen wir eine<br \/>\ninnovative, kontaktfreudige, selbst\u00e4ndige und initiative Person mit hoher Sozialkompetenz.<\/li>\n<li>Sie haben Erfahrung in der Gespr\u00e4chsf\u00fchrung mit Erwachsenen und sind sich der Schweigepflicht bewusst.<\/li>\n<li>Gute Sprachkenntnisse in Deutsch (Muttersprache oder mindestens Niveau C2), sowie PCAnwenderkenntnisse der g\u00e4ngigen Office-Programme sind weitere Voraussetzungen.<\/li>\n<li>Sie wohnen vorzugsweise in einer der betreuenden Gemeinde.<\/li>\n<\/ul>\n<\/div><div class=\"fusion-text fusion-text-6\"><h3>Unser Angebot<\/h3>\n<p>Wir bieten eine sehr selbst\u00e4ndige, interessante und abwechslungsreiche Aufgabe, Aus- und Weiterbildung als Vermittler\/in, Fachaustausch, Supervision sowie fortschrittliche Anstellungsbedingungen.<\/p>\n<\/div><div class=\"fusion-text fusion-text-7\"><h3>Kontakt<\/h3>\n<p>Wir freuen uns auf Ihre Bewerbung an: Verein Tagesfamilien Bezirk Affoltern, 8910 Affoltern am Albis oder per E-Mail an: <a href=\"mailto:stefanie.krueger@tagesfamilien-aaa.ch\">stefanie.krueger@tagesfamilien-aaa.ch<\/a><\/p>\n<\/div><\/div><\/div><\/div><\/div><\/p>\n","protected":false},"excerpt":{"rendered":"","protected":false},"author":40,"featured_media":3114,"comment_status":"open","ping_status":"closed","sticky":false,"template":"","format":"standard","meta":{"footnotes":""},"categories":[41],"tags":[],"class_list":["post-4206","post","type-post","status-publish","format-standard","has-post-thumbnail","hentry","category-angebot"],"yoast_head":"<!-- This site is optimized with the Yoast SEO plugin v27.1.1 - https:\/\/yoast.com\/product\/yoast-seo-wordpress\/ -->\n<title>Stelleninserat_Vermittlerinnen - Tagesfamilien Bezirk Affoltern<\/title>\n<meta name=\"description\" content=\"Tagesmutter, Familie, Betreuung, Kinder, Krippe, familienrg\u00e4nzend, Tagesfamilien, Affoltern am Albis, Bezirk, Kinderbetreuung\" \/>\n<meta name=\"robots\" content=\"index, follow, max-snippet:-1, max-image-preview:large, max-video-preview:-1\" \/>\n<link rel=\"canonical\" href=\"https:\/\/www.tagesfamilien-aaa.ch\/index.php\/2023\/03\/30\/stelleninserat_vermittlerinnen\/\" \/>\n<meta property=\"og:locale\" content=\"de_DE\" \/>\n<meta property=\"og:type\" content=\"article\" \/>\n<meta property=\"og:title\" content=\"Stelleninserat_Vermittlerinnen - Tagesfamilien Bezirk Affoltern\" \/>\n<meta property=\"og:description\" content=\"Tagesmutter, Familie, Betreuung, Kinder, Krippe, familienrg\u00e4nzend, Tagesfamilien, Affoltern am Albis, Bezirk, Kinderbetreuung\" \/>\n<meta property=\"og:url\" content=\"https:\/\/www.tagesfamilien-aaa.ch\/index.php\/2023\/03\/30\/stelleninserat_vermittlerinnen\/\" \/>\n<meta property=\"og:site_name\" content=\"Tagesfamilien Bezirk Affoltern\" \/>\n<meta property=\"article:publisher\" content=\"https:\/\/www.facebook.com\/100000805876953\/posts\/2095824770454365?sfns=mo\" \/>\n<meta property=\"article:published_time\" content=\"2023-03-30T07:02:49+00:00\" \/>\n<meta property=\"article:modified_time\" content=\"2023-09-28T14:50:01+00:00\" \/>\n<meta property=\"og:image\" content=\"https:\/\/www.tagesfamilien-aaa.ch\/wp-content\/uploads\/2020\/12\/unten.jpg\" \/>\n\t<meta property=\"og:image:width\" content=\"560\" \/>\n\t<meta property=\"og:image:height\" content=\"295\" \/>\n\t<meta property=\"og:image:type\" content=\"image\/jpeg\" \/>\n<meta name=\"author\" content=\"Danielle Seimer\" \/>\n<meta name=\"twitter:card\" content=\"summary_large_image\" \/>\n<meta name=\"twitter:label1\" content=\"Verfasst von\" \/>\n\t<meta name=\"twitter:data1\" content=\"Danielle Seimer\" \/>\n\t<meta name=\"twitter:label2\" content=\"Gesch\u00e4tzte Lesezeit\" \/>\n\t<meta name=\"twitter:data2\" content=\"6\u00a0Minuten\" \/>\n<script type=\"application\/ld+json\" class=\"yoast-schema-graph\">{\"@context\":\"https:\/\/schema.org\",\"@graph\":[{\"@type\":\"Article\",\"@id\":\"https:\/\/www.tagesfamilien-aaa.ch\/index.php\/2023\/03\/30\/stelleninserat_vermittlerinnen\/#article\",\"isPartOf\":{\"@id\":\"https:\/\/www.tagesfamilien-aaa.ch\/index.php\/2023\/03\/30\/stelleninserat_vermittlerinnen\/\"},\"author\":{\"name\":\"Danielle Seimer\",\"@id\":\"https:\/\/www.tagesfamilien-aaa.ch\/#\/schema\/person\/73cd6709d978a44f2b399e8d8205bb23\"},\"headline\":\"Stelleninserat_Vermittlerinnen\",\"datePublished\":\"2023-03-30T07:02:49+00:00\",\"dateModified\":\"2023-09-28T14:50:01+00:00\",\"mainEntityOfPage\":{\"@id\":\"https:\/\/www.tagesfamilien-aaa.ch\/index.php\/2023\/03\/30\/stelleninserat_vermittlerinnen\/\"},\"wordCount\":2303,\"commentCount\":0,\"publisher\":{\"@id\":\"https:\/\/www.tagesfamilien-aaa.ch\/#organization\"},\"image\":{\"@id\":\"https:\/\/www.tagesfamilien-aaa.ch\/index.php\/2023\/03\/30\/stelleninserat_vermittlerinnen\/#primaryimage\"},\"thumbnailUrl\":\"https:\/\/www.tagesfamilien-aaa.ch\/wp-content\/uploads\/2020\/12\/unten.jpg\",\"articleSection\":[\"Angebot\"],\"inLanguage\":\"de\",\"potentialAction\":[{\"@type\":\"CommentAction\",\"name\":\"Comment\",\"target\":[\"https:\/\/www.tagesfamilien-aaa.ch\/index.php\/2023\/03\/30\/stelleninserat_vermittlerinnen\/#respond\"]}]},{\"@type\":\"WebPage\",\"@id\":\"https:\/\/www.tagesfamilien-aaa.ch\/index.php\/2023\/03\/30\/stelleninserat_vermittlerinnen\/\",\"url\":\"https:\/\/www.tagesfamilien-aaa.ch\/index.php\/2023\/03\/30\/stelleninserat_vermittlerinnen\/\",\"name\":\"Stelleninserat_Vermittlerinnen - Tagesfamilien Bezirk Affoltern\",\"isPartOf\":{\"@id\":\"https:\/\/www.tagesfamilien-aaa.ch\/#website\"},\"primaryImageOfPage\":{\"@id\":\"https:\/\/www.tagesfamilien-aaa.ch\/index.php\/2023\/03\/30\/stelleninserat_vermittlerinnen\/#primaryimage\"},\"image\":{\"@id\":\"https:\/\/www.tagesfamilien-aaa.ch\/index.php\/2023\/03\/30\/stelleninserat_vermittlerinnen\/#primaryimage\"},\"thumbnailUrl\":\"https:\/\/www.tagesfamilien-aaa.ch\/wp-content\/uploads\/2020\/12\/unten.jpg\",\"datePublished\":\"2023-03-30T07:02:49+00:00\",\"dateModified\":\"2023-09-28T14:50:01+00:00\",\"description\":\"Tagesmutter, Familie, Betreuung, Kinder, Krippe, familienrg\u00e4nzend, Tagesfamilien, Affoltern am Albis, Bezirk, Kinderbetreuung\",\"breadcrumb\":{\"@id\":\"https:\/\/www.tagesfamilien-aaa.ch\/index.php\/2023\/03\/30\/stelleninserat_vermittlerinnen\/#breadcrumb\"},\"inLanguage\":\"de\",\"potentialAction\":[{\"@type\":\"ReadAction\",\"target\":[\"https:\/\/www.tagesfamilien-aaa.ch\/index.php\/2023\/03\/30\/stelleninserat_vermittlerinnen\/\"]}]},{\"@type\":\"ImageObject\",\"inLanguage\":\"de\",\"@id\":\"https:\/\/www.tagesfamilien-aaa.ch\/index.php\/2023\/03\/30\/stelleninserat_vermittlerinnen\/#primaryimage\",\"url\":\"https:\/\/www.tagesfamilien-aaa.ch\/wp-content\/uploads\/2020\/12\/unten.jpg\",\"contentUrl\":\"https:\/\/www.tagesfamilien-aaa.ch\/wp-content\/uploads\/2020\/12\/unten.jpg\",\"width\":560,\"height\":295},{\"@type\":\"BreadcrumbList\",\"@id\":\"https:\/\/www.tagesfamilien-aaa.ch\/index.php\/2023\/03\/30\/stelleninserat_vermittlerinnen\/#breadcrumb\",\"itemListElement\":[{\"@type\":\"ListItem\",\"position\":1,\"name\":\"Startseite\",\"item\":\"https:\/\/www.tagesfamilien-aaa.ch\/\"},{\"@type\":\"ListItem\",\"position\":2,\"name\":\"Stelleninserat_Vermittlerinnen\"}]},{\"@type\":\"WebSite\",\"@id\":\"https:\/\/www.tagesfamilien-aaa.ch\/#website\",\"url\":\"https:\/\/www.tagesfamilien-aaa.ch\/\",\"name\":\"Tagesfamilien Bezirk Affoltern\",\"description\":\"\",\"publisher\":{\"@id\":\"https:\/\/www.tagesfamilien-aaa.ch\/#organization\"},\"potentialAction\":[{\"@type\":\"SearchAction\",\"target\":{\"@type\":\"EntryPoint\",\"urlTemplate\":\"https:\/\/www.tagesfamilien-aaa.ch\/?s={search_term_string}\"},\"query-input\":{\"@type\":\"PropertyValueSpecification\",\"valueRequired\":true,\"valueName\":\"search_term_string\"}}],\"inLanguage\":\"de\"},{\"@type\":\"Organization\",\"@id\":\"https:\/\/www.tagesfamilien-aaa.ch\/#organization\",\"name\":\"Tagesfamilien Bezirk Affoltern\",\"url\":\"https:\/\/www.tagesfamilien-aaa.ch\/\",\"logo\":{\"@type\":\"ImageObject\",\"inLanguage\":\"de\",\"@id\":\"https:\/\/www.tagesfamilien-aaa.ch\/#\/schema\/logo\/image\/\",\"url\":\"https:\/\/www.tagesfamilien-aaa.ch\/wp-content\/uploads\/2019\/01\/TFBA_Logo.jpg\",\"contentUrl\":\"https:\/\/www.tagesfamilien-aaa.ch\/wp-content\/uploads\/2019\/01\/TFBA_Logo.jpg\",\"width\":630,\"height\":270,\"caption\":\"Tagesfamilien Bezirk Affoltern\"},\"image\":{\"@id\":\"https:\/\/www.tagesfamilien-aaa.ch\/#\/schema\/logo\/image\/\"},\"sameAs\":[\"https:\/\/www.facebook.com\/100000805876953\/posts\/2095824770454365?sfns=mo\"]},{\"@type\":\"Person\",\"@id\":\"https:\/\/www.tagesfamilien-aaa.ch\/#\/schema\/person\/73cd6709d978a44f2b399e8d8205bb23\",\"name\":\"Danielle Seimer\",\"image\":{\"@type\":\"ImageObject\",\"inLanguage\":\"de\",\"@id\":\"https:\/\/www.tagesfamilien-aaa.ch\/#\/schema\/person\/image\/\",\"url\":\"\/\/www.gravatar.com\/avatar\/9c43081b6133f24807e3ac5e3021353e?s=96&#038;r=g&#038;d=mm\",\"contentUrl\":\"\/\/www.gravatar.com\/avatar\/9c43081b6133f24807e3ac5e3021353e?s=96&#038;r=g&#038;d=mm\",\"caption\":\"Danielle Seimer\"}}]}<\/script>\n<!-- \/ Yoast SEO plugin. -->","yoast_head_json":{"title":"Stelleninserat_Vermittlerinnen - Tagesfamilien Bezirk Affoltern","description":"Tagesmutter, Familie, Betreuung, Kinder, Krippe, familienrg\u00e4nzend, Tagesfamilien, Affoltern am Albis, Bezirk, Kinderbetreuung","robots":{"index":"index","follow":"follow","max-snippet":"max-snippet:-1","max-image-preview":"max-image-preview:large","max-video-preview":"max-video-preview:-1"},"canonical":"https:\/\/www.tagesfamilien-aaa.ch\/index.php\/2023\/03\/30\/stelleninserat_vermittlerinnen\/","og_locale":"de_DE","og_type":"article","og_title":"Stelleninserat_Vermittlerinnen - Tagesfamilien Bezirk Affoltern","og_description":"Tagesmutter, Familie, Betreuung, Kinder, Krippe, familienrg\u00e4nzend, Tagesfamilien, Affoltern am Albis, Bezirk, Kinderbetreuung","og_url":"https:\/\/www.tagesfamilien-aaa.ch\/index.php\/2023\/03\/30\/stelleninserat_vermittlerinnen\/","og_site_name":"Tagesfamilien Bezirk Affoltern","article_publisher":"https:\/\/www.facebook.com\/100000805876953\/posts\/2095824770454365?sfns=mo","article_published_time":"2023-03-30T07:02:49+00:00","article_modified_time":"2023-09-28T14:50:01+00:00","og_image":[{"width":560,"height":295,"url":"https:\/\/www.tagesfamilien-aaa.ch\/wp-content\/uploads\/2020\/12\/unten.jpg","type":"image\/jpeg"}],"author":"Danielle Seimer","twitter_card":"summary_large_image","twitter_misc":{"Verfasst von":"Danielle Seimer","Gesch\u00e4tzte Lesezeit":"6\u00a0Minuten"},"schema":{"@context":"https:\/\/schema.org","@graph":[{"@type":"Article","@id":"https:\/\/www.tagesfamilien-aaa.ch\/index.php\/2023\/03\/30\/stelleninserat_vermittlerinnen\/#article","isPartOf":{"@id":"https:\/\/www.tagesfamilien-aaa.ch\/index.php\/2023\/03\/30\/stelleninserat_vermittlerinnen\/"},"author":{"name":"Danielle Seimer","@id":"https:\/\/www.tagesfamilien-aaa.ch\/#\/schema\/person\/73cd6709d978a44f2b399e8d8205bb23"},"headline":"Stelleninserat_Vermittlerinnen","datePublished":"2023-03-30T07:02:49+00:00","dateModified":"2023-09-28T14:50:01+00:00","mainEntityOfPage":{"@id":"https:\/\/www.tagesfamilien-aaa.ch\/index.php\/2023\/03\/30\/stelleninserat_vermittlerinnen\/"},"wordCount":2303,"commentCount":0,"publisher":{"@id":"https:\/\/www.tagesfamilien-aaa.ch\/#organization"},"image":{"@id":"https:\/\/www.tagesfamilien-aaa.ch\/index.php\/2023\/03\/30\/stelleninserat_vermittlerinnen\/#primaryimage"},"thumbnailUrl":"https:\/\/www.tagesfamilien-aaa.ch\/wp-content\/uploads\/2020\/12\/unten.jpg","articleSection":["Angebot"],"inLanguage":"de","potentialAction":[{"@type":"CommentAction","name":"Comment","target":["https:\/\/www.tagesfamilien-aaa.ch\/index.php\/2023\/03\/30\/stelleninserat_vermittlerinnen\/#respond"]}]},{"@type":"WebPage","@id":"https:\/\/www.tagesfamilien-aaa.ch\/index.php\/2023\/03\/30\/stelleninserat_vermittlerinnen\/","url":"https:\/\/www.tagesfamilien-aaa.ch\/index.php\/2023\/03\/30\/stelleninserat_vermittlerinnen\/","name":"Stelleninserat_Vermittlerinnen - Tagesfamilien Bezirk Affoltern","isPartOf":{"@id":"https:\/\/www.tagesfamilien-aaa.ch\/#website"},"primaryImageOfPage":{"@id":"https:\/\/www.tagesfamilien-aaa.ch\/index.php\/2023\/03\/30\/stelleninserat_vermittlerinnen\/#primaryimage"},"image":{"@id":"https:\/\/www.tagesfamilien-aaa.ch\/index.php\/2023\/03\/30\/stelleninserat_vermittlerinnen\/#primaryimage"},"thumbnailUrl":"https:\/\/www.tagesfamilien-aaa.ch\/wp-content\/uploads\/2020\/12\/unten.jpg","datePublished":"2023-03-30T07:02:49+00:00","dateModified":"2023-09-28T14:50:01+00:00","description":"Tagesmutter, Familie, Betreuung, Kinder, Krippe, familienrg\u00e4nzend, Tagesfamilien, Affoltern am Albis, Bezirk, Kinderbetreuung","breadcrumb":{"@id":"https:\/\/www.tagesfamilien-aaa.ch\/index.php\/2023\/03\/30\/stelleninserat_vermittlerinnen\/#breadcrumb"},"inLanguage":"de","potentialAction":[{"@type":"ReadAction","target":["https:\/\/www.tagesfamilien-aaa.ch\/index.php\/2023\/03\/30\/stelleninserat_vermittlerinnen\/"]}]},{"@type":"ImageObject","inLanguage":"de","@id":"https:\/\/www.tagesfamilien-aaa.ch\/index.php\/2023\/03\/30\/stelleninserat_vermittlerinnen\/#primaryimage","url":"https:\/\/www.tagesfamilien-aaa.ch\/wp-content\/uploads\/2020\/12\/unten.jpg","contentUrl":"https:\/\/www.tagesfamilien-aaa.ch\/wp-content\/uploads\/2020\/12\/unten.jpg","width":560,"height":295},{"@type":"BreadcrumbList","@id":"https:\/\/www.tagesfamilien-aaa.ch\/index.php\/2023\/03\/30\/stelleninserat_vermittlerinnen\/#breadcrumb","itemListElement":[{"@type":"ListItem","position":1,"name":"Startseite","item":"https:\/\/www.tagesfamilien-aaa.ch\/"},{"@type":"ListItem","position":2,"name":"Stelleninserat_Vermittlerinnen"}]},{"@type":"WebSite","@id":"https:\/\/www.tagesfamilien-aaa.ch\/#website","url":"https:\/\/www.tagesfamilien-aaa.ch\/","name":"Tagesfamilien Bezirk Affoltern","description":"","publisher":{"@id":"https:\/\/www.tagesfamilien-aaa.ch\/#organization"},"potentialAction":[{"@type":"SearchAction","target":{"@type":"EntryPoint","urlTemplate":"https:\/\/www.tagesfamilien-aaa.ch\/?s={search_term_string}"},"query-input":{"@type":"PropertyValueSpecification","valueRequired":true,"valueName":"search_term_string"}}],"inLanguage":"de"},{"@type":"Organization","@id":"https:\/\/www.tagesfamilien-aaa.ch\/#organization","name":"Tagesfamilien Bezirk Affoltern","url":"https:\/\/www.tagesfamilien-aaa.ch\/","logo":{"@type":"ImageObject","inLanguage":"de","@id":"https:\/\/www.tagesfamilien-aaa.ch\/#\/schema\/logo\/image\/","url":"https:\/\/www.tagesfamilien-aaa.ch\/wp-content\/uploads\/2019\/01\/TFBA_Logo.jpg","contentUrl":"https:\/\/www.tagesfamilien-aaa.ch\/wp-content\/uploads\/2019\/01\/TFBA_Logo.jpg","width":630,"height":270,"caption":"Tagesfamilien Bezirk Affoltern"},"image":{"@id":"https:\/\/www.tagesfamilien-aaa.ch\/#\/schema\/logo\/image\/"},"sameAs":["https:\/\/www.facebook.com\/100000805876953\/posts\/2095824770454365?sfns=mo"]},{"@type":"Person","@id":"https:\/\/www.tagesfamilien-aaa.ch\/#\/schema\/person\/73cd6709d978a44f2b399e8d8205bb23","name":"Danielle Seimer","image":{"@type":"ImageObject","inLanguage":"de","@id":"https:\/\/www.tagesfamilien-aaa.ch\/#\/schema\/person\/image\/","url":"\/\/www.gravatar.com\/avatar\/9c43081b6133f24807e3ac5e3021353e?s=96&#038;r=g&#038;d=mm","contentUrl":"\/\/www.gravatar.com\/avatar\/9c43081b6133f24807e3ac5e3021353e?s=96&#038;r=g&#038;d=mm","caption":"Danielle Seimer"}}]}},"_links":{"self":[{"href":"https:\/\/www.tagesfamilien-aaa.ch\/index.php\/wp-json\/wp\/v2\/posts\/4206","targetHints":{"allow":["GET"]}}],"collection":[{"href":"https:\/\/www.tagesfamilien-aaa.ch\/index.php\/wp-json\/wp\/v2\/posts"}],"about":[{"href":"https:\/\/www.tagesfamilien-aaa.ch\/index.php\/wp-json\/wp\/v2\/types\/post"}],"author":[{"embeddable":true,"href":"https:\/\/www.tagesfamilien-aaa.ch\/index.php\/wp-json\/wp\/v2\/users\/40"}],"replies":[{"embeddable":true,"href":"https:\/\/www.tagesfamilien-aaa.ch\/index.php\/wp-json\/wp\/v2\/comments?post=4206"}],"version-history":[{"count":32,"href":"https:\/\/www.tagesfamilien-aaa.ch\/index.php\/wp-json\/wp\/v2\/posts\/4206\/revisions"}],"predecessor-version":[{"id":4240,"href":"https:\/\/www.tagesfamilien-aaa.ch\/index.php\/wp-json\/wp\/v2\/posts\/4206\/revisions\/4240"}],"wp:featuredmedia":[{"embeddable":true,"href":"https:\/\/www.tagesfamilien-aaa.ch\/index.php\/wp-json\/wp\/v2\/media\/3114"}],"wp:attachment":[{"href":"https:\/\/www.tagesfamilien-aaa.ch\/index.php\/wp-json\/wp\/v2\/media?parent=4206"}],"wp:term":[{"taxonomy":"category","embeddable":true,"href":"https:\/\/www.tagesfamilien-aaa.ch\/index.php\/wp-json\/wp\/v2\/categories?post=4206"},{"taxonomy":"post_tag","embeddable":true,"href":"https:\/\/www.tagesfamilien-aaa.ch\/index.php\/wp-json\/wp\/v2\/tags?post=4206"}],"curies":[{"name":"wp","href":"https:\/\/api.w.org\/{rel}","templated":true}]}}